{"id":94917,"date":"2025-06-29T09:08:48","date_gmt":"2025-06-29T12:08:48","guid":{"rendered":"https:\/\/catolicanet.net\/wp-cnet\/?p=94917"},"modified":"2025-06-27T14:10:36","modified_gmt":"2025-06-27T17:10:36","slug":"homilia-solenidade-de-sao-pedro-e-sao-paulo","status":"publish","type":"post","link":"https:\/\/catolicanet.net\/wp-cnet\/homilia-solenidade-de-sao-pedro-e-sao-paulo\/","title":{"rendered":"Homilia \u2013 Solenidade de S\u00e3o Pedro e S\u00e3o Paulo"},"content":{"rendered":"<p style=\"text-align: justify;\">Amados irm\u00e3os e irm\u00e3s em Cristo,<\/p>\n<p style=\"text-align: justify;\">Celebramos hoje, com profunda alegria e rever\u00eancia, a solenidade dos Santos Ap\u00f3stolos Pedro e Paulo, colunas da nossa f\u00e9, testemunhas do Evangelho at\u00e9 o mart\u00edrio, pais espirituais da Igreja de Cristo.<\/p>\n<p style=\"text-align: justify;\">Ambos, t\u00e3o distintos em suas origens e temperamentos, foram unidos pelo mesmo Esp\u00edrito e pela mesma miss\u00e3o: anunciar Jesus Cristo, o Filho de Deus vivo, ao mundo inteiro. Pedro, o pescador da Galileia, impetuoso, generoso, escolhido por Cristo para ser a pedra sobre a qual edificaria sua Igreja. Paulo, o fariseu de Tarso, erudito, ex-perseguidor da Igreja, tornado ap\u00f3stolo por um encontro pessoal com o Ressuscitado no caminho de Damasco.<\/p>\n<p style=\"text-align: justify;\">A Liturgia da Palavra deste dia nos ajuda a compreender a grandeza do testemunho desses dois homens. A primeira leitura \u2013 At 12,1-11 \u2013 nos mostra Pedro libertado milagrosamente da pris\u00e3o. Deus interv\u00e9m quando tudo parecia perdido, mostrando que a miss\u00e3o que confiou a Pedro n\u00e3o pode ser detida pelas correntes do mundo. Pedro, que em outro tempo temeu e negou o Senhor, agora \u00e9 firme na f\u00e9 e entrega sua vida pelo Evangelho.<\/p>\n<p style=\"text-align: justify;\">Na segunda leitura \u2013 2Tm 4,6-8.17-18 \u2013 ouvimos as \u00faltimas palavras de Paulo, na segunda carta a Tim\u00f3teo, como um testamento de f\u00e9: <em>\u201cCombati o bom combate, terminei a minha carreira, guardei a f\u00e9\u201d<\/em>. S\u00e3o palavras de quem viveu para Cristo e sofreu por Ele, mas sempre sustentado pelo Senhor que esteve ao seu lado. Ele, que percorreu o mundo greco-romano, fundando comunidades e enfrentando persegui\u00e7\u00f5es, se entrega inteiramente ao Cristo que um dia o transformou.<\/p>\n<p style=\"text-align: justify;\">No Evangelho \u2013 Mt 16,13-19 \u2013 Jesus pergunta: <em>\u201cE v\u00f3s, quem dizeis que eu sou?\u201d<\/em> Pedro, iluminado pelo Pai, responde com f\u00e9: <em>\u201cTu \u00e9s o Cristo, o Filho do Deus vivo\u201d<\/em>. \u00c9 sobre essa f\u00e9 que Cristo edifica sua Igreja. A f\u00e9 de Pedro n\u00e3o \u00e9 perfeita, como sabemos, mas \u00e9 uma f\u00e9 sincera, aberta \u00e0 a\u00e7\u00e3o de Deus, capaz de convers\u00e3o e de coragem. A ele s\u00e3o confiadas as chaves do Reino: autoridade, sim, mas tamb\u00e9m responsabilidade e servi\u00e7o.<\/p>\n<p style=\"text-align: justify;\">Pedro representa a unidade da Igreja. Paulo, o seu impulso mission\u00e1rio. Pedro nos fala da fidelidade \u00e0 tradi\u00e7\u00e3o recebida de Cristo. Paulo, da criatividade e ousadia no an\u00fancio do Evangelho \u00e0s novas culturas. Pedro nos convida \u00e0 comunh\u00e3o. Paulo, \u00e0 evangeliza\u00e7\u00e3o. Unidos, nos recordam que a Igreja s\u00f3 \u00e9 fiel a Cristo quando guarda a f\u00e9 com Pedro e anuncia o Evangelho com Paulo.<\/p>\n<p style=\"text-align: justify;\">Queridos irm\u00e3os e irm\u00e3s, nesta solenidade somos convidados a renovar a nossa fidelidade a Cristo, a partir do exemplo desses dois grandes ap\u00f3stolos. Fomos tamb\u00e9m n\u00f3s chamados a professar com a vida que Jesus \u00e9 o Cristo, o Filho de Deus vivo. Somos Igreja que caminha sobre a rocha da f\u00e9 apost\u00f3lica, mas que tamb\u00e9m se lan\u00e7a \u00e0s periferias, como Paulo, levando a Palavra onde ela ainda n\u00e3o foi proclamada.<\/p>\n<p style=\"text-align: justify;\">Rezemos hoje pelo Papa, sucessor de Pedro, sinal vis\u00edvel da unidade da Igreja. Que Deus o fortale\u00e7a em sua miss\u00e3o. Deus aben\u00e7oe sempre o j\u00e1 amado Papa Le\u00e3o XIV. Rezemos, tamb\u00e9m, por todos os mission\u00e1rios e mission\u00e1rias que, \u00e0 semelhan\u00e7a de Paulo, anunciam o Evangelho com coragem e alegria, muitas vezes em contextos dif\u00edceis.<\/p>\n<p style=\"text-align: justify;\">N\u00e3o nos esque\u00e7amos de colaborar com o Papa com a Coleta do \u00d3bolo de S\u00e3o Pedro. Com nossa ajuda o Papa Le\u00e3o XIV poder\u00e1 ajudar muitas situa\u00e7\u00f5es nas Dioceses mais pobres e distantes do mundo. Al\u00e9m disso o Papa sempre socorre as situa\u00e7\u00f5es de cat\u00e1strofes por todo o mundo!<\/p>\n<p style=\"text-align: justify;\">E que n\u00f3s, mesmo com nossas fragilidades, saibamos responder com coragem e fidelidade ao chamado de Cristo, lembrando sempre que, como Pedro e Paulo, o Senhor tamb\u00e9m tem um plano para n\u00f3s e deseja fazer maravilhas em nossas vidas.<\/p>\n<p style=\"text-align: justify;\">S\u00e3o Pedro e S\u00e3o Paulo, rogai por n\u00f3s!<\/p>\n","protected":false},"excerpt":{"rendered":"<p>Amados irm\u00e3os e irm\u00e3s em Cristo, Celebramos hoje, com profunda alegria e rever\u00eancia, a solenidade dos Santos Ap\u00f3stolos Pedro e Paulo, colunas da nossa f\u00e9, testemunhas do Evangelho at\u00e9 o mart\u00edrio, pais espirituais da Igreja de Cristo. Ambos, t\u00e3o distintos em suas origens e temperamentos, foram unidos pelo mesmo Esp\u00edrito e pela mesma miss\u00e3o: anunciar [&hellip;]<\/p>\n","protected":false},"author":53272,"featured_media":92837,"comment_status":"open","ping_status":"closed","sticky":false,"template":"","format":"standard","meta":{"footnotes":""},"categories":[9],"tags":[],"class_list":["post-94917","post","type-post","status-publish","format-standard","has-post-thumbnail","hentry","category-artigos"],"_links":{"self":[{"href":"https:\/\/catolicanet.net\/wp-cnet\/wp-json\/wp\/v2\/posts\/94917","targetHints":{"allow":["GET"]}}],"collection":[{"href":"https:\/\/catolicanet.net\/wp-cnet\/wp-json\/wp\/v2\/posts"}],"about":[{"href":"https:\/\/catolicanet.net\/wp-cnet\/wp-json\/wp\/v2\/types\/post"}],"author":[{"embeddable":true,"href":"https:\/\/catolicanet.net\/wp-cnet\/wp-json\/wp\/v2\/users\/53272"}],"replies":[{"embeddable":true,"href":"https:\/\/catolicanet.net\/wp-cnet\/wp-json\/wp\/v2\/comments?post=94917"}],"version-history":[{"count":1,"href":"https:\/\/catolicanet.net\/wp-cnet\/wp-json\/wp\/v2\/posts\/94917\/revisions"}],"predecessor-version":[{"id":94918,"href":"https:\/\/catolicanet.net\/wp-cnet\/wp-json\/wp\/v2\/posts\/94917\/revisions\/94918"}],"wp:featuredmedia":[{"embeddable":true,"href":"https:\/\/catolicanet.net\/wp-cnet\/wp-json\/wp\/v2\/media\/92837"}],"wp:attachment":[{"href":"https:\/\/catolicanet.net\/wp-cnet\/wp-json\/wp\/v2\/media?parent=94917"}],"wp:term":[{"taxonomy":"category","embeddable":true,"href":"https:\/\/catolicanet.net\/wp-cnet\/wp-json\/wp\/v2\/categories?post=94917"},{"taxonomy":"post_tag","embeddable":true,"href":"https:\/\/catolicanet.net\/wp-cnet\/wp-json\/wp\/v2\/tags?post=94917"}],"curies":[{"name":"wp","href":"https:\/\/api.w.org\/{rel}","templated":true}]}}