{"id":94892,"date":"2025-06-24T10:52:56","date_gmt":"2025-06-24T13:52:56","guid":{"rendered":"https:\/\/catolicanet.net\/wp-cnet\/?p=94892"},"modified":"2025-06-24T10:52:56","modified_gmt":"2025-06-24T13:52:56","slug":"jubileu-dos-jovens-promovido-pela-comissao-para-a-juventude-da-cnbb-acontece-em-aparecida-de-3-a-6-de-setembro","status":"publish","type":"post","link":"https:\/\/catolicanet.net\/wp-cnet\/jubileu-dos-jovens-promovido-pela-comissao-para-a-juventude-da-cnbb-acontece-em-aparecida-de-3-a-6-de-setembro\/","title":{"rendered":"Jubileu dos Jovens, promovido pela Comiss\u00e3o para a Juventude da CNBB, acontece em Aparecida de 3 a 6 de setembro"},"content":{"rendered":"<p style=\"text-align: justify;\">O Maior Santu\u00e1rio Mariano do Brasil, em Aparecida (SP), ser\u00e1 entre os dias 3 e 6 de setembro de 2025, o principal destino da juventude brasileira. O Jubileu dos Jovens, promovido pela Comiss\u00e3o Episcopal para a Juventude CNBB, integra as celebra\u00e7\u00f5es do Ano Santo com o tema \u201cPeregrinos da Esperan\u00e7a\u201d. A programa\u00e7\u00e3o inclui encontros formativos, semin\u00e1rio de comunica\u00e7\u00e3o e a tradicional Romaria Nacional da Juventude, no Santu\u00e1rio Nacional.<\/p>\n<p style=\"text-align: justify;\">A iniciativa busca reunir jovens de todas as regi\u00f5es do pa\u00eds em um caminho de f\u00e9, comunh\u00e3o e forma\u00e7\u00e3o. As atividades ocorrer\u00e3o no audit\u00f3rio do Santu\u00e1rio Nacional de Aparecida e no Centro de Eventos Padre V\u00edtor Coelho de Almeida.<\/p>\n<h3 style=\"text-align: justify;\"><b>Encontro nacional de lideran\u00e7as<\/b><\/h3>\n<p style=\"text-align: justify;\">A programa\u00e7\u00e3o come\u00e7a no dia 3, com o\u00a0Encontro Nacional de Respons\u00e1veis Diocesanos, Assessores e L\u00edderes Jovens\u00a0(RDJ2025), que segue at\u00e9 5 de setembro. A atividade ser\u00e1 realizada no audit\u00f3rio do subsolo do Santu\u00e1rio Nacional. O objetivo \u00e9 oferecer espa\u00e7o de forma\u00e7\u00e3o, escuta e planejamento conjunto entre as lideran\u00e7as que atuam na pastoral juvenil em n\u00edvel diocesano.<\/p>\n<p style=\"text-align: justify;\">Durante os tr\u00eas dias, os participantes refletir\u00e3o sobre os desafios da evangeliza\u00e7\u00e3o da juventude, a sinodalidade na a\u00e7\u00e3o pastoral e o papel dos jovens no contexto social e eclesial. A programa\u00e7\u00e3o incluir\u00e1 momentos de espiritualidade, oficinas e partilha de experi\u00eancias regionais.<\/p>\n<h3 style=\"text-align: justify;\"><b>Semin\u00e1rio de Comunica\u00e7\u00e3o<\/b><\/h3>\n<p style=\"text-align: justify;\">No dia 5 de setembro, ocorrer\u00e1 o RISE UP:\u00a03\u00ba Semin\u00e1rio de Jovens Comunicadores, tamb\u00e9m no audit\u00f3rio do subsolo. Voltado aos jovens que atuam com comunica\u00e7\u00e3o social (m\u00eddias sociais, jornalismo, designer, etc) e evangeliza\u00e7\u00e3o digital, o encontro pretende formar jovens comprometidos com a comunica\u00e7\u00e3o \u00e9tica e evangelizadora, em sintonia com as diretrizes da Igreja.<\/p>\n<p style=\"text-align: justify;\">As atividades do semin\u00e1rio abordar\u00e3o temas como produ\u00e7\u00e3o de conte\u00fado, redes sociais, intelig\u00eancia artificial e miss\u00e3o digital.<\/p>\n<h3 style=\"text-align: justify;\"><b>Romaria Nacional da Juventude<\/b><\/h3>\n<p style=\"text-align: justify;\">O ponto alto do Jubileu ser\u00e1 no s\u00e1bado, 6 de setembro, com a\u00a0<b>Romaria Nacional da Juventude<\/b>. A expectativa \u00e9 reunir milhares de jovens de diversas dioceses para um dia de celebra\u00e7\u00e3o e testemunho da f\u00e9, marcado por missas, momentos de ora\u00e7\u00e3o, catequeses e atividades culturais.<\/p>\n<p style=\"text-align: justify;\">A programa\u00e7\u00e3o se concentrar\u00e1 no Centro de Eventos do Santu\u00e1rio Nacional, com prociss\u00e3o ao longo da esplanada. A Romaria \u00e9 considerada a maior express\u00e3o da unidade da juventude cat\u00f3lica brasileira.<\/p>\n<h3 style=\"text-align: justify;\"><b>Participa\u00e7\u00e3o e inscri\u00e7\u00f5es<\/b><\/h3>\n<p style=\"text-align: justify;\">As inscri\u00e7\u00f5es est\u00e3o abertas:<a href=\"https:\/\/app.ciaticket.com.br\/evento\/jubileu-das-juventudes-03-09-2025-1127\" target=\"_blank\" rel=\"noopener\">\u00a0app.ciaticket.com.br\/evento\/jubileu-das-juventudes-03-09-2025-1127<\/a>. Cada diocese \u00e9 incentivada a organizar caravanas.<\/p>\n<h3 style=\"text-align: justify;\"><b>Caminho sinodal e compromisso com a esperan\u00e7a<\/b><\/h3>\n<p style=\"text-align: justify;\">O Jubileu dos Jovens \u00e9 parte do caminho sinodal da Igreja, que convida todos os fi\u00e9is a viverem a esperan\u00e7a como virtude crist\u00e3 e compromisso com a transforma\u00e7\u00e3o da realidade. Para a juventude, trata-se de uma oportunidade de renovar a f\u00e9, assumir o protagonismo juvenil e aprofundar a identidade como disc\u00edpulos mission\u00e1rios.<\/p>\n<p style=\"text-align: justify;\">Em Aparecida, os jovens ser\u00e3o acolhidos na Casa da M\u00e3e, confiando \u00e0 intercess\u00e3o de Nossa Senhora os desafios e esperan\u00e7as.<\/p>\n<p style=\"text-align: justify;\">\n<p style=\"text-align: justify;\">\n<pre>Por Jovens Conectados<\/pre>\n","protected":false},"excerpt":{"rendered":"<p>O Maior Santu\u00e1rio Mariano do Brasil, em Aparecida (SP), ser\u00e1 entre os dias 3 e 6 de setembro de 2025, o principal destino da juventude brasileira. O Jubileu dos Jovens, promovido pela Comiss\u00e3o Episcopal para a Juventude CNBB, integra as celebra\u00e7\u00f5es do Ano Santo com o tema \u201cPeregrinos da Esperan\u00e7a\u201d. A programa\u00e7\u00e3o inclui encontros formativos, [&hellip;]<\/p>\n","protected":false},"author":1,"featured_media":94893,"comment_status":"open","ping_status":"closed","sticky":false,"template":"","format":"standard","meta":{"footnotes":""},"categories":[7],"tags":[],"class_list":["post-94892","post","type-post","status-publish","format-standard","has-post-thumbnail","hentry","category-cnbb"],"_links":{"self":[{"href":"https:\/\/catolicanet.net\/wp-cnet\/wp-json\/wp\/v2\/posts\/94892","targetHints":{"allow":["GET"]}}],"collection":[{"href":"https:\/\/catolicanet.net\/wp-cnet\/wp-json\/wp\/v2\/posts"}],"about":[{"href":"https:\/\/catolicanet.net\/wp-cnet\/wp-json\/wp\/v2\/types\/post"}],"author":[{"embeddable":true,"href":"https:\/\/catolicanet.net\/wp-cnet\/wp-json\/wp\/v2\/users\/1"}],"replies":[{"embeddable":true,"href":"https:\/\/catolicanet.net\/wp-cnet\/wp-json\/wp\/v2\/comments?post=94892"}],"version-history":[{"count":1,"href":"https:\/\/catolicanet.net\/wp-cnet\/wp-json\/wp\/v2\/posts\/94892\/revisions"}],"predecessor-version":[{"id":94895,"href":"https:\/\/catolicanet.net\/wp-cnet\/wp-json\/wp\/v2\/posts\/94892\/revisions\/94895"}],"wp:featuredmedia":[{"embeddable":true,"href":"https:\/\/catolicanet.net\/wp-cnet\/wp-json\/wp\/v2\/media\/94893"}],"wp:attachment":[{"href":"https:\/\/catolicanet.net\/wp-cnet\/wp-json\/wp\/v2\/media?parent=94892"}],"wp:term":[{"taxonomy":"category","embeddable":true,"href":"https:\/\/catolicanet.net\/wp-cnet\/wp-json\/wp\/v2\/categories?post=94892"},{"taxonomy":"post_tag","embeddable":true,"href":"https:\/\/catolicanet.net\/wp-cnet\/wp-json\/wp\/v2\/tags?post=94892"}],"curies":[{"name":"wp","href":"https:\/\/api.w.org\/{rel}","templated":true}]}}