{"id":94876,"date":"2025-06-24T10:44:32","date_gmt":"2025-06-24T13:44:32","guid":{"rendered":"https:\/\/catolicanet.net\/wp-cnet\/?p=94876"},"modified":"2025-06-24T10:44:32","modified_gmt":"2025-06-24T13:44:32","slug":"aos-seminaristas-papa-indica-oracao-e-discernimento-contra-o-narcisismo","status":"publish","type":"post","link":"https:\/\/catolicanet.net\/wp-cnet\/aos-seminaristas-papa-indica-oracao-e-discernimento-contra-o-narcisismo\/","title":{"rendered":"Aos seminaristas, Papa indica ora\u00e7\u00e3o e discernimento contra o narcisismo"},"content":{"rendered":"<div class=\"article__subTitle\" style=\"text-align: justify;\">Seminaristas de v\u00e1rias partes do mundo acolheram o Pont\u00edfice cantando em coro &#8220;Papa Leone&#8221;. O Santo Padre advertiu para o perigo do narcisismo, da superficialidade, da hipocrisia e da sede de poder. E aconselhou dois caminhos: a ora\u00e7\u00e3o e o discernimento, para que se assemelhem sempre mais a Cristo.<\/div>\n<div class=\"title__separator\" style=\"text-align: justify;\"><\/div>\n<div class=\"article__text\">\n<p style=\"text-align: justify;\"><b>Bianca Fraccalvieri &#8211; Vatican News<\/b><\/p>\n<p style=\"text-align: justify;\">N\u00e3o s\u00f3 peregrinos, mas testemunhas de esperan\u00e7a: o Papa se reuniu com milhares de seminaristas na Bas\u00edlica de S\u00e3o Pedro presentes em Roma para o seu Jubileu, juntamente com seus formadores.<\/p>\n<p style=\"text-align: justify;\">A eles, Le\u00e3o XIV fez uma medita\u00e7\u00e3o, na qual agradeceu por terem dito seu &#8220;sim&#8221;, com humildade e coragem, a essa aventura fascinante da voca\u00e7\u00e3o sacerdotal num tempo n\u00e3o f\u00e1cil: &#8220;Obrigado, porque com essa energia voc\u00eas alimentam a chama da esperan\u00e7a na vida da Igreja!&#8221;.<\/p>\n<p style=\"text-align: justify;\">Jesus, afirmou, chama os seminaristas a viverem uma experi\u00eancia de amizade com Ele, uma experi\u00eancia destinada a crescer de modo permanente mesmo depois da ordena\u00e7\u00e3o, de modo que se tornem pessoas e sacerdotes felizes, pontes e n\u00e3o obst\u00e1culos para os outros ao encontro com Cristo. Nesta caminhada, \u00e9 importante dirigir toda a aten\u00e7\u00e3o para o centro, isto \u00e9, o cora\u00e7\u00e3o.<\/p>\n<div style=\"text-align: justify;\">\n<div class=\"article__embed article__embed--border embed_style\">\n<blockquote><p>\u201cO semin\u00e1rio deve ser uma escola dos afetos. Hoje de modo especial, num contexto social e cultural marcado pelo conflito e pelo narcisismo, precisamos aprender a amar e faz\u00ea-lo como Jesus. Assim como Cristo amou com cora\u00e7\u00e3o de homem, voc\u00eas s\u00e3o chamados a amar com o Cora\u00e7\u00e3o de Cristo!\u201d<\/p><\/blockquote>\n<\/div>\n<\/div>\n<div style=\"text-align: justify;\">\n<div class=\"article__embed article__embed--unwrap article__embed--photo\">\n<figure><picture><img decoding=\"async\" class=\"loaded\" title=\"Papa foi acolhido com muita festa pelos seminaristas\" src=\"https:\/\/www.vaticannews.va\/content\/dam\/vaticannews\/agenzie\/images\/srv\/2025\/06\/24\/2025-06-24-meditazione-ai-partecipanti-al-giubileo-dei-seminaris\/1750758146817.JPG\/_jcr_content\/renditions\/cq5dam.thumbnail.cropped.750.422.jpeg\" alt=\"Papa foi acolhido com muita festa pelos seminaristas\" data-original=\"\/content\/dam\/vaticannews\/agenzie\/images\/srv\/2025\/06\/24\/2025-06-24-meditazione-ai-partecipanti-al-giubileo-dei-seminaris\/1750758146817.JPG\/_jcr_content\/renditions\/cq5dam.thumbnail.cropped.750.422.jpeg\" data-was-processed=\"true\" \/><\/picture><\/figure>\n<div class=\"photo_embed--Title\">Papa foi acolhido com muita festa pelos seminaristas \u00a0 (@Vatican Media)<\/div>\n<\/div>\n<\/div>\n<h2 style=\"text-align: justify;\">Que os seminaristas tenham &#8220;perfume de Evangelho&#8221;<\/h2>\n<p style=\"text-align: justify;\">Para isso, acrescentou o Pont\u00edfice, \u00e9 preciso trabalhar a pr\u00f3pria interioridade, onde Deus faz ouvir a sua voz e de onde saem as decis\u00f5es mais profundas. \u00c9 um local de tens\u00f5es e lutas, que devem ser convertidas para que toda a humanidade dos candidatos ao sacerd\u00f3cio &#8220;perfume de Evangelho&#8221;. Cuidando das feridas do pr\u00f3prio cora\u00e7\u00e3o, os seminaristas aprender\u00e3o a estar ao lado de quem sofre. &#8220;Sem a vida\u00a0interior n\u00e3o \u00e9 poss\u00edvel nem mesmo a vida espiritual, porque Deus nos fala exatamente ali, no cora\u00e7\u00e3o.&#8221;<\/p>\n<p style=\"text-align: justify;\">Aprendendo a conhecer o pr\u00f3prio cora\u00e7\u00e3o, acrescentou, n\u00e3o ser\u00e1 necess\u00e1rio usar m\u00e1scaras, bastar\u00e1 seguir o caminho da ora\u00e7\u00e3o, que conduz \u00e0 interioridade. &#8220;Num per\u00edodo onde estamos hiperconectados, se torna sempre mais dif\u00edcil fazer a experi\u00eancia do sil\u00eancio e da solid\u00e3o. Sem o encontro com Ele, n\u00e3o conseguimos nem mesmo conhecer verdadeiramente a n\u00f3s mesmos.&#8221;<\/p>\n<p style=\"text-align: justify;\">O convite de Le\u00e3o XIV \u00e9 invocar com frequ\u00eancia o Esp\u00edrito Santo, para que plasme um cora\u00e7\u00e3o d\u00f3cil, capaz de colher a presen\u00e7a de Deus ouvindo tamb\u00e9m as vozes da natureza, da arte e da cultura e, com elas, os desafios do tempo atual, como a intelig\u00eancia artificial e as redes sociais. De modo especial, como fazia Jesus, saber ouvir o clamor dos pobres e oprimidos e dos jovens que buscam um sentido para a pr\u00f3pria vida.<\/p>\n<div style=\"text-align: justify;\">\n<div class=\"article__embed article__embed--unwrap article__embed--photo\">\n<figure><picture><img decoding=\"async\" class=\"loaded\" title=\"Ao final da medita\u00e7\u00e3o, o Papa saudou os presentes\" src=\"https:\/\/www.vaticannews.va\/content\/dam\/vaticannews\/agenzie\/images\/srv\/2025\/06\/24\/2025-06-24-meditazione-ai-partecipanti-al-giubileo-dei-seminaris\/1750760818265.JPG\/_jcr_content\/renditions\/cq5dam.thumbnail.cropped.750.422.jpeg\" alt=\"Ao final da medita\u00e7\u00e3o, o Papa saudou os presentes\" data-original=\"\/content\/dam\/vaticannews\/agenzie\/images\/srv\/2025\/06\/24\/2025-06-24-meditazione-ai-partecipanti-al-giubileo-dei-seminaris\/1750760818265.JPG\/_jcr_content\/renditions\/cq5dam.thumbnail.cropped.750.422.jpeg\" data-was-processed=\"true\" \/><\/picture><\/figure>\n<div class=\"photo_embed--Title\">Ao final da medita\u00e7\u00e3o, o Papa saudou os presentes \u00a0 (@Vatican Media)<\/div>\n<\/div>\n<\/div>\n<h2 style=\"text-align: justify;\">Gratid\u00e3o e generosidade para combater a sede de poder<\/h2>\n<p style=\"text-align: justify;\">Al\u00e9m de cuidar do cora\u00e7\u00e3o, os seminaristas devem aprender tamb\u00e9m a arte do\u00a0discernimento. E o Papa pediu que n\u00e3o sejam superficiais, questionando: o que estou vivendo me ensina? Para onde o Senhor est\u00e1 me guiando?<\/p>\n<p style=\"text-align: justify;\">&#8220;Car\u00edssimos, tenham um cora\u00e7\u00e3o manso e humilde como o de Jesus. A exemplo do ap\u00f3stolo Paulo, voc\u00eas possam assumir os sentimentos de Cristo, para progredir na maturidade humana, sobretudo afetiva e relacional. \u00c9 importante, ou melhor, necess\u00e1rio, desde o semin\u00e1rio, investir no amadurecimento humano, rejeitando todo disfarce e hipocrisia. Mantendo o olhar fixo em Jesus, \u00e9 preciso aprender a dar nome e voz tamb\u00e9m \u00e0 tristeza, ao medo, \u00e0 ang\u00fastia, \u00e0 indigna\u00e7\u00e3o, levando tudo para a rela\u00e7\u00e3o com Deus. As crises, os limites, as fragilidades n\u00e3o devem ser escondidos, s\u00e3o antes ocasi\u00f5es de gra\u00e7a e de experi\u00eancia pascal.&#8221;<\/p>\n<p style=\"text-align: justify;\">Em um mundo onde muitas vezes h\u00e1 ingratid\u00e3o e sede de poder, disse ainda o Papa, onde por vezes parece prevalecer a l\u00f3gica do desperd\u00edcio, os seminaristas s\u00e3o chamados a testemunhar a gratid\u00e3o e a generosidade de Cristo, a exult\u00e2ncia e a alegria, a ternura e a miseric\u00f3rdia do seu Cora\u00e7\u00e3o; a praticar o estilo de acolhida e proximidade, de servi\u00e7o generoso e desinteressado.<\/p>\n<p style=\"text-align: justify;\">Le\u00e3o XIV concluiu fazendo votos de que os seminaristas percorram esse caminho sem especula\u00e7\u00f5es,\u00a0sem nunca se acomodar sendo apenas receptores passivos, mas que se apaixonem pela vida sacerdotal, vivendo o presente e olhando para o futuro com um cora\u00e7\u00e3o prof\u00e9tico. Pediu ainda que o pr\u00f3prio cora\u00e7\u00e3o se assemelhe sempre mais aos sentimentos do Cora\u00e7\u00e3o de Cristo: &#8220;Aquele Cora\u00e7\u00e3o que pulsa de amor por voc\u00eas e pela humanidade. Bom caminho!&#8221;<\/p>\n<\/div>\n","protected":false},"excerpt":{"rendered":"<p>Seminaristas de v\u00e1rias partes do mundo acolheram o Pont\u00edfice cantando em coro &#8220;Papa Leone&#8221;. O Santo Padre advertiu para o perigo do narcisismo, da superficialidade, da hipocrisia e da sede de poder. E aconselhou dois caminhos: a ora\u00e7\u00e3o e o discernimento, para que se assemelhem sempre mais a Cristo. Bianca Fraccalvieri &#8211; Vatican News N\u00e3o [&hellip;]<\/p>\n","protected":false},"author":1,"featured_media":94877,"comment_status":"open","ping_status":"closed","sticky":false,"template":"","format":"standard","meta":{"footnotes":""},"categories":[13,3],"tags":[],"class_list":["post-94876","post","type-post","status-publish","format-standard","has-post-thumbnail","hentry","category-featured","category-vaticano"],"_links":{"self":[{"href":"https:\/\/catolicanet.net\/wp-cnet\/wp-json\/wp\/v2\/posts\/94876","targetHints":{"allow":["GET"]}}],"collection":[{"href":"https:\/\/catolicanet.net\/wp-cnet\/wp-json\/wp\/v2\/posts"}],"about":[{"href":"https:\/\/catolicanet.net\/wp-cnet\/wp-json\/wp\/v2\/types\/post"}],"author":[{"embeddable":true,"href":"https:\/\/catolicanet.net\/wp-cnet\/wp-json\/wp\/v2\/users\/1"}],"replies":[{"embeddable":true,"href":"https:\/\/catolicanet.net\/wp-cnet\/wp-json\/wp\/v2\/comments?post=94876"}],"version-history":[{"count":1,"href":"https:\/\/catolicanet.net\/wp-cnet\/wp-json\/wp\/v2\/posts\/94876\/revisions"}],"predecessor-version":[{"id":94879,"href":"https:\/\/catolicanet.net\/wp-cnet\/wp-json\/wp\/v2\/posts\/94876\/revisions\/94879"}],"wp:featuredmedia":[{"embeddable":true,"href":"https:\/\/catolicanet.net\/wp-cnet\/wp-json\/wp\/v2\/media\/94877"}],"wp:attachment":[{"href":"https:\/\/catolicanet.net\/wp-cnet\/wp-json\/wp\/v2\/media?parent=94876"}],"wp:term":[{"taxonomy":"category","embeddable":true,"href":"https:\/\/catolicanet.net\/wp-cnet\/wp-json\/wp\/v2\/categories?post=94876"},{"taxonomy":"post_tag","embeddable":true,"href":"https:\/\/catolicanet.net\/wp-cnet\/wp-json\/wp\/v2\/tags?post=94876"}],"curies":[{"name":"wp","href":"https:\/\/api.w.org\/{rel}","templated":true}]}}