{"id":94862,"date":"2025-06-16T09:58:50","date_gmt":"2025-06-16T12:58:50","guid":{"rendered":"https:\/\/catolicanet.net\/wp-cnet\/?p=94862"},"modified":"2025-06-16T16:06:48","modified_gmt":"2025-06-16T19:06:48","slug":"papa-aos-bispos-de-madagascar-nao-desviem-o-olhar-dos-pobres","status":"publish","type":"post","link":"https:\/\/catolicanet.net\/wp-cnet\/papa-aos-bispos-de-madagascar-nao-desviem-o-olhar-dos-pobres\/","title":{"rendered":"Papa aos bispos de Madagascar: n\u00e3o desviem o olhar dos pobres"},"content":{"rendered":"<figure class=\"article__image\" style=\"text-align: justify;\"><span class=\"didascalia_img\">Papa Le\u00e3o XIV recebe bispos de Madagascar\u00a0 (@Vatican Media)<\/span><\/figure>\n<div class=\"article__meta audioInside\" data-mediatype=\"\">\n<div class=\"article__subTitle\" style=\"text-align: justify;\">O Papa Le\u00e3o XIV, recebeu na manh\u00e3 desta segunda-feira, no Vaticano os bispos da Igreja de Madag\u00e1scar, vindos a Roma em peregrina\u00e7\u00e3o jubilar. \u201c\u00c9 o nosso primeiro encontro\u201d, disse o Santo Padre.<\/div>\n<div class=\"title__separator\" style=\"text-align: justify;\"><\/div>\n<div class=\"article__text\">\n<p style=\"text-align: justify;\"><b>Silvonei Jos\u00e9 \u2013 Vatican News<\/b><\/p>\n<p style=\"text-align: justify;\">\u201cExorto voc\u00eas a n\u00e3o desviarem o olhar dos pobres: eles est\u00e3o no centro do Evangelho e s\u00e3o os destinat\u00e1rios privilegiados do an\u00fancio da Boa Nova\u201d: foi o que disse o Papa Le\u00e3o XIV, acolhendo na manh\u00e3 desta segunda-feira os pastores da Igreja de Madagascar, vindos a Roma em peregrina\u00e7\u00e3o jubilar. O Santo Padre disse que este encontro tinha para ele um significado particular, \u201cporque \u00e9 o nosso primeiro encontro\u201d, acrescentando sua admira\u00e7\u00e3o pela decis\u00e3o de virem todos juntos a Roma, como bispos de Madagascar.<\/p>\n<div style=\"text-align: justify;\">\n<div class=\"article__embed article__embed--unwrap article__embed--dark\">\n<div class=\"article__innerTitle\">Ou\u00e7a e compartilhe<\/div>\n<div>\n<audio class=\"wp-audio-shortcode\" id=\"audio-94862-1\" preload=\"none\" style=\"width: 100%;\" controls=\"controls\"><source type=\"audio\/mpeg\" src=\"https:\/\/media.vaticannews.va\/media\/audio\/s1\/2025\/06\/16\/11\/138703329_F138703329.mp3?_=1\" \/><a href=\"https:\/\/media.vaticannews.va\/media\/audio\/s1\/2025\/06\/16\/11\/138703329_F138703329.mp3\">https:\/\/media.vaticannews.va\/media\/audio\/s1\/2025\/06\/16\/11\/138703329_F138703329.mp3<\/a><\/audio>\n<\/div>\n<\/div>\n<\/div>\n<p style=\"text-align: justify;\">\u201c\u00c9 um belo sinal de unidade, recordou Le\u00e3o XIV, citando Papa Francisco, \u201cque sentimos espiritualmente presente neste momento\u201d. \u201cEle visitou o seu pa\u00eds em 2019 e, tr\u00eas anos depois, os acolheu em\u00a0<i>Visita ad limina Apostolorum<\/i>. Desta vez, \u00e9 o Jubileu, o Ano de gra\u00e7a proclamado pelo Senhor Jesus, que os convocou\u201d.<\/p>\n<p style=\"text-align: justify;\">O Santo Padre destacou em seguida que \u00e9 muito bonito que eles tenham se tornado peregrinos da esperan\u00e7a, juntamente com os milhares e milhares de fi\u00e9is que todos os dias atravessam as Portas Santas das bas\u00edlicas papais.\u00a0<i>\u201cVoc\u00eas s\u00e3o, antes de tudo, peregrinos da esperan\u00e7a para voc\u00eas mesmos: voc\u00eas que s\u00e3o pastores, recordaram que s\u00e3o antes de tudo ovelhas do rebanho, \u00e0s quais Cristo diz: \u201cEu sou a porta das ovelhas. [&#8230;] Se algu\u00e9m entrar por mim, ser\u00e1 salvo; entrar\u00e1 e sair\u00e1 e encontrar\u00e1 pastagens\u00bb (Jo 10, 7.9). E, ao mesmo tempo, tornaram-se peregrinos da esperan\u00e7a para o seu povo, para as fam\u00edlias, para os idosos, as crian\u00e7as, os jovens; para que as Igrejas que est\u00e3o em Madagascar, atrav\u00e9s de voc\u00eas, recebam a gra\u00e7a de caminhar na esperan\u00e7a que \u00e9 Jesus Cristo\u201d.<\/i><\/p>\n<p style=\"text-align: justify;\">O Papa Le\u00e3o XIV disse ent\u00e3o da sua felicidade em ouvir eles contarem as alegrias e as prova\u00e7\u00f5es pastorais que levam com fidelidade.\u00a0<i>\u201cA proximidade de voc\u00eas com o povo de Deus \u00e9 um sinal vivo do Evangelho. Encorajo cada um de voc\u00eas no seu minist\u00e9rio episcopal, em particular a cuidar dos sacerdotes, que s\u00e3o os seus primeiros colaboradores e os seus irm\u00e3os mais pr\u00f3ximos, bem como dos religiosos e religiosas que se dedicam ao servi\u00e7o\u201d.<\/i><\/p>\n<p style=\"text-align: justify;\">O Santo Padre deu gra\u00e7as pela vitalidade mission\u00e1ria das Igrejas particulares de Madagascar, herdeiras do testemunho dos santos que, para levar o Evangelho a esta terra long\u00ednqua, n\u00e3o temeram nem a rejei\u00e7\u00e3o nem a persegui\u00e7\u00e3o.<\/p>\n<p style=\"text-align: justify;\">\u201cGostaria de recordar Henri de Solages, o primeiro mission\u00e1rio que n\u00e3o se deixou desanimar pelo fracasso e pela pris\u00e3o, ou o santo m\u00e1rtir Jacques Berthieu, cujo sangue foi semente de crist\u00e3os em Madagascar. Que o seu exemplo continue a fortalecer voc\u00eas na entrega de si mesmos a Cristo e \u00e0 sua Igreja, entre os sucessos e as prova\u00e7\u00f5es pastorais que atravessam para chegar ao povo de Deus nas diversas realidades de suas dioceses!&#8221;<\/p>\n<p style=\"text-align: justify;\">E uma exorta\u00e7\u00e3o do Pont\u00edfice:\u00a0<i>\u201cexorto voc\u00eas a n\u00e3o desviarem o olhar dos pobres: eles est\u00e3o no centro do Evangelho e s\u00e3o os destinat\u00e1rios privilegiados do an\u00fancio da Boa Nova. Saibam reconhecer neles o rosto de Cristo e que a sua a\u00e7\u00e3o pastoral seja sempre animada por uma concreta solicitude para com os mais pequenos\u201d.<\/i><\/p>\n<p style=\"text-align: justify;\">Seguindo o Papa Francisco, Leo\u00e3o XIV convidou os bispos presentes a cuidarem da nossa casa comum, a preservar a beleza da\u00a0<i>Grande Ilha<\/i>, cuja beleza e fragilidade foram a eles confiadas. \u201cCuidar da nossa casa \u00e9 parte integrante da sua miss\u00e3o prof\u00e9tica. Cuidem da cria\u00e7\u00e3o que geme e ensinem aos seus fi\u00e9is a arte de proteg\u00ea-la com justi\u00e7a e paz\u201d, disse o Papa.<\/p>\n<p style=\"text-align: justify;\"><i>\u201cQueridos irm\u00e3os, &#8211; finalizou &#8211; continuem o seu servi\u00e7o com coragem e esperan\u00e7a. O Sucessor de Pedro os acompanha com a sua ora\u00e7\u00e3o e o seu afeto. Que a Virgem Maria, Nossa Senhora de Madag\u00e1scar, os proteja. Que o Beato Rapha\u00ebl Rafiringa, a Beata Victoire Rasoamanarivo, S\u00e3o Tiago Berthieu e todos os santos da sua terra intercedam por voc\u00eas\u201d.<\/i><\/p>\n<\/div>\n<\/div>\n","protected":false},"excerpt":{"rendered":"<p>Papa Le\u00e3o XIV recebe bispos de Madagascar\u00a0 (@Vatican Media) O Papa Le\u00e3o XIV, recebeu na manh\u00e3 desta segunda-feira, no Vaticano os bispos da Igreja de Madag\u00e1scar, vindos a Roma em peregrina\u00e7\u00e3o jubilar. \u201c\u00c9 o nosso primeiro encontro\u201d, disse o Santo Padre. Silvonei Jos\u00e9 \u2013 Vatican News \u201cExorto voc\u00eas a n\u00e3o desviarem o olhar dos pobres: [&hellip;]<\/p>\n","protected":false},"author":1,"featured_media":94863,"comment_status":"open","ping_status":"closed","sticky":false,"template":"","format":"standard","meta":{"footnotes":""},"categories":[3],"tags":[],"class_list":["post-94862","post","type-post","status-publish","format-standard","has-post-thumbnail","hentry","category-vaticano"],"_links":{"self":[{"href":"https:\/\/catolicanet.net\/wp-cnet\/wp-json\/wp\/v2\/posts\/94862","targetHints":{"allow":["GET"]}}],"collection":[{"href":"https:\/\/catolicanet.net\/wp-cnet\/wp-json\/wp\/v2\/posts"}],"about":[{"href":"https:\/\/catolicanet.net\/wp-cnet\/wp-json\/wp\/v2\/types\/post"}],"author":[{"embeddable":true,"href":"https:\/\/catolicanet.net\/wp-cnet\/wp-json\/wp\/v2\/users\/1"}],"replies":[{"embeddable":true,"href":"https:\/\/catolicanet.net\/wp-cnet\/wp-json\/wp\/v2\/comments?post=94862"}],"version-history":[{"count":1,"href":"https:\/\/catolicanet.net\/wp-cnet\/wp-json\/wp\/v2\/posts\/94862\/revisions"}],"predecessor-version":[{"id":94865,"href":"https:\/\/catolicanet.net\/wp-cnet\/wp-json\/wp\/v2\/posts\/94862\/revisions\/94865"}],"wp:featuredmedia":[{"embeddable":true,"href":"https:\/\/catolicanet.net\/wp-cnet\/wp-json\/wp\/v2\/media\/94863"}],"wp:attachment":[{"href":"https:\/\/catolicanet.net\/wp-cnet\/wp-json\/wp\/v2\/media?parent=94862"}],"wp:term":[{"taxonomy":"category","embeddable":true,"href":"https:\/\/catolicanet.net\/wp-cnet\/wp-json\/wp\/v2\/categories?post=94862"},{"taxonomy":"post_tag","embeddable":true,"href":"https:\/\/catolicanet.net\/wp-cnet\/wp-json\/wp\/v2\/tags?post=94862"}],"curies":[{"name":"wp","href":"https:\/\/api.w.org\/{rel}","templated":true}]}}