{"id":94858,"date":"2025-06-16T09:55:27","date_gmt":"2025-06-16T12:55:27","guid":{"rendered":"https:\/\/catolicanet.net\/wp-cnet\/?p=94858"},"modified":"2025-06-16T15:58:29","modified_gmt":"2025-06-16T18:58:29","slug":"o-papa-floribert-bwana-chui-martir-africano-um-homem-de-paz","status":"publish","type":"post","link":"https:\/\/catolicanet.net\/wp-cnet\/o-papa-floribert-bwana-chui-martir-africano-um-homem-de-paz\/","title":{"rendered":"O Papa: Floribert Bwana Chui m\u00e1rtir africano, um homem de paz"},"content":{"rendered":"<div class=\"mediaContent__inner \">\n<figure class=\"article__image\" style=\"text-align: justify;\"><span class=\"didascalia_img\">O Papa Le\u00e3o XIV com a m\u00e3e do Beato Floribert Bwana Chui<\/span><\/figure>\n<\/div>\n<article class=\"article \">\n<div class=\"article__meta videoInside\" data-mediatype=\"foto\">\n<div class=\"article__subTitle\" style=\"text-align: justify;\">Le\u00e3o XIV recebeu os peregrinos vindos a Roma para a beatifica\u00e7\u00e3o deste jovem funcion\u00e1rio da alf\u00e2ndega congolesa, no \u00faltimo domingo, na Bas\u00edlica de S\u00e3o Paulo Fora dos Muros. Floribert pertencia \u00e0 Comunidade de Santo Eg\u00eddio e foi morto, em 2007, em Goma por se recusar a deixar passar cargas de alimentos estragados: &#8220;Numa regi\u00e3o dilacerada pela viol\u00eancia, ele continuou sua luta pela paz com mansid\u00e3o, servindo aos pobres&#8221;.<\/div>\n<div class=\"title__separator\" style=\"text-align: justify;\"><\/div>\n<div class=\"article__text\">\n<p style=\"text-align: justify;\"><b>Mariangela Jaguraba &#8211; Vatican News<\/b><\/p>\n<p style=\"text-align: justify;\">O Papa Le\u00e3o XIV recebeu em audi\u00eancia, nesta segunda-feira (16\/06), na Sala Clementina, no Vaticano, os peregrinos da Rep\u00fablica Democr\u00e1tica do Congo que vieram a Roma para participar da beatifica\u00e7\u00e3o de Floribert Bwana Chui assassinado, em Goma, em 8 de julho de 2007.<\/p>\n<div style=\"text-align: justify;\">\n<div class=\"article__embed article__embed--unwrap article__embed--dark\">\n<div class=\"article__innerTitle\">Ou\u00e7a e compartilhe<\/div>\n<div>\n<audio class=\"wp-audio-shortcode\" id=\"audio-94858-1\" preload=\"none\" style=\"width: 100%;\" controls=\"controls\"><source type=\"audio\/mpeg\" src=\"https:\/\/media.vaticannews.va\/media\/audio\/s1\/2025\/06\/16\/13\/138703771_F138703771.mp3?_=1\" \/><a href=\"https:\/\/media.vaticannews.va\/media\/audio\/s1\/2025\/06\/16\/13\/138703771_F138703771.mp3\">https:\/\/media.vaticannews.va\/media\/audio\/s1\/2025\/06\/16\/13\/138703771_F138703771.mp3<\/a><\/audio>\n<\/div>\n<\/div>\n<\/div>\n<p style=\"text-align: justify;\">A missa de beatifica\u00e7\u00e3o foi celebrada na Bas\u00edlica de S\u00e3o Paulo Fora dos Muros pelo prefeito do Dicast\u00e9rio para as Causas dos Santos, cardeal Marcello Semeraro, na tarde do domingo 15 de junho.<\/p>\n<h2 style=\"text-align: justify;\">A escolha de manter as m\u00e3os limpas<\/h2>\n<p style=\"text-align: justify;\">O Pont\u00edfice iniciou o seu discurso, saudando os bispos presentes, em particular os da Rep\u00fablica Democr\u00e1tica do Congo, incluindo o bispo de Goma, diocese onde viveu o novo beato. Saudou tamb\u00e9m a m\u00e3e e a fam\u00edlia do Beato Floribert, bem como a Comunidade de Santo Eg\u00eddio, \u00e0 qual ele pertencia.<\/p>\n<p style=\"text-align: justify;\">A seguir, recordou o novo beato com as palavras do Papa Francisco dirigidas aos jovens de Kinshasa, no &#8220;Est\u00e1dio dos M\u00e1rtires&#8221;, em 2 de fevereiro de 2023, durante sua viagem apost\u00f3lica \u00e0 Rep\u00fablica Democr\u00e1tica do Congo:<\/p>\n<p style=\"text-align: justify;\">\u00abUm jovem como voc\u00eas, Floribert Bwana Chui: [\u2026] com apenas 26 anos, foi morto em Goma por bloquear a passagem de produtos alimentares deteriorados, que teriam prejudicado a sa\u00fade da popula\u00e7\u00e3o. [\u2026] Como crist\u00e3o, rezou, pensou nos outros e escolheu ser honesto, dizendo n\u00e3o \u00e0 sujeira da corrup\u00e7\u00e3o. Isto \u00e9 manter as m\u00e3os limpas, enquanto as m\u00e3os que traficam dinheiro est\u00e3o manchadas de sangue. [\u2026] Ser honesto \u00e9 brilhar de dia, \u00e9 difundir a luz de Deus, \u00e9 viver a bem-aventuran\u00e7a da justi\u00e7a: vencer o mal com o bem!\u00bb<\/p>\n<div style=\"text-align: justify;\">\n<div class=\"article__embed article__embed--unwrap article__embed--dark\">\n<div class=\"embed-container\"><iframe id=\"828613811\" title=\"Quando Papa Francesco ricord\u00f2 ai giovani di Kinshasa Floribert Bwana Chi\" src=\"https:\/\/www.youtube.com\/embed\/k--rHyvLW14?wmode=opaque&amp;rel=0&amp;autohide=1&amp;showinfo=0&amp;wmode=transparent&amp;modestbranding=1&amp;enablejsapi=1&amp;origin=https:\/\/www.vaticannews.va&amp;start=&amp;end=\" allowfullscreen=\"allowfullscreen\" data-gtm-yt-inspected-7781034_9=\"true\" data-gtm-yt-inspected-10=\"true\" data-gtm-yt-inspected-15=\"true\"><\/iframe><\/div>\n<div class=\"article__innerTitle\">O Papa Francisco recorda Floribert Bwana Chui no Est\u00e1dio dos M\u00e1rtires, em Kinshasa<\/div>\n<\/div>\n<\/div>\n<div style=\"text-align: justify;\">\n<div class=\"article__embed article__embed--border embed_style\">\n<blockquote><p>\u201cDe onde um jovem tirou for\u00e7as para resistir \u00e0 corrup\u00e7\u00e3o, enraizada na mentalidade vigente e capaz de qualquer viol\u00eancia? A escolha de manter as m\u00e3os limpas \u2013 ele era funcion\u00e1rio da alf\u00e2ndega \u2013 amadureceu numa consci\u00eancia formada pela ora\u00e7\u00e3o, pela escuta da Palavra de Deus, pela comunh\u00e3o com os irm\u00e3os.\u201d<\/p><\/blockquote>\n<\/div>\n<\/div>\n<h2 style=\"text-align: justify;\">Os pobres foram decisivos em sua vida<\/h2>\n<p style=\"text-align: justify;\">Floribert Bwana Chui &#8220;viveu a espiritualidade da Comunidade de Santo Eg\u00eddio, que o Papa Francisco resumiu em tr\u00eas palavras: ora\u00e7\u00e3o, pobres, paz.\u00a0<b>Os pobres foram decisivos em sua vida<\/b>&#8220;, disse Le\u00e3o XIV, acrescentando:<\/p>\n<div style=\"text-align: justify;\">\n<div class=\"article__embed article__embed--border embed_style\">\n<blockquote><p>\u201cO Beato Floribert viveu uma familiaridade comprometida com os meninos de rua, levados a Goma pela guerra, desprezados e \u00f3rf\u00e3os. Amou-as com a caridade de Cristo: interessou-se por eles e preocupou-se com sua forma\u00e7\u00e3o humana e crist\u00e3. A for\u00e7a de Floribert cresceu em sua fidelidade \u00e0 ora\u00e7\u00e3o e aos pobres.\u201d<\/p><\/blockquote>\n<\/div>\n<\/div>\n<p style=\"text-align: justify;\"><i>Um amigo recorda: \u00abEle estava convencido de que nascemos para fazer grandes coisas, para incidir na hist\u00f3ria, para transformar a realidade\u00bb. Ele era um homem de paz.<\/i><\/p>\n<p style=\"text-align: justify;\">&#8220;Numa regi\u00e3o t\u00e3o sofrida como o Kivu, dilacerada pela viol\u00eancia, ele continuou sua luta pela paz com mansid\u00e3o, servindo aos pobres, praticando a amizade e o encontro numa sociedade dilacerada&#8221;, disse ainda o Papa, ressaltando que uma religiosa lembrou que ele dizia: \u00abA comunidade coloca todos os povos na mesma mesa\u00bb.<\/p>\n<div style=\"text-align: justify;\">\n<div class=\"article__embed article__embed--unwrap article__embed--photo\">\n<figure><picture><img decoding=\"async\" class=\"loaded\" title=\"O Papa com os irm\u00e3os do Beato Floribert Bwana Chui\" src=\"https:\/\/www.vaticannews.va\/content\/dam\/vaticannews\/agenzie\/images\/srv\/2025\/06\/16\/2025-06-16-pellegrini-della-repubblica-democratica-del-congo--co\/1750070229761.JPG\/_jcr_content\/renditions\/cq5dam.thumbnail.cropped.750.422.jpeg\" alt=\"O Papa com os irm\u00e3os do Beato Floribert Bwana Chui\" data-original=\"\/content\/dam\/vaticannews\/agenzie\/images\/srv\/2025\/06\/16\/2025-06-16-pellegrini-della-repubblica-democratica-del-congo--co\/1750070229761.JPG\/_jcr_content\/renditions\/cq5dam.thumbnail.cropped.750.422.jpeg\" data-was-processed=\"true\" \/><\/picture><\/figure>\n<div class=\"photo_embed--Title\">O Papa com os irm\u00e3os do Beato Floribert Bwana Chui \u00a0 (@Vatican Media)<\/div>\n<\/div>\n<\/div>\n<div style=\"text-align: justify;\">\n<aside class=\"article__readmore\">\n<div class=\"teaser--labelEvidence teaser teaser--type-article \">\n<article>\n<div class=\"teaser__contentWrapper\">\n<h2 class=\"teaser__title\"><a title=\"Floribert Chui, o postulador: uma vida dedicada a vencer as trevas do mal\" href=\"https:\/\/www.vaticannews.va\/pt\/vaticano\/news\/2025-06\/floribert-bwana-chui-beatificacao-egidio-postulador-tedeschi.html\">Floribert Chui, o postulador: uma vida dedicada a vencer as trevas do mal<\/a><\/h2>\n<\/div>\n<\/article>\n<\/div>\n<\/aside>\n<\/div>\n<h2 style=\"text-align: justify;\">Valor do testemunho dos leigos e dos jovens<\/h2>\n<p style=\"text-align: justify;\">Segundo o Pont\u00edfice, &#8220;este jovem, n\u00e3o resignado ao mal, tinha um sonho, alimentado pelas palavras do Evangelho e pela proximidade ao Senhor. Muitos jovens se sentiam abandonados e sem esperan\u00e7a, mas Floribert ouviu a palavra de Jesus: \u00abN\u00e3o vos deixarei \u00f3rf\u00e3os; voltarei para v\u00f3s\u00bb. Nenhuma terra \u00e9 abandonada por Deus!&#8221;<\/p>\n<p style=\"text-align: justify;\">Floribert &#8220;convidou os seus amigos a n\u00e3o se resignarem e a n\u00e3o viverem para si mesmos&#8221;. &#8220;Tinha confian\u00e7a no futuro&#8221;, disse ainda Le\u00e3o XIV, recordando o que disse o novo beato: \u00abO Senhor est\u00e1 preparando um mundo novo, onde a guerra deixar\u00e1 de existir, o \u00f3dio ser\u00e1 extinto, a viol\u00eancia j\u00e1 n\u00e3o aparecer\u00e1 como um ladr\u00e3o na noite&#8230; as crian\u00e7as crescer\u00e3o em paz. Sim, \u00e9 um grande sonho. N\u00e3o vivamos, portanto, por aquilo que n\u00e3o vale a pena. Vivamos, em vez disso, para este grande sonho!\u00bb<\/p>\n<div style=\"text-align: justify;\">\n<div class=\"article__embed article__embed--border embed_style\">\n<blockquote><p>\u201cEste m\u00e1rtir africano, num continente rico de jovens, mostra como eles podem ser fermento de paz &#8220;desarmada e desarmadora&#8221;. Este leigo congol\u00eas destaca o valor precioso do testemunho dos leigos e dos jovens.\u201d<\/p><\/blockquote>\n<\/div>\n<\/div>\n<p style=\"text-align: justify;\"><i>Que ent\u00e3o, pela intercess\u00e3o da Virgem Maria e do Beato Floribert, a t\u00e3o almejada paz no Kivu, no Congo, e em toda a \u00c1frica se torne realidade em breve!<\/i><\/p>\n<\/div>\n<\/div>\n<\/article>\n","protected":false},"excerpt":{"rendered":"<p>O Papa Le\u00e3o XIV com a m\u00e3e do Beato Floribert Bwana Chui Le\u00e3o XIV recebeu os peregrinos vindos a Roma para a beatifica\u00e7\u00e3o deste jovem funcion\u00e1rio da alf\u00e2ndega congolesa, no \u00faltimo domingo, na Bas\u00edlica de S\u00e3o Paulo Fora dos Muros. Floribert pertencia \u00e0 Comunidade de Santo Eg\u00eddio e foi morto, em 2007, em Goma por [&hellip;]<\/p>\n","protected":false},"author":1,"featured_media":94859,"comment_status":"open","ping_status":"closed","sticky":false,"template":"","format":"standard","meta":{"footnotes":""},"categories":[13,3],"tags":[],"class_list":["post-94858","post","type-post","status-publish","format-standard","has-post-thumbnail","hentry","category-featured","category-vaticano"],"_links":{"self":[{"href":"https:\/\/catolicanet.net\/wp-cnet\/wp-json\/wp\/v2\/posts\/94858","targetHints":{"allow":["GET"]}}],"collection":[{"href":"https:\/\/catolicanet.net\/wp-cnet\/wp-json\/wp\/v2\/posts"}],"about":[{"href":"https:\/\/catolicanet.net\/wp-cnet\/wp-json\/wp\/v2\/types\/post"}],"author":[{"embeddable":true,"href":"https:\/\/catolicanet.net\/wp-cnet\/wp-json\/wp\/v2\/users\/1"}],"replies":[{"embeddable":true,"href":"https:\/\/catolicanet.net\/wp-cnet\/wp-json\/wp\/v2\/comments?post=94858"}],"version-history":[{"count":1,"href":"https:\/\/catolicanet.net\/wp-cnet\/wp-json\/wp\/v2\/posts\/94858\/revisions"}],"predecessor-version":[{"id":94861,"href":"https:\/\/catolicanet.net\/wp-cnet\/wp-json\/wp\/v2\/posts\/94858\/revisions\/94861"}],"wp:featuredmedia":[{"embeddable":true,"href":"https:\/\/catolicanet.net\/wp-cnet\/wp-json\/wp\/v2\/media\/94859"}],"wp:attachment":[{"href":"https:\/\/catolicanet.net\/wp-cnet\/wp-json\/wp\/v2\/media?parent=94858"}],"wp:term":[{"taxonomy":"category","embeddable":true,"href":"https:\/\/catolicanet.net\/wp-cnet\/wp-json\/wp\/v2\/categories?post=94858"},{"taxonomy":"post_tag","embeddable":true,"href":"https:\/\/catolicanet.net\/wp-cnet\/wp-json\/wp\/v2\/tags?post=94858"}],"curies":[{"name":"wp","href":"https:\/\/api.w.org\/{rel}","templated":true}]}}