{"id":94835,"date":"2025-06-09T09:33:50","date_gmt":"2025-06-09T12:33:50","guid":{"rendered":"https:\/\/catolicanet.net\/wp-cnet\/?p=94835"},"modified":"2025-06-16T15:34:36","modified_gmt":"2025-06-16T18:34:36","slug":"sao-jose-de-anchieta-3","status":"publish","type":"post","link":"https:\/\/catolicanet.net\/wp-cnet\/sao-jose-de-anchieta-3\/","title":{"rendered":"S\u00e3o Jos\u00e9 de Anchieta"},"content":{"rendered":"<p style=\"text-align: justify;\">Celebramos dia 09, a festa lit\u00fargica de S\u00e3o Jos\u00e9 de Anchieta, o santo mission\u00e1rio em nossas terras brasileiras, considerado o ap\u00f3stolo do Brasil. Podemos dizer que Anchieta foi o ap\u00f3stolo Paulo de seu tempo, incans\u00e1vel mission\u00e1rio que n\u00e3o se cansava de anunciar Jesus Cristo, principalmente aos que n\u00e3o eram convertidos. Neste ano esta festa \u00e9 substitu\u00edda pela mem\u00f3ria de Nossa Senhora, M\u00e3e da Igreja, que \u00e9 obrigatoriamente celebrada na segunda-feira depois da Solenidade de Pentecostes.<\/p>\n<p style=\"text-align: justify;\">Jos\u00e9 de Anchieta chegou aqui em 1553 e atuou como mission\u00e1rio, por isso, \u00e9 considerado o ap\u00f3stolo do Brasil e, por isso, \u00e9 considerado um santo brasileiro. Jos\u00e9 de Anchieta nasceu na ilha de Tenerife, no arquip\u00e9lago das Can\u00e1rias, na Espanha.<\/p>\n<p style=\"text-align: justify;\">O trabalho de evangeliza\u00e7\u00e3o de Anchieta se deu sobretudo com os ind\u00edgenas, ele viveu quarenta e tr\u00eas anos no Brasil, e ajudou na funda\u00e7\u00e3o de escolas, igrejas e cidades importantes. A evangeliza\u00e7\u00e3o dos ind\u00edgenas inclusive iniciou em 1500 quando os jesu\u00edtas foram chegando em nossa terra e come\u00e7ou a evangeliza\u00e7\u00e3o daqueles que aqui viviam, que at\u00e9 ent\u00e3o eram os ind\u00edgenas.<\/p>\n<p style=\"text-align: justify;\">S\u00e3o Jos\u00e9 de Anchieta ingressou ne Universidade de Coimbra para estudar Letras e Filosofia, foi na universidade que ele teve o primeiro contato com a Companhia de Jesus e com o testemunho de S\u00e3o Francisco Xavier. Quando Anchieta estava com dezessete anos fez uma promessa diante da imagem de Nossa Senhora de abandonar tudo e servir a Deus.<\/p>\n<p style=\"text-align: justify;\">Anchieta entra para a Companhia de Jesus em 1551, ap\u00f3s um per\u00edodo de noviciado exigente e mesmo com a sa\u00fade fr\u00e1gil, fez os seus votos de pobreza, castidade e obedi\u00eancia, em 1553. Nesse mesmo ano foi enviado ao Brasil, chegando \u00e0 terra de Santa Cruz ele come\u00e7ou a evangelizar. Anchieta era fiel a doutrina, e a sua congrega\u00e7\u00e3o, e acima de tudo era fiel ao Esp\u00edrito Santo.<\/p>\n<p style=\"text-align: justify;\">S\u00e3o Jos\u00e9 de Anchieta tornou-se al\u00e9m de catequista, dramaturgo, poeta, gram\u00e1tico, linguista e historiador, vale ressaltar que ele \u00e9 o autor da primeira gram\u00e1tica brasileira. Em janeiro de 1554, ele participou da missa da inaugura\u00e7\u00e3o do col\u00e9gio S\u00e3o Paulo de Piratininga, onde surgiu a cidade de S\u00e3o Paulo e o local da inaugura\u00e7\u00e3o ficou conhecida at\u00e9 aos dias de hoje como \u201cP\u00e1teo do Col\u00e9gio\u201d. A partir da funda\u00e7\u00e3o da cidade de S\u00e3o Paulo, Anchieta e seus companheiros iniciaram a sua miss\u00e3o na cidade. Um grande companheiro de miss\u00e3o de Anchieta era o Padre Manoel da N\u00f3brega. Por isso, temos muito a agradecer a Anchieta, Manoel da N\u00f3brega e seus companheiros, pois foram ap\u00f3stolos incans\u00e1veis e que levavam a Palavra de Deus aos diversos cantos do nosso pa\u00eds.<\/p>\n<p style=\"text-align: justify;\">Entre as caracter\u00edsticas da evangeliza\u00e7\u00e3o de Anchieta e seus companheiros est\u00e1 a catequese, ou seja, eles anunciavam a pessoa de Jesus Cristo aos ind\u00edgenas e aquilo que continha a palavra de Deus. Eles disseminavam os preceitos crist\u00e3os, mas sempre respeitando a cultura local. Do mesmo modo que os demais jesu\u00edtas, Anchieta se opunha fortemente aos abusos dos portugueses aos povos ind\u00edgenas. Anchieta e seus companheiros defendiam o povo ind\u00edgena e respeitavam a sua cultura. At\u00e9 porque quem chegou aqui depois foram os portugueses e em seguida os Jesu\u00edtas, ou seja, os ind\u00edgenas j\u00e1 viviam aqui, por isso, tinha que respeitar o modo que eles viviam aqui. Anchieta e seus companheiros respeitavam, o que eles faziam era evangelizar e catequizar os ind\u00edgenas para que eles conhecessem melhor a Deus, mas sem deixar de lado a cultura. Essa atitude de Anchieta \u00e9 louv\u00e1vel e \u00e9 um ensinamento para n\u00f3s, pois devemos agir dessa maneira, n\u00e3o devemos impor nossa cultura e a maneira de pensar para ningu\u00e9m, mas se habituar a cultura local.<\/p>\n<p style=\"text-align: justify;\">Por volta do ano de 1563, com o apoio dos Franceses, a tribo dos tamoios se rebelou contra a coloniza\u00e7\u00e3o portuguesa. Anchieta e Manoel da N\u00f3brega resolveram viajar para ajudar a conter a revolta, eles foram at\u00e9 a aldeia de Iperoig (nos dias de hoje \u00e9 Ubatuba, litoral norte de S\u00e3o Paulo). Anchieta se ofereceu como ref\u00e9m e Manoel da N\u00f3brega foi buscar as tratativas de paz. Durante o cativeiro Anchieta sofreu algumas tenta\u00e7\u00f5es, inclusive contra a sua castidade, pois era costume dos \u00edndios oferecer mulheres para os prisioneiros. Anchieta permaneceu no cativeiro por cinco meses e fez uma promessa a Nossa Senhora, que se conseguisse se manter casto at\u00e9 o fim lhe escreveria um poema em sua homenagem. Com versos escritos na areia ele deu vida ao poema em honra a Virgem Maria. Com isso, vemos que Anchieta e Manoel da N\u00f3brega foram grandes defensores dos ind\u00edgenas.<\/p>\n<p style=\"text-align: justify;\">No ano de 1566, Anchieta foi ordenado sacerdote, tr\u00eas anos ap\u00f3s a sua ordena\u00e7\u00e3o fundou o povoado de Reritiba, no Esp\u00edrito Santo. Em 1577, foi nomeado provincial da congrega\u00e7\u00e3o dos jesu\u00edtas no Brasil, fun\u00e7\u00e3o que desempenhou muito bem at\u00e9 1585. Em 1595, Anchieta retirou-se para Reritiba, e ali permaneceu at\u00e9 o seu falecimento, aos 63 anos de idade, em 09 de junho de 1597.<\/p>\n<p style=\"text-align: justify;\">Jos\u00e9 de Anchieta desde muito jovem gostava de escrever poemas e era um amante da arte. Tinha at\u00e9 um apelido de \u201ccanarinho\u201d dado por seus companheiros, devido ao gosto em declamar poesias. Escreveu diversos autos e poemas sobre a vida de Cristo.<\/p>\n<p style=\"text-align: justify;\">Apesar de tudo isso que relatamos sobre a vida de Anchieta, o decreto de sua canoniza\u00e7\u00e3o s\u00f3 foi escrito 417 anos depois de sua morte, no dia 03 de abril de 2014, pelo Papa Francisco. Depois, no dia 24 de abril de 2014, o Papa Francisco presidiu uma Santa Missa em a\u00e7\u00e3o de gra\u00e7as pela Canoniza\u00e7\u00e3o de S\u00e3o Jos\u00e9 de Anchieta, na Igreja dos Jesu\u00edtas, em Roma. No relat\u00f3rio final para a aprova\u00e7\u00e3o de sua canoniza\u00e7\u00e3o, havia o registro de 5.350 hist\u00f3rias de pessoas que alcan\u00e7aram gra\u00e7as rezando \u00e0 S\u00e3o Jose de Anchieta. Apesar de toda a sua hist\u00f3ria de vida, Anchieta demorou para ser canonizado pela Igreja, por\u00e9m foi declarado patrono dos catequistas do Brasil pela CNBB em 2013, e este t\u00edtulo foi confirmado pela ent\u00e3o Congrega\u00e7\u00e3o para o Culto Divino e a Disciplina dos Sacramentos da Santa S\u00e9 em 2015.<\/p>\n<p style=\"text-align: justify;\">Jos\u00e9 de Anchieta \u00e9 considerado o \u201cap\u00f3stolo do Brasil\u201d, mesmo antes de sua beatifica\u00e7\u00e3o e posterior canoniza\u00e7\u00e3o. Ele foi beatificado pelo Papa Jo\u00e3o Paulo II, em 22 de junho de 1980 e canonizado em 03 de abril de 2014, atrav\u00e9s de um decreto assinado pelo Papa Francisco.<\/p>\n<p style=\"text-align: justify;\">S\u00e3o Jos\u00e9 de Anchieta \u00e9 um exemplo para todos os mission\u00e1rios, ele nos ensina a sair de nossas casas, das igrejas e comunidades e ir ao encontro do pr\u00f3ximo. A palavra de Deus precisa ser espalhada no mundo. \u00c9 preciso tamb\u00e9m testemunhar com amor a nossa f\u00e9 e defender aquilo que n\u00f3s cremos at\u00e9 as \u00faltimas consequ\u00eancias. O Esp\u00edrito Santo como protagonista da miss\u00e3o e que acompanhou Anchieta em todos os momentos de sua vida, nos acompanhar\u00e1 tamb\u00e9m. Em qualquer lugar que estivermos \u00e9 poss\u00edvel anunciar Jesus Cristo.<\/p>\n<p style=\"text-align: justify;\">Celebremos com alegria a festa de S\u00e3o Jos\u00e9 de Anchieta e pe\u00e7amos a intercess\u00e3o do Santo para que tenhamos o mesmo ardor mission\u00e1rio que ele tinha. Que, do c\u00e9u, S\u00e3o Jos\u00e9 de Anchieta continue velando pelo povo brasileiro. Que neste ano jubilar sejamos, como o Ap\u00f3stolo do Brasil, construtores de esperan\u00e7a e de paz!<\/p>\n","protected":false},"excerpt":{"rendered":"<p>Celebramos dia 09, a festa lit\u00fargica de S\u00e3o Jos\u00e9 de Anchieta, o santo mission\u00e1rio em nossas terras brasileiras, considerado o ap\u00f3stolo do Brasil. Podemos dizer que Anchieta foi o ap\u00f3stolo Paulo de seu tempo, incans\u00e1vel mission\u00e1rio que n\u00e3o se cansava de anunciar Jesus Cristo, principalmente aos que n\u00e3o eram convertidos. Neste ano esta festa \u00e9 [&hellip;]<\/p>\n","protected":false},"author":5,"featured_media":55819,"comment_status":"open","ping_status":"closed","sticky":false,"template":"","format":"standard","meta":{"footnotes":""},"categories":[9],"tags":[],"class_list":["post-94835","post","type-post","status-publish","format-standard","has-post-thumbnail","hentry","category-artigos"],"_links":{"self":[{"href":"https:\/\/catolicanet.net\/wp-cnet\/wp-json\/wp\/v2\/posts\/94835","targetHints":{"allow":["GET"]}}],"collection":[{"href":"https:\/\/catolicanet.net\/wp-cnet\/wp-json\/wp\/v2\/posts"}],"about":[{"href":"https:\/\/catolicanet.net\/wp-cnet\/wp-json\/wp\/v2\/types\/post"}],"author":[{"embeddable":true,"href":"https:\/\/catolicanet.net\/wp-cnet\/wp-json\/wp\/v2\/users\/5"}],"replies":[{"embeddable":true,"href":"https:\/\/catolicanet.net\/wp-cnet\/wp-json\/wp\/v2\/comments?post=94835"}],"version-history":[{"count":1,"href":"https:\/\/catolicanet.net\/wp-cnet\/wp-json\/wp\/v2\/posts\/94835\/revisions"}],"predecessor-version":[{"id":94837,"href":"https:\/\/catolicanet.net\/wp-cnet\/wp-json\/wp\/v2\/posts\/94835\/revisions\/94837"}],"wp:featuredmedia":[{"embeddable":true,"href":"https:\/\/catolicanet.net\/wp-cnet\/wp-json\/wp\/v2\/media\/55819"}],"wp:attachment":[{"href":"https:\/\/catolicanet.net\/wp-cnet\/wp-json\/wp\/v2\/media?parent=94835"}],"wp:term":[{"taxonomy":"category","embeddable":true,"href":"https:\/\/catolicanet.net\/wp-cnet\/wp-json\/wp\/v2\/categories?post=94835"},{"taxonomy":"post_tag","embeddable":true,"href":"https:\/\/catolicanet.net\/wp-cnet\/wp-json\/wp\/v2\/tags?post=94835"}],"curies":[{"name":"wp","href":"https:\/\/api.w.org\/{rel}","templated":true}]}}