{"id":94822,"date":"2025-06-29T09:27:14","date_gmt":"2025-06-29T12:27:14","guid":{"rendered":"https:\/\/catolicanet.net\/wp-cnet\/?p=94822"},"modified":"2025-06-16T15:28:11","modified_gmt":"2025-06-16T18:28:11","slug":"solenidade-de-sao-pedro-e-sao-paulo-apostolos-3","status":"publish","type":"post","link":"https:\/\/catolicanet.net\/wp-cnet\/solenidade-de-sao-pedro-e-sao-paulo-apostolos-3\/","title":{"rendered":"Solenidade de S\u00e3o Pedro e S\u00e3o Paulo Ap\u00f3stolos"},"content":{"rendered":"<p style=\"text-align: center;\"><em>\u201cDe todos os temores me livrou o Senhor Deus\u201d (Sl 33\/34)<\/em><\/p>\n<p style=\"text-align: justify;\">Celebramos neste 13\u00ba domingo do tempo comum, a Solenidade dos Ap\u00f3stolos Pedro e Paulo, considerados as colunas da Igreja. A Pedro, Jesus confiou a sua Igreja e lhe deu as \u201cchaves\u201d do Reino. Ap\u00f3s a morte e ressurrei\u00e7\u00e3o de Jesus, Pedro d\u00e1 continuidade a tudo aquilo que o Mestre ensinou. Guiado pelo Esp\u00edrito Santo, transmite a Palavra de Deus, assiste os pobres, serve \u00e0s vi\u00favas e consagra a Eucaristia. O Esp\u00edrito Santo \u00e9 o advogado, o intercessor, e \u00e9 por meio d\u2019Ele que Jesus continua presente na Igreja.<\/p>\n<p style=\"text-align: justify;\">Paulo, considerado o \u00faltimo dos ap\u00f3stolos \u2014 como ele mesmo afirma \u2014, de perseguidor da Igreja de Cristo se torna seguidor. \u00c9 chamado o ap\u00f3stolo dos gentios, pois evangelizava os pag\u00e3os. Percorreu diversas partes do mundo levando o amor de Deus. Ele nos ensina a anunciar a Palavra de Deus incansavelmente onde estivermos e a ouvirmos a voz do Esp\u00edrito Santo.<\/p>\n<p style=\"text-align: justify;\">Neste domingo, comemoramos tamb\u00e9m o Dia do Papa, pois Pedro \u00e9 o primeiro Papa da Igreja. O Papa Le\u00e3o XIV \u00e9 o sucessor de Pedro. Por isso, neste Domingo, rezemos pelo Papa Le\u00e3o e por sua miss\u00e3o \u00e0 frente da Igreja de Cristo. Que o Esp\u00edrito Santo possa conduzi-lo e, com sabedoria e esperan\u00e7a, o Papa nos ensine a nunca vacilarmos na f\u00e9 e, juntos, construirmos um mundo mais justo e fraterno.<\/p>\n<p style=\"text-align: justify;\">Neste domingo, somos ainda convidados a contribuir com a Coleta do \u00d3bolo de S\u00e3o Pedro, ou seja, uma ajuda que todos os fi\u00e9is s\u00e3o chamados a oferecer em favor da miss\u00e3o do Papa.<\/p>\n<p style=\"text-align: justify;\">A Igreja no Brasil tem permiss\u00e3o da Santa S\u00e9 para celebrar essa solenidade no domingo seguinte, caso o dia 29 de junho caia durante a semana. Neste ano, por\u00e9m, o dia 29 cai justamente em um domingo. A pr\u00e1tica visa permitir que um maior n\u00famero de fi\u00e9is participe da celebra\u00e7\u00e3o, j\u00e1 que no Brasil o dia de S\u00e3o Pedro n\u00e3o \u00e9 feriado.<\/p>\n<p style=\"text-align: justify;\">Rezemos de modo especial neste dia pela Igreja e por suas necessidades. Rezemos pelo Papa Le\u00e3o XIV, por todos os bispos, padres e di\u00e1conos, e para que nunca faltem pessoas dispostas a colaborar na miss\u00e3o de anunciar o Evangelho. Pe\u00e7amos, de modo especial, ao Esp\u00edrito Santo que nunca desampare a Igreja, pois \u00e9 gra\u00e7as \u00e0 sua a\u00e7\u00e3o que ela consegue superar as adversidades e permanece de p\u00e9 h\u00e1 mais de dois mil anos.<\/p>\n<p style=\"text-align: justify;\">Estamos, inclusive, vivendo o Ano Jubilar da Esperan\u00e7a, recordando os dois mil e vinte e cinco anos do nascimento de Jesus. Que esse jubileu reacenda, em toda a Igreja, o vigor mission\u00e1rio e a chama da esperan\u00e7a em um mundo melhor, sem viol\u00eancia e sem guerras.<\/p>\n<p style=\"text-align: justify;\">A primeira leitura desta solenidade \u00e9 dos Atos dos Ap\u00f3stolos (At 12,1-11). Herodes come\u00e7ou a perseguir com mais veem\u00eancia a Igreja de Cristo e seus seguidores. Mandou matar, \u00e0 espada, Tiago, irm\u00e3o de Jo\u00e3o; e, vendo que isso agradava aos judeus, mandou prender tamb\u00e9m a Pedro. Eram os dias dos P\u00e3es \u00c1zimos. Depois de prender Pedro, Herodes colocou quatro grupos de soldados para vigi\u00e1-lo, com quatro soldados em cada grupo. Sua inten\u00e7\u00e3o era apresent\u00e1-lo ao povo depois da festa da P\u00e1scoa.<\/p>\n<p style=\"text-align: justify;\">Enquanto Pedro estava preso, a Igreja rezava continuamente por ele \u2014 do mesmo modo que, hoje, somos chamados a rezar pelo Papa Le\u00e3o XIV. Quando Herodes estava prestes a apresent\u00e1-lo, naquela mesma noite, Pedro dormia entre dois soldados, preso com duas correntes, e os guardas vigiavam a pris\u00e3o. O anjo do Senhor apareceu, iluminou a cela e tocou no ombro de Pedro. Ao acordar, o anjo disse-lhe que se levantasse, vestisse sua capa e cal\u00e7asse as sand\u00e1lias. Pedro obedeceu, e o anjo lhe disse: \u201cP\u00f5e tua capa e vem comigo.\u201d Pedro o acompanhou, ainda sem acreditar, imaginando que fosse uma vis\u00e3o. Seguiu o anjo e logo se viu fora da pris\u00e3o. Andaram por uma rua, e ent\u00e3o o anjo o deixou. Pedro caiu em si e disse que, de fato, o Senhor enviara um anjo para libert\u00e1-lo da pris\u00e3o e do poder de Herodes.<\/p>\n<p style=\"text-align: justify;\">O mesmo acontece nos dias de hoje: o Senhor acompanha a Igreja em suas necessidades e envia seus anjos para nos livrar do mal. \u00c9 Ele quem sustenta sua Igreja, apesar dos ventos contr\u00e1rios que sopram contra ela. A Igreja \u00e9 santa porque foi fundada por Cristo, mas \u00e9 pecadora porque \u00e9 formada por homens. Ainda assim, o Esp\u00edrito Santo a fortalece e a renova; e, mesmo ap\u00f3s momentos de tribula\u00e7\u00e3o, ela se levanta mais forte para levar adiante a Palavra de Deus.<\/p>\n<p style=\"text-align: justify;\">O Salmo responsorial \u00e9 o 33(34), cujo refr\u00e3o diz: \u201cDe todos os temores me livrou o Senhor Deus.\u201d Como vimos na primeira leitura, o Senhor envia seus anjos para nos livrar de todo o mal. Ele est\u00e1 conosco e nos guia pelo caminho do bem. Confiemos em Deus e no seu projeto de vida para n\u00f3s, acreditando que Ele nos livra de todo mal.<\/p>\n<p style=\"text-align: justify;\">A segunda leitura \u00e9 da Segunda Carta de S\u00e3o Paulo a Tim\u00f3teo (2Tm 4,6-8.17-18). Paulo j\u00e1 estava nos seus \u00faltimos momentos de vida, mais velho e preso, e trocava cartas com Tim\u00f3teo. Dizia que j\u00e1 havia combatido o bom combate, guardado a f\u00e9, e aguardava a coroa da justi\u00e7a, ou seja, a vida eterna. Paulo afirma que o Senhor sempre esteve com ele e que foi libertado da boca do le\u00e3o. Ele faz um agradecimento a Deus e, diante da morte iminente, confia que o Senhor lhe conceder\u00e1 o Reino Celeste.<\/p>\n<p style=\"text-align: justify;\">Que possamos, como Paulo, ao final de nossa vida terrena, escrever uma carta de a\u00e7\u00e3o de gra\u00e7as a Deus, esperando alcan\u00e7ar a vida eterna e podendo dizer: \u201cCombati o bom combate, guardei a f\u00e9.\u201d Que deixemos boas lembran\u00e7as a nossos parentes e amigos, e vivamos bem a nossa f\u00e9 aqui na Terra, para depois viv\u00ea-la de modo definitivo no C\u00e9u.<\/p>\n<p style=\"text-align: justify;\">O Evangelho desta solenidade \u00e9 de Mateus (Mt 16,13-19). Nele acompanhamos a profiss\u00e3o de f\u00e9 do ap\u00f3stolo Pedro. Jesus pergunta aos disc\u00edpulos quem dizem os homens que \u00e9 o Filho do Homem. Eles respondem: uns dizem Jo\u00e3o Batista, outros Elias ou algum dos profetas que teria ressuscitado. Jesus j\u00e1 sabia disso, mas queria ouvir uma resposta diferente de seus disc\u00edpulos \u2014 aqueles que conviviam com Ele e j\u00e1 podiam perceber quem realmente era.<\/p>\n<p style=\"text-align: justify;\">Pedro toma a palavra e diz: \u201cTu \u00e9s o Messias, o Filho do Deus vivo\u201d (Mt 16,16). Jesus elogia Pedro e diz que n\u00e3o foi um ser humano que lhe revelou isso, mas o pr\u00f3prio Pai. Ent\u00e3o, declara: \u201cTu \u00e9s Pedro, e sobre esta pedra edificarei a minha Igreja, e o poder do inferno nunca poder\u00e1 venc\u00ea-la.\u201d A partir daquele momento, Pedro receberia as chaves do Reino dos C\u00e9us: tudo o que ele ligasse na terra seria ligado no c\u00e9u, e tudo o que desligasse na terra seria desligado nos c\u00e9us.<\/p>\n<p style=\"text-align: justify;\">Essa mesma resposta que Pedro deu, n\u00f3s tamb\u00e9m podemos dar. Jesus nos pergunta: \u201cQuem sou Eu para voc\u00eas?\u201d E nossa resposta, nascida da ora\u00e7\u00e3o e da intimidade com Deus, deve ser: \u201cTu \u00e9s o Messias, o Filho do Deus vivo.\u201d<\/p>\n<p style=\"text-align: justify;\">Celebremos com alegria esta Solenidade de S\u00e3o Pedro e S\u00e3o Paulo. Pe\u00e7amos a Deus que o Esp\u00edrito Santo continue a iluminar a Igreja e que o poder do inferno jamais prevale\u00e7a sobre ela. A Igreja Cat\u00f3lica Apost\u00f3lica Romana permanece firme, sustentada pelo Esp\u00edrito Santo e fundamentada sobre o ap\u00f3stolo Pedro, mesmo diante de todos os ventos contr\u00e1rios.<\/p>\n","protected":false},"excerpt":{"rendered":"<p>\u201cDe todos os temores me livrou o Senhor Deus\u201d (Sl 33\/34) Celebramos neste 13\u00ba domingo do tempo comum, a Solenidade dos Ap\u00f3stolos Pedro e Paulo, considerados as colunas da Igreja. A Pedro, Jesus confiou a sua Igreja e lhe deu as \u201cchaves\u201d do Reino. Ap\u00f3s a morte e ressurrei\u00e7\u00e3o de Jesus, Pedro d\u00e1 continuidade a [&hellip;]<\/p>\n","protected":false},"author":5,"featured_media":55819,"comment_status":"open","ping_status":"closed","sticky":false,"template":"","format":"standard","meta":{"footnotes":""},"categories":[9],"tags":[],"class_list":["post-94822","post","type-post","status-publish","format-standard","has-post-thumbnail","hentry","category-artigos"],"_links":{"self":[{"href":"https:\/\/catolicanet.net\/wp-cnet\/wp-json\/wp\/v2\/posts\/94822","targetHints":{"allow":["GET"]}}],"collection":[{"href":"https:\/\/catolicanet.net\/wp-cnet\/wp-json\/wp\/v2\/posts"}],"about":[{"href":"https:\/\/catolicanet.net\/wp-cnet\/wp-json\/wp\/v2\/types\/post"}],"author":[{"embeddable":true,"href":"https:\/\/catolicanet.net\/wp-cnet\/wp-json\/wp\/v2\/users\/5"}],"replies":[{"embeddable":true,"href":"https:\/\/catolicanet.net\/wp-cnet\/wp-json\/wp\/v2\/comments?post=94822"}],"version-history":[{"count":2,"href":"https:\/\/catolicanet.net\/wp-cnet\/wp-json\/wp\/v2\/posts\/94822\/revisions"}],"predecessor-version":[{"id":94824,"href":"https:\/\/catolicanet.net\/wp-cnet\/wp-json\/wp\/v2\/posts\/94822\/revisions\/94824"}],"wp:featuredmedia":[{"embeddable":true,"href":"https:\/\/catolicanet.net\/wp-cnet\/wp-json\/wp\/v2\/media\/55819"}],"wp:attachment":[{"href":"https:\/\/catolicanet.net\/wp-cnet\/wp-json\/wp\/v2\/media?parent=94822"}],"wp:term":[{"taxonomy":"category","embeddable":true,"href":"https:\/\/catolicanet.net\/wp-cnet\/wp-json\/wp\/v2\/categories?post=94822"},{"taxonomy":"post_tag","embeddable":true,"href":"https:\/\/catolicanet.net\/wp-cnet\/wp-json\/wp\/v2\/tags?post=94822"}],"curies":[{"name":"wp","href":"https:\/\/api.w.org\/{rel}","templated":true}]}}