{"id":94791,"date":"2025-06-06T09:51:24","date_gmt":"2025-06-06T12:51:24","guid":{"rendered":"https:\/\/catolicanet.net\/wp-cnet\/?p=94791"},"modified":"2025-06-06T11:53:23","modified_gmt":"2025-06-06T14:53:23","slug":"para-matematicos-catolicos-formacao-de-leao-xiv-faz-todo-o-sentido","status":"publish","type":"post","link":"https:\/\/catolicanet.net\/wp-cnet\/para-matematicos-catolicos-formacao-de-leao-xiv-faz-todo-o-sentido\/","title":{"rendered":"Para matem\u00e1ticos cat\u00f3licos, forma\u00e7\u00e3o de Le\u00e3o XIV faz todo o sentido"},"content":{"rendered":"<p style=\"text-align: justify;\">Robert Prevost, hoje papa Le\u00e3o XIV, estudou matem\u00e1tica na Universidade Villanova, de 1973 a 1977, antes de entrar para a vida religiosa.<\/p>\n<p style=\"text-align: justify;\">N\u00e3o \u00e9 uma forma\u00e7\u00e3o comum, mas um papa formado em matem\u00e1tica n\u00e3o \u00e9 surpresa para matem\u00e1ticos cat\u00f3licos.<\/p>\n<p style=\"text-align: justify;\">\u201cA ideia b\u00e1sica \u00e9 que o estudo da matem\u00e1tica sintoniza voc\u00ea com um certo tipo de realidades eternas\u201d, disse James Franklin, professor aposentado da Escola de Matem\u00e1tica e Estat\u00edstica da Universidade de Nova Gales do Sul, na Austr\u00e1lia, ao\u00a0<em>Register.\u00a0<\/em>\u201cCom a prova matem\u00e1tica, voc\u00ea entende n\u00e3o apenas que o teorema de Pit\u00e1goras, por exemplo, \u00e9 verdadeiro, mas tamb\u00e9m por que ele tem que ser verdadeiro em todos os mundos poss\u00edveis. Isso lhe d\u00e1 uma \u00e2ncora, uma posi\u00e7\u00e3o intelectual firme a partir da qual voc\u00ea pode ser c\u00e9tico quanto ao fluxo e refluxo de opini\u00f5es nas ci\u00eancias humanas, pol\u00edtica etc.\u201d.<\/p>\n<p style=\"text-align: justify;\">Para Franklin, \u201cespecialmente nestes tempos p\u00f3s-modernos, uma educa\u00e7\u00e3o restrita \u00e0s humanidades, direito, pol\u00edtica etc. pode levar \u00e0 vis\u00e3o historicista de que todas as &#8216;verdades&#8217; est\u00e3o ao nosso alcance e podem mudar com o tempo. Algu\u00e9m com um diploma em matem\u00e1tica n\u00e3o ser\u00e1 tentado a acreditar nisso. O que deve deix\u00e1-lo mais confiante na capacidade de alcan\u00e7ar verdades eternas\u201d, disse Franklin.<\/p>\n<h2 style=\"text-align: justify;\"><strong>Tempo prop\u00edcio<\/strong><\/h2>\n<p style=\"text-align: justify;\">Prevost fez o ensino m\u00e9dio em um semin\u00e1rio agostiniano. Quando foi para Villanova, universidade agostiniana em Villanova, Pennsylvania, sabia que queria entrar para a ordem agostiniana depois da faculdade e tornar-se padre.<\/p>\n<p style=\"text-align: justify;\">Se Prevost tivesse ido para a faculdade alguns anos antes, por volta da d\u00e9cada de 1970, matem\u00e1tica n\u00e3o teria sido uma op\u00e7\u00e3o para ele.<\/p>\n<p style=\"text-align: justify;\">Antes da turma de formandos de 1972, os candidatos ao sacerd\u00f3cio na Ordem de Santo Agostinho, na prov\u00edncia de Villanova, eram obrigados a se formar em filosofia. Naquele ano, a ordem permitiu que os alunos se formassem em outra \u00e1rea, desde que cursassem pelo menos 30 cr\u00e9ditos em filosofia, segundo o padre agostiniano Michael Di Gregorio, que falou com o\u00a0<em>Register\u00a0<\/em>por\u00a0<em>e-mail<\/em>.<\/p>\n<p style=\"text-align: justify;\">Atualmente matem\u00e1tica n\u00e3o \u00e9 uma raridade para candidatos ao sacerd\u00f3cio. Cerca de 10% dos que ser\u00e3o ordenados padres antes do fim do m\u00eas nos EUA se formaram em matem\u00e1tica ou ci\u00eancias exatas, segundo um estudo (<em>link<\/em>\u00a0em ingl\u00eas) do Centro de Pesquisa Aplicada no Apostolado da Confer\u00eancia dos Bispos Cat\u00f3licos dos EUA (USCCB, na sigla em ingl\u00eas.<\/p>\n<p style=\"text-align: justify;\">O livro\u00a0<em>Catholic Bishops in the United States\u00a0<\/em>(Bispos Cat\u00f3licos nos Estados Unidos, em tradu\u00e7\u00e3o livre)<em>,<\/em>\u00a0constata que 9% dos bispos americanos declaram ter diploma em ci\u00eancias, tecnologia, engenharia ou matem\u00e1tica.<\/p>\n<h2 style=\"text-align: justify;\"><strong>Ordem, beleza e verdade<\/strong><\/h2>\n<p style=\"text-align: justify;\">\u201cMuitas vezes, o tipo de pessoa que quer se tornar padre \u00e9 o tipo de pessoa que v\u00ea ordem, beleza, verdade e os transcendentais no mundo, e as pessoas que veem essas coisas s\u00e3o naturalmente atra\u00eddas pela matem\u00e1tica\u201d, disse Brad Jolly, que se formou em matem\u00e1tica na Universidade de Michigan e trabalhou por 29 anos na ind\u00fastria de testes e medi\u00e7\u00f5es eletr\u00f4nicas.<\/p>\n<p style=\"text-align: justify;\">Jolly, convertido ao catolicismo, reconhece que muitas pessoas n\u00e3o veem uma conex\u00e3o \u00f3bvia entre matem\u00e1tica e o sacerd\u00f3cio. \u00c9 &#8220;de partir o cora\u00e7\u00e3o&#8221;, diz.<\/p>\n<p style=\"text-align: justify;\">Para ele, h\u00e1 uma conex\u00e3o estreita entre matem\u00e1tica e teologia sistem\u00e1tica, que busca trazer ordem e coer\u00eancia \u00e0s doutrinas crist\u00e3s.<\/p>\n<p style=\"text-align: justify;\">\u201cVoc\u00ea passa do concreto para o abstrato\u201d, disse Jolly. \u201cE a matem\u00e1tica \u00e9 onde as crian\u00e7as realmente t\u00eam essa oportunidade pela primeira vez\u201d.<\/p>\n<p style=\"text-align: justify;\">\u201cTer um papa com forma\u00e7\u00e3o matem\u00e1tica num momento como o de hoje \u00e9 uma b\u00ean\u00e7\u00e3o\u201d, disse Jolly. \u201cMinha esperan\u00e7a \u00e9 que ele aproveite essa capacidade de pensar sobre as coisas de forma abstrata\u201d.<\/p>\n<p style=\"text-align: justify;\">Jolly destacou que, na enc\u00edclica\u00a0<em><u>Fides et ratio<\/u><\/em>\u00a0(F\u00e9 e Raz\u00e3o) de 1998, o papa s\u00e3o Jo\u00e3o Paulo II disse que \u201ca f\u00e9 e a raz\u00e3o constituem como que as duas asas pelas quais o esp\u00edrito humano se eleva para a contempla\u00e7\u00e3o da verdade\u201d.<\/p>\n<p style=\"text-align: justify;\">A import\u00e2ncia da f\u00e9 \u00e9 \u00f3bvia para os crentes, disse Jolly. &#8220;Mas \u00e0s vezes algumas pessoas negligenciam a parte da raz\u00e3o. E acho que a matem\u00e1tica nos ajuda a desenvolver isso. E acho absolutamente maravilhoso que tenhamos um papa matem\u00e1tico\u201d.<\/p>\n<h2 style=\"text-align: justify;\"><strong>Reino da certeza<\/strong><\/h2>\n<p style=\"text-align: justify;\">\u201cN\u00e3o estou surpreso que o papa tenha estudado matem\u00e1tica, porque estou convencido de que Deus \u00e9 um matem\u00e1tico\u201d, disse o cat\u00f3lico Martin Nowak, professor de matem\u00e1tica e biologia na Universidade Harvard, nos EUA, ao\u00a0<em>National Catholic Register<\/em>, da EWTN. \u201cFaz muito sentido que seu pastor na Terra seja um estudioso de matem\u00e1tica\u201d.<\/p>\n<p style=\"text-align: justify;\">A matem\u00e1tica \u201cnos apresenta ao que eu gostaria de chamar de reino da certeza e da necessidade\u201d, disse Carlo Lancellotti, professor de matem\u00e1tica no<em>\u00a0College of Staten Island<\/em>, em palestra no Instituto Jo\u00e3o Paulo II em Washington, D.C., em dezembro do ano passado.<\/p>\n<p style=\"text-align: justify;\">O rigor da matem\u00e1tica, disse ele ao<em>\u00a0Register<\/em>\u00a0esta semana, se presta a h\u00e1bitos religiosos e a um modo de pensar religioso. &#8220;Numa frase, eu diria que a matem\u00e1tica nos educa a contemplar verdades eternas e perfeitas, e que para isso requer uma esp\u00e9cie de disciplina asc\u00e9tica: \u00e9 preciso elaborar pacientemente todas as etapas da prova e se submeter \u00e0 sua necessidade&#8221;, disse Lancellotti ao\u00a0<em>Register<\/em>\u00a0por\u00a0<em>e-mail<\/em>.<\/p>\n<h2 style=\"text-align: justify;\"><strong>Virtudes mon\u00e1sticas<\/strong><\/h2>\n<p style=\"text-align: justify;\">O monge Beneditino Norman Hipps d\u00e1 aula de matem\u00e1tica no\u00a0<em>St. Vincent College<\/em>\u00a0em Latrobe, Pensilv\u00e2nia, de que foi presidente de 2010 a 2019. Ele foi obrigado a se concentrar em filosofia na gradua\u00e7\u00e3o, enquanto se candidatava ao sacerd\u00f3cio na d\u00e9cada de 1960, o que fez em seus dois primeiros anos na faculdade. S\u00f3 depois de dizer que n\u00e3o pretendia se tornar padre, foi autorizado a mudar sua especializa\u00e7\u00e3o para matem\u00e1tica. Ele finalmente fez doutorado em matem\u00e1tica.<\/p>\n<p style=\"text-align: justify;\">O irm\u00e3o Norman v\u00ea a matem\u00e1tica como um excelente treinamento para um padre, mesmo que ele n\u00e3o tenha se tornado um.<\/p>\n<p style=\"text-align: justify;\">\u201cA matem\u00e1tica \u00e9 um campo interessante de estudo, seja ela pura ou aplicada. Ela tem o rigor necess\u00e1rio \u2014 provar algo que precisa ser provado, para que outras pessoas se conven\u00e7am do seu argumento \u2014 mas tamb\u00e9m exige uma boa dose de intui\u00e7\u00e3o\u201d, disse o irm\u00e3o Norman ao\u00a0<em>Register\u00a0<\/em>por telefone.<\/p>\n<p style=\"text-align: justify;\">\u201cEm termos desses tipos de coisas que um padre precisa fazer, seja pensar corretamente, ou estar atento a diferentes maneiras de olhar para uma situa\u00e7\u00e3o, e \u00e0s vezes ficar surpreso que algo que parece n\u00e3o ser verdade seja verdade quando voc\u00ea junta as pe\u00e7as corretamente, eu acho que \u00e9 um \u00f3timo campo para qualquer um que queira ser um ministro \u2014 ou buscar a Deus, para colocar em termos mon\u00e1sticos\u201d, disse ele.<\/p>\n","protected":false},"excerpt":{"rendered":"<p>Robert Prevost, hoje papa Le\u00e3o XIV, estudou matem\u00e1tica na Universidade Villanova, de 1973 a 1977, antes de entrar para a vida religiosa. N\u00e3o \u00e9 uma forma\u00e7\u00e3o comum, mas um papa formado em matem\u00e1tica n\u00e3o \u00e9 surpresa para matem\u00e1ticos cat\u00f3licos. \u201cA ideia b\u00e1sica \u00e9 que o estudo da matem\u00e1tica sintoniza voc\u00ea com um certo tipo de [&hellip;]<\/p>\n","protected":false},"author":1,"featured_media":94792,"comment_status":"open","ping_status":"closed","sticky":false,"template":"","format":"standard","meta":{"footnotes":""},"categories":[4],"tags":[],"class_list":["post-94791","post","type-post","status-publish","format-standard","has-post-thumbnail","hentry","category-cotidiano"],"_links":{"self":[{"href":"https:\/\/catolicanet.net\/wp-cnet\/wp-json\/wp\/v2\/posts\/94791","targetHints":{"allow":["GET"]}}],"collection":[{"href":"https:\/\/catolicanet.net\/wp-cnet\/wp-json\/wp\/v2\/posts"}],"about":[{"href":"https:\/\/catolicanet.net\/wp-cnet\/wp-json\/wp\/v2\/types\/post"}],"author":[{"embeddable":true,"href":"https:\/\/catolicanet.net\/wp-cnet\/wp-json\/wp\/v2\/users\/1"}],"replies":[{"embeddable":true,"href":"https:\/\/catolicanet.net\/wp-cnet\/wp-json\/wp\/v2\/comments?post=94791"}],"version-history":[{"count":1,"href":"https:\/\/catolicanet.net\/wp-cnet\/wp-json\/wp\/v2\/posts\/94791\/revisions"}],"predecessor-version":[{"id":94794,"href":"https:\/\/catolicanet.net\/wp-cnet\/wp-json\/wp\/v2\/posts\/94791\/revisions\/94794"}],"wp:featuredmedia":[{"embeddable":true,"href":"https:\/\/catolicanet.net\/wp-cnet\/wp-json\/wp\/v2\/media\/94792"}],"wp:attachment":[{"href":"https:\/\/catolicanet.net\/wp-cnet\/wp-json\/wp\/v2\/media?parent=94791"}],"wp:term":[{"taxonomy":"category","embeddable":true,"href":"https:\/\/catolicanet.net\/wp-cnet\/wp-json\/wp\/v2\/categories?post=94791"},{"taxonomy":"post_tag","embeddable":true,"href":"https:\/\/catolicanet.net\/wp-cnet\/wp-json\/wp\/v2\/tags?post=94791"}],"curies":[{"name":"wp","href":"https:\/\/api.w.org\/{rel}","templated":true}]}}