{"id":94749,"date":"2025-06-01T09:06:38","date_gmt":"2025-06-01T12:06:38","guid":{"rendered":"https:\/\/catolicanet.net\/wp-cnet\/?p=94749"},"modified":"2025-06-04T17:07:39","modified_gmt":"2025-06-04T20:07:39","slug":"junho-mes-dedicado-ao-sagrado-coracao-de-jesus","status":"publish","type":"post","link":"https:\/\/catolicanet.net\/wp-cnet\/junho-mes-dedicado-ao-sagrado-coracao-de-jesus\/","title":{"rendered":"Junho \u2013 M\u00eas dedicado ao Sagrado Cora\u00e7\u00e3o de Jesus"},"content":{"rendered":"<p style=\"text-align: justify;\">O m\u00eas de junho \u00e9 especial para a Igreja, pois, al\u00e9m de ser dedicado ao Sagrado Cora\u00e7\u00e3o de Jesus, celebramos outros tr\u00eas santos importantes e bem conhecidos de nosso povo: no dia 13, Santo Ant\u00f4nio; no dia 24, S\u00e3o Jo\u00e3o Batista; e no dia 29, S\u00e3o Pedro. Junho \u00e9 o m\u00eas das festas juninas, quando todas as par\u00f3quias promovem as quermesses, e todo o povo se confraterniza.<\/p>\n<p style=\"text-align: justify;\">Ao longo deste m\u00eas de junho, e sobretudo no dia dedicado ao Sagrado Cora\u00e7\u00e3o de Jesus, somos convidados a rezar por todo o clero \u2014 bispos, padres e di\u00e1conos. Inclusive, no dia do Sagrado Cora\u00e7\u00e3o de Jesus, a Igreja celebra o Dia Mundial de Ora\u00e7\u00e3o pela Santifica\u00e7\u00e3o do Clero. Portanto, reze por seu p\u00e1roco, pelo padre que voc\u00ea conhece ou que j\u00e1 fez parte de sua vida, pelo bispo e por todo o clero, para que todos os padres busquem viver a santidade no dia a dia, a exemplo de Jesus.<\/p>\n<p style=\"text-align: justify;\">\u00c9 necess\u00e1rio sempre rezar pela santifica\u00e7\u00e3o do clero e pelas voca\u00e7\u00f5es de maneira geral. \u00c9 preciso rezar para que os sacerdotes perseverem em sua voca\u00e7\u00e3o, caminhantes para a santidade e sejam mansos, humildes e acolhedores, \u00e0 semelhan\u00e7a de Jesus. Devemos pedir ao Sagrado Cora\u00e7\u00e3o de Jesus que nunca faltem sacerdotes entre n\u00f3s, pois, sem eles, n\u00e3o h\u00e1 Eucaristia nem os demais sacramentos.<\/p>\n<p style=\"text-align: justify;\">A festa do Sagrado Cora\u00e7\u00e3o de Jesus, neste ano, ser\u00e1 no dia 27 de junho, pois ocorre sempre uma semana ap\u00f3s a Solenidade de Corpus Christi, que, por sua vez, acontece sessenta dias ap\u00f3s a Quinta-feira Santa. \u00c9 por isso que a P\u00e1scoa \u00e9 o centro do calend\u00e1rio crist\u00e3o: todas as demais festas e solenidades se organizam a partir dela. Assim, temos o m\u00eas inteiro para rezar e pedir a intercess\u00e3o do Sagrado Cora\u00e7\u00e3o de Jesus.<\/p>\n<p style=\"text-align: justify;\">Ao longo deste m\u00eas, tamb\u00e9m s\u00e3o chamados novos membros para compor o grupo do Apostolado da Ora\u00e7\u00e3o e, na Solenidade do Sagrado Cora\u00e7\u00e3o, os novos integrantes recebem a fita. O grupo do Apostolado da Ora\u00e7\u00e3o se re\u00fane durante o ano, em geral, todas as primeiras sextas-feiras de cada m\u00eas \u2014 dia votivo ao Sagrado Cora\u00e7\u00e3o de Jesus \u2014 para participar da Hora Santa e da Santa Missa. Durante a Hora Santa, unem-se em ora\u00e7\u00e3o pela Igreja e por todo o clero.<\/p>\n<p style=\"text-align: justify;\">\u00c9 importante trazer novos membros a cada ano, para renovar o grupo e garantir sua continuidade. Todas as par\u00f3quias devem ter um grupo ativo do Apostolado da Ora\u00e7\u00e3o, pois ele reza pelas inten\u00e7\u00f5es do padre e de todos os paroquianos.<\/p>\n<p style=\"text-align: justify;\">Seria interessante que, ao longo deste m\u00eas, as par\u00f3quias colocassem em destaque a imagem do Sagrado Cora\u00e7\u00e3o de Jesus, junto \u00e0 bandeira do Apostolado da Ora\u00e7\u00e3o, e que se intensificassem as ora\u00e7\u00f5es por toda a Igreja, especialmente para que os padres sejam santos, conforme o Cora\u00e7\u00e3o de Jesus.<\/p>\n<p style=\"text-align: justify;\">No dia dedicado ao Sagrado Cora\u00e7\u00e3o, as par\u00f3quias podem promover uma Hora Santa vocacional com o grupo do Apostolado da Ora\u00e7\u00e3o e, em seguida, celebrar a Eucaristia, conforme j\u00e1 acontece nas primeiras sextas-feiras do m\u00eas. O dia do Sagrado Cora\u00e7\u00e3o de Jesus, e o m\u00eas de junho como um todo, \u00e9 tempo de alegria para o Apostolado da Ora\u00e7\u00e3o, pois seus membros renovam o compromisso de rezar pelos sacerdotes e pela Igreja, al\u00e9m de acolher novos participantes.<\/p>\n<p style=\"text-align: justify;\">Quem participa de qualquer pastoral na Igreja deve ser alegre, por servir \u00e0 Igreja de Cristo. Servir deve ser um gesto de amor, jamais de obriga\u00e7\u00e3o. E tudo o que fazemos por amor, fazemos com alegria.<\/p>\n<p style=\"text-align: justify;\">O dia do Sagrado Cora\u00e7\u00e3o de Jesus \u00e9 tamb\u00e9m um momento de recolhimento e ora\u00e7\u00e3o, em que devemos agradecer a Deus pelo Papa, por nosso bispo diocesano e por nosso p\u00e1roco. Devemos rezar pelos seminaristas que se preparam para o sacerd\u00f3cio, para que sejam bons padres e atendam com fidelidade ao povo que lhes for confiado. Os sacerdotes precisam muito de ora\u00e7\u00e3o; \u00e9 a ora\u00e7\u00e3o do povo de Deus que sustenta a vida do padre.<\/p>\n<p style=\"text-align: justify;\">Al\u00e9m do Apostolado da Ora\u00e7\u00e3o, algumas par\u00f3quias tamb\u00e9m possuem o MEJ (Movimento Eucar\u00edstico Jovem), voltado para adolescentes e jovens que se unem em ora\u00e7\u00e3o diante do Sant\u00edssimo.<\/p>\n<p style=\"text-align: justify;\">N\u00e3o podemos deixar que o grupo do Apostolado da Ora\u00e7\u00e3o se enfraque\u00e7a ou acabe em nossas comunidades. Devemos buscar constantemente renovar suas for\u00e7as e atrair novos membros, para que essa miss\u00e3o continue. Por isso, \u00e9 essencial celebrar, a cada ano, a entrada de novos participantes. O Apostolado da Ora\u00e7\u00e3o \u00e9 muito importante, pois intercede pela Igreja de modo especial: cuida e zela da Eucaristia, estando intimamente ligado a Jesus.<\/p>\n<p style=\"text-align: justify;\">Para participar do grupo do Apostolado da Ora\u00e7\u00e3o \u00e9 a disponibilidade para rezar, em especial o oferecimento do dia, participar uma vez por m\u00eas da Adora\u00e7\u00e3o ao Sant\u00edssimo e da reuni\u00e3o mensal com o grupo. Outra miss\u00e3o que os membros podem realizar \u00e9 visitar os doentes junto com os Ministros da Eucaristia \u2014 inclusive, alguns s\u00e3o tamb\u00e9m ministros extraordin\u00e1rios da Comunh\u00e3o \u2014 visitar os idosos e oferecer alimento aos que mais necessitam.<\/p>\n<p style=\"text-align: justify;\">O Apostolado da Ora\u00e7\u00e3o, al\u00e9m de rezar pela Igreja e pelo sacerdote, intercede por toda a par\u00f3quia e por suas diversas atividades. Algumas comunidades t\u00eam apenas 4, 5 ou 6 membros nesse grupo; por isso, \u00e9 preciso que o padre incentive, ao longo do ano, a ades\u00e3o de novos integrantes, para que, no pr\u00f3ximo ano, o grupo esteja ainda mais forte.<\/p>\n<p style=\"text-align: justify;\">O m\u00eas dedicado ao Sagrado Cora\u00e7\u00e3o de Jesus \u00e9 mais do que uma devo\u00e7\u00e3o. Que o amor de Cristo, que brota de seu Cora\u00e7\u00e3o, inunde a Igreja e toda a terra. A humanidade precisa de mais amor e menos guerra \u2014 e s\u00f3 alcan\u00e7aremos a paz se nos unimos em ora\u00e7\u00e3o diante do Sagrado Cora\u00e7\u00e3o de Jesus.<\/p>\n","protected":false},"excerpt":{"rendered":"<p>O m\u00eas de junho \u00e9 especial para a Igreja, pois, al\u00e9m de ser dedicado ao Sagrado Cora\u00e7\u00e3o de Jesus, celebramos outros tr\u00eas santos importantes e bem conhecidos de nosso povo: no dia 13, Santo Ant\u00f4nio; no dia 24, S\u00e3o Jo\u00e3o Batista; e no dia 29, S\u00e3o Pedro. Junho \u00e9 o m\u00eas das festas juninas, quando [&hellip;]<\/p>\n","protected":false},"author":5,"featured_media":55819,"comment_status":"open","ping_status":"closed","sticky":false,"template":"","format":"standard","meta":{"footnotes":""},"categories":[9],"tags":[],"class_list":["post-94749","post","type-post","status-publish","format-standard","has-post-thumbnail","hentry","category-artigos"],"_links":{"self":[{"href":"https:\/\/catolicanet.net\/wp-cnet\/wp-json\/wp\/v2\/posts\/94749","targetHints":{"allow":["GET"]}}],"collection":[{"href":"https:\/\/catolicanet.net\/wp-cnet\/wp-json\/wp\/v2\/posts"}],"about":[{"href":"https:\/\/catolicanet.net\/wp-cnet\/wp-json\/wp\/v2\/types\/post"}],"author":[{"embeddable":true,"href":"https:\/\/catolicanet.net\/wp-cnet\/wp-json\/wp\/v2\/users\/5"}],"replies":[{"embeddable":true,"href":"https:\/\/catolicanet.net\/wp-cnet\/wp-json\/wp\/v2\/comments?post=94749"}],"version-history":[{"count":1,"href":"https:\/\/catolicanet.net\/wp-cnet\/wp-json\/wp\/v2\/posts\/94749\/revisions"}],"predecessor-version":[{"id":94750,"href":"https:\/\/catolicanet.net\/wp-cnet\/wp-json\/wp\/v2\/posts\/94749\/revisions\/94750"}],"wp:featuredmedia":[{"embeddable":true,"href":"https:\/\/catolicanet.net\/wp-cnet\/wp-json\/wp\/v2\/media\/55819"}],"wp:attachment":[{"href":"https:\/\/catolicanet.net\/wp-cnet\/wp-json\/wp\/v2\/media?parent=94749"}],"wp:term":[{"taxonomy":"category","embeddable":true,"href":"https:\/\/catolicanet.net\/wp-cnet\/wp-json\/wp\/v2\/categories?post=94749"},{"taxonomy":"post_tag","embeddable":true,"href":"https:\/\/catolicanet.net\/wp-cnet\/wp-json\/wp\/v2\/tags?post=94749"}],"curies":[{"name":"wp","href":"https:\/\/api.w.org\/{rel}","templated":true}]}}