{"id":94692,"date":"2025-06-02T09:27:06","date_gmt":"2025-06-02T12:27:06","guid":{"rendered":"https:\/\/catolicanet.net\/wp-cnet\/?p=94692"},"modified":"2025-06-02T17:28:42","modified_gmt":"2025-06-02T20:28:42","slug":"leao-xiv-com-fe-em-deus-coragem-e-sem-odio-proteger-os-indefesos-como-o-martir-hossu","status":"publish","type":"post","link":"https:\/\/catolicanet.net\/wp-cnet\/leao-xiv-com-fe-em-deus-coragem-e-sem-odio-proteger-os-indefesos-como-o-martir-hossu\/","title":{"rendered":"Le\u00e3o XIV: com f\u00e9 em Deus, coragem e sem \u00f3dio, proteger os indefesos como o m\u00e1rtir Hossu"},"content":{"rendered":"<div class=\"article__subTitle\" style=\"text-align: justify;\">As comemora\u00e7\u00f5es na Capela Sistina reuniram autoridades e representantes da Igreja Greco-Cat\u00f3lica nesta segunda-feira (02\/06) para recordar a mensagem &#8220;mais atual do que nunca&#8221; do bispo romeno que salvou milhares de judeus na II Guerra Mundial. Em discurso, o Papa convidou a &#8220;superar o \u00f3dio atrav\u00e9s do perd\u00e3o e a viver a f\u00e9 com dignidade e coragem&#8221; a exemplo do m\u00e1rtir que tinha &#8220;f\u00e9 inabal\u00e1vel em Deus, sem \u00f3dio, mas com a miseric\u00f3rdia que transforma o sofrimento em amor pelos perseguidores&#8221;.<\/div>\n<div class=\"title__separator\" style=\"text-align: justify;\"><\/div>\n<div class=\"article__text\">\n<p style=\"text-align: justify;\"><b>Andressa Collet &#8211; Vatican News<\/b><\/p>\n<p style=\"text-align: justify;\">No Ano Jubilar dedicado \u00e0 esperan\u00e7a, as comemora\u00e7\u00f5es nesta segunda-feira (02\/06) na Capela Sistina, no Vaticano, foram dedicadas a &#8220;um ap\u00f3stolo da esperan\u00e7a&#8221;. O evento, solicitado pela Federa\u00e7\u00e3o das Comunidades Judaicas da Rom\u00eania e concordado um ano atr\u00e1s com o Papa Francisco,\u00a0foi em homenagem ao cardeal Iuliu Hossu (1885-1970) que salvou milhares de vidas durante a II Guerra Mundial. O bispo greco-cat\u00f3lico de Cluj-Gherla, como descreveu Le\u00e3o XIV em discurso, foi um &#8220;pastor e m\u00e1rtir da f\u00e9 durante a persegui\u00e7\u00e3o comunista na Rom\u00eania&#8221;:<\/p>\n<div style=\"text-align: justify;\">\n<div class=\"article__embed article__embed--border embed_style\">\n<blockquote><p>\u201cHoje, de certa forma, ele entra nesta Capela, depois que S\u00e3o Paulo VI, em 28 de abril de 1969, o criou cardeal &#8216;in pectore&#8217;, enquanto estava na pris\u00e3o por ter permanecido fiel \u00e0 Igreja de Roma.\u201d<\/p><\/blockquote>\n<\/div>\n<\/div>\n<p style=\"text-align: justify;\">De fato, Paulo VI soube do compromisso pastoral &#8220;corajoso&#8221; de dom Hossu em favor da Transilv\u00e2nia. Em processo de reconhecimento como \u201cJusto entre as Na\u00e7\u00f5es\u201d, o bispo corria &#8220;enormes riscos para si mesmo e para a Igreja Greco-Cat\u00f3lica&#8221; para apoiar e salvar &#8220;milhares de judeus&#8221;: em carta pastoral, por exemplo, ele lan\u00e7ou um apelo em prol dos hebreus para que fossem ajudados n\u00e3o s\u00f3 com pensamentos, mas tamb\u00e9m com sacrif\u00edcios por essa &#8220;obra de socorro&#8221; fruto de uma &#8220;ardente caridade humana&#8221; &#8211; como o pr\u00f3prio bispo escreveu.<\/p>\n<p style=\"text-align: justify;\">Dom Hossu, junto com outros 6 bispos m\u00e1rtires greco-cat\u00f3licos,\u00a0mortos por \u00f3dio \u00e0 f\u00e9 pelo regime comunista em meados do s\u00e9culo passado,\u00a0<a href=\"https:\/\/www.vaticannews.va\/pt\/papa\/news\/2019-06\/papa-francisco-romenia-divina-liturgia-beatificacao-blaj.html\" target=\"_blank\" rel=\"noopener\">foi beatificado em 2 de junho de 2019 por Francisco<\/a>, em viagem apost\u00f3lica \u00e0 Rom\u00eania:\u00a0\u201ccom grande coragem e fortaleza interior, aceitaram ser sujeitos \u00e0 dura pris\u00e3o e a todo o tipo de maus-tratos, para n\u00e3o renegar a perten\u00e7a \u00e0 sua amada Igreja\u201d, recordou Bergoglio.<\/p>\n<h2 style=\"text-align: justify;\">O ato comemorativo ao m\u00e1rtir na Capela Sistina<\/h2>\n<p style=\"text-align: justify;\">O cardeal Hossu, &#8220;s\u00edmbolo de fraternidade al\u00e9m de qualquer fronteira \u00e9tnica ou religiosa&#8221;, est\u00e1 sendo especialmente recordado em 2025 com o\u00a0<i>Ano Nacional do Cardeal Iuliu Hossu<\/i>, 140 anos ap\u00f3s o seu nascimento. No domingo (01\/06), em mem\u00f3ria do Beato, foi celebrada na Bas\u00edlica de S\u00e3o Pedro, no Vaticano, a Divina Liturgia em l\u00edngua romena, no rito bizantino, organizada pela Arquidiocese de F\u0103g\u0103ra\u0219 e Alba Iulia e pela Eparquia de Cluj-Gherla, na presen\u00e7a de mais de 900 fi\u00e9is provenientes da Rom\u00eania e de comunidades greco-cat\u00f3licas romenas da It\u00e1lia, Reino Unido, Estados Unidos, Fran\u00e7a, Espanha, Hungria e Ucr\u00e2nia. Entre os concelebrantes estavam o cardeal Claudio Gugerotti, prefeito do Dicast\u00e9rio para as Igrejas Orientais, e dom Giampiero Gloder, n\u00fancio apost\u00f3lico na Rom\u00eania e Mold\u00e1via.<\/p>\n<p style=\"text-align: justify;\">Na Capela Sistina nesta segunda-feira (02\/06), as comemora\u00e7\u00f5es contaram com a presen\u00e7a em particular, de Silviu Vexler, presidente da Federa\u00e7\u00e3o das Comunidades Judaicas da Rom\u00eania. Em discurso, Papa Le\u00e3o XIV enalteceu que a\u00a0vida do bispo romeno &#8220;foi um testemunho de f\u00e9 vivido at\u00e9 o fim, na ora\u00e7\u00e3o e na dedica\u00e7\u00e3o ao pr\u00f3ximo. Foi um homem de di\u00e1logo e um profeta de esperan\u00e7a&#8221;. E ao recordar a ess\u00eancia\u00a0do esp\u00edrito dos m\u00e1rtires citou:<\/p>\n<div style=\"text-align: justify;\">\n<div class=\"article__embed article__embed--border embed_style\">\n<blockquote><p>\u201cF\u00e9 inabal\u00e1vel em Deus, sem \u00f3dio, mas com a miseric\u00f3rdia que transforma o sofrimento em amor pelos perseguidores. Essas (palavras) continuam sendo at\u00e9 hoje um convite prof\u00e9tico para superar o \u00f3dio atrav\u00e9s do perd\u00e3o e a viver a f\u00e9 com dignidade e coragem.\u201d<\/p><\/blockquote>\n<\/div>\n<\/div>\n<h2 style=\"text-align: justify;\">Proteger o pr\u00f3ximo, assim como o cardeal Hossu<\/h2>\n<p style=\"text-align: justify;\">O Pont\u00edfice finalizou o discurso enaltecendo o compromisso da Igreja em ajudar &#8220;a construir\u00a0uma sociedade centrada no respeito \u00e0 dignidade humana como exig\u00eancia da consci\u00eancia&#8221; e em se manter pr\u00f3xima ao sofrimento dos judeus que viveram o drama do Holocausto, justamente por saber o que &#8220;significam dor, marginaliza\u00e7\u00e3o e persegui\u00e7\u00e3o&#8221;:<\/p>\n<p style=\"text-align: justify;\"><i>&#8220;A mensagem do cardeal Hossu \u00e9 mais atual do que nunca. O que ele fez pelos judeus da Rom\u00eania, as a\u00e7\u00f5es que realizou para proteger o pr\u00f3ximo, apesar de todos os riscos e perigos, mostram-no como um modelo de homem livre, corajoso e generoso at\u00e9 o sacrif\u00edcio supremo. \u00c9 por isso que o seu lema &#8216;A nossa f\u00e9 \u00e9 a nossa vida&#8217; deveria se tornar o lema de cada um de n\u00f3s. Espero que o seu exemplo, que antecipou os conte\u00fados posteriormente expressos na Declara\u00e7\u00e3o Nostra aetate do Conc\u00edlio Ecum\u00eanico Vaticano II \u2013 cujo anivers\u00e1rio de 60 anos se aproxima \u2013, assim como a amizade de voc\u00eas, sejam uma luz para o mundo de hoje:<\/i><\/p>\n<div>\n<div class=\"article__embed article__embed--border embed_style\">\n<blockquote><p>\u201cDigamos &#8216;n\u00e3o&#8217; \u00e0 viol\u00eancia, a toda viol\u00eancia, ainda mais se perpetrada contra pessoas inermes e indefesas, como crian\u00e7as e fam\u00edlias!\u201d<\/p><\/blockquote>\n<\/div>\n<\/div>\n<\/div>\n","protected":false},"excerpt":{"rendered":"<p>As comemora\u00e7\u00f5es na Capela Sistina reuniram autoridades e representantes da Igreja Greco-Cat\u00f3lica nesta segunda-feira (02\/06) para recordar a mensagem &#8220;mais atual do que nunca&#8221; do bispo romeno que salvou milhares de judeus na II Guerra Mundial. Em discurso, o Papa convidou a &#8220;superar o \u00f3dio atrav\u00e9s do perd\u00e3o e a viver a f\u00e9 com dignidade [&hellip;]<\/p>\n","protected":false},"author":1,"featured_media":94693,"comment_status":"open","ping_status":"closed","sticky":false,"template":"","format":"standard","meta":{"footnotes":""},"categories":[13,3],"tags":[],"class_list":["post-94692","post","type-post","status-publish","format-standard","has-post-thumbnail","hentry","category-featured","category-vaticano"],"_links":{"self":[{"href":"https:\/\/catolicanet.net\/wp-cnet\/wp-json\/wp\/v2\/posts\/94692","targetHints":{"allow":["GET"]}}],"collection":[{"href":"https:\/\/catolicanet.net\/wp-cnet\/wp-json\/wp\/v2\/posts"}],"about":[{"href":"https:\/\/catolicanet.net\/wp-cnet\/wp-json\/wp\/v2\/types\/post"}],"author":[{"embeddable":true,"href":"https:\/\/catolicanet.net\/wp-cnet\/wp-json\/wp\/v2\/users\/1"}],"replies":[{"embeddable":true,"href":"https:\/\/catolicanet.net\/wp-cnet\/wp-json\/wp\/v2\/comments?post=94692"}],"version-history":[{"count":1,"href":"https:\/\/catolicanet.net\/wp-cnet\/wp-json\/wp\/v2\/posts\/94692\/revisions"}],"predecessor-version":[{"id":94695,"href":"https:\/\/catolicanet.net\/wp-cnet\/wp-json\/wp\/v2\/posts\/94692\/revisions\/94695"}],"wp:featuredmedia":[{"embeddable":true,"href":"https:\/\/catolicanet.net\/wp-cnet\/wp-json\/wp\/v2\/media\/94693"}],"wp:attachment":[{"href":"https:\/\/catolicanet.net\/wp-cnet\/wp-json\/wp\/v2\/media?parent=94692"}],"wp:term":[{"taxonomy":"category","embeddable":true,"href":"https:\/\/catolicanet.net\/wp-cnet\/wp-json\/wp\/v2\/categories?post=94692"},{"taxonomy":"post_tag","embeddable":true,"href":"https:\/\/catolicanet.net\/wp-cnet\/wp-json\/wp\/v2\/tags?post=94692"}],"curies":[{"name":"wp","href":"https:\/\/api.w.org\/{rel}","templated":true}]}}