{"id":94683,"date":"2025-05-30T15:57:26","date_gmt":"2025-05-30T18:57:26","guid":{"rendered":"https:\/\/catolicanet.net\/wp-cnet\/?p=94683"},"modified":"2025-05-30T15:57:26","modified_gmt":"2025-05-30T18:57:26","slug":"sejamos-testemunhas-do-ressuscitado-no-mundo","status":"publish","type":"post","link":"https:\/\/catolicanet.net\/wp-cnet\/sejamos-testemunhas-do-ressuscitado-no-mundo\/","title":{"rendered":"Sejamos testemunhas do Ressuscitado no mundo!"},"content":{"rendered":"<p style=\"text-align: justify;\">A Solenidade da Ascens\u00e3o de Jesus mostra, antes de mais, qual \u00e9 a meta final do nosso caminho: a comunh\u00e3o com Deus, a Vida definitiva. Mas, al\u00e9m disso, lembra aos disc\u00edpulos de Jesus que, enquanto caminham na terra, t\u00eam a responsabilidade de continuar a obra de Jesus e de dar testemunho da salva\u00e7\u00e3o de Deus.<\/p>\n<p style=\"text-align: justify;\">No\u00a0Evangelho \u2013 Lc 24,46-53 \u2013, Jesus ressuscitado despede-se dos disc\u00edpulos e passa-lhes o testemunho. Os disc\u00edpulos, formados na \u201cescola\u201d de Jesus, t\u00eam como miss\u00e3o levar o Evangelho a todas as na\u00e7\u00f5es, anunciar a todos os homens e mulheres o amor e a miseric\u00f3rdia de Deus. N\u00e3o estar\u00e3o sozinhos: Jesus vai enviar-lhes, como ajuda, o \u201cprometido do Pai\u201d, a \u201cfor\u00e7a do alto, o Esp\u00edrito Santo. Esse Esp\u00edrito dar-lhes-\u00e1 a for\u00e7a necess\u00e1ria para enfrentar os obst\u00e1culos e ajud\u00e1-los-\u00e1 a discernir os caminhos que devem percorrer. A Ascens\u00e3o de Jesus aos c\u00e9us \u00e9 o coroamento de sua vida de fidelidade ao Pai. Agora os disc\u00edpulos t\u00eam o compromisso de dar continuidade \u00e0 obra iniciada pelo Mestre de Nazar\u00e9.<\/p>\n<p style=\"text-align: justify;\">A\u00a0primeira leitura \u2013 At 1,1-11 \u2013, repete a mensagem essencial desta festa: Jesus, depois de ter comunicado aos homens o projeto do Pai, entrou na Vida definitiva da comunh\u00e3o com Deus, a mesma vida que espera todos os que percorrem o \u201ccaminho\u201d que Jesus percorreu. Os disc\u00edpulos, testemunhas da partida de Jesus, n\u00e3o podem ficar a olhar para o c\u00e9u; mas t\u00eam de ir para o meio dos homens, seus irm\u00e3os, continuar o projeto de Jesus. Antes de sua despedida, o Ressuscitado d\u00e1 as \u00faltimas instru\u00e7\u00f5es aos seus. A miss\u00e3o que lhes confia \u00e9 a mesma que realizou em vida: a instaura\u00e7\u00e3o do Reino de Deus. Ele enviar\u00e1 o Esp\u00edrito para que seus seguidores deixem de olhar para o alto e voltem o olhar para o horizonte, onde se realiza a miss\u00e3o.<\/p>\n<p style=\"text-align: justify;\">A\u00a0segunda leitura \u2013 Ef 1,17-23 \u2013\u00a0convida os disc\u00edpulos a terem consci\u00eancia da \u201cesperan\u00e7a\u201d a que foram chamados: a Vida plena de comunh\u00e3o com Deus. \u00c9 essa \u201cesperan\u00e7a\u201d que ilumina o horizonte daqueles que fazem parte da Igreja, o \u201ccorpo\u201d do qual Cristo \u00e9 a \u201ccabe\u00e7a\u201d. A leitura \u00e9 uma a\u00e7\u00e3o de gra\u00e7as pela f\u00e9 em Jesus e pelo amor fraterno na conviv\u00eancia comunit\u00e1ria. A ressurrei\u00e7\u00e3o de Cristo e a sua glorifica\u00e7\u00e3o \u00e0 direita de Deus constituem a esperan\u00e7a de cada um.<\/p>\n<p style=\"text-align: justify;\">N\u00f3s somos convocados para continuar a a\u00e7\u00e3o de Jesus. Jesus, antes de subir ao c\u00e9u, anuncia o dom do Esp\u00edrito (Lc 24, 49) e aben\u00e7oa (Lc 24,50). O Esp\u00edrito acompanhar\u00e1 os disc\u00edpulos e os guiar\u00e1 na miss\u00e3o. Jesus sobe aos c\u00e9us, mas n\u00e3o nos deixa sozinhos. Somos convocados para ser protagonistas, sem, todavia, dispensar a ajuda do Esp\u00edrito Santo. A op\u00e7\u00e3o de caminhar sozinhos nos tornaria \u201cclericais e partid\u00e1rios do mundanismo espiritual\u201d. Somente com a ajuda do Esp\u00edrito Santo seremos testemunhas do Ressuscitado no mundo. E, nisso, contamos com a b\u00ean\u00e7\u00e3o do Ressuscitado.<\/p>\n<p style=\"text-align: justify;\">A miss\u00e3o de anunciar o Ressuscitado \u00e9 \u00e1rdua. N\u00f3s s\u00f3 podemos faz\u00ea-la \u00e0 for\u00e7a do Esp\u00edrito Santo. Jesus, subindo aos c\u00e9us, deixa para a Igreja e para todos n\u00f3s que nela somos membros para prosseguir no caminho, de modo como Jesus fez. A miss\u00e3o confiada por Jesus aos ap\u00f3stolos \u2013 e, por conseguinte, a cada um de n\u00f3s \u2013 \u00e9 a de sermos mission\u00e1rios da ascens\u00e3o. Sejamos, como mission\u00e1rios, sinais de esperan\u00e7a no mundo, continuando a a\u00e7\u00e3o de Jesus. Assentado \u00e0 direita do Pai, Jesus continua pr\u00f3ximo a n\u00f3s por meio do Esp\u00edrito Santo, que nos fortifica para testemunharmos o Ressuscitado at\u00e9 os confins da terra! Hoje, aqui e agora, n\u00f3s somos as testemunhas de Jesus; enquanto vigilantes, aguardamos a sua vinda gloriosa!<\/p>\n","protected":false},"excerpt":{"rendered":"<p>A Solenidade da Ascens\u00e3o de Jesus mostra, antes de mais, qual \u00e9 a meta final do nosso caminho: a comunh\u00e3o com Deus, a Vida definitiva. Mas, al\u00e9m disso, lembra aos disc\u00edpulos de Jesus que, enquanto caminham na terra, t\u00eam a responsabilidade de continuar a obra de Jesus e de dar testemunho da salva\u00e7\u00e3o de Deus. [&hellip;]<\/p>\n","protected":false},"author":53272,"featured_media":92837,"comment_status":"open","ping_status":"closed","sticky":false,"template":"","format":"standard","meta":{"footnotes":""},"categories":[9],"tags":[],"class_list":["post-94683","post","type-post","status-publish","format-standard","has-post-thumbnail","hentry","category-artigos"],"_links":{"self":[{"href":"https:\/\/catolicanet.net\/wp-cnet\/wp-json\/wp\/v2\/posts\/94683","targetHints":{"allow":["GET"]}}],"collection":[{"href":"https:\/\/catolicanet.net\/wp-cnet\/wp-json\/wp\/v2\/posts"}],"about":[{"href":"https:\/\/catolicanet.net\/wp-cnet\/wp-json\/wp\/v2\/types\/post"}],"author":[{"embeddable":true,"href":"https:\/\/catolicanet.net\/wp-cnet\/wp-json\/wp\/v2\/users\/53272"}],"replies":[{"embeddable":true,"href":"https:\/\/catolicanet.net\/wp-cnet\/wp-json\/wp\/v2\/comments?post=94683"}],"version-history":[{"count":1,"href":"https:\/\/catolicanet.net\/wp-cnet\/wp-json\/wp\/v2\/posts\/94683\/revisions"}],"predecessor-version":[{"id":94685,"href":"https:\/\/catolicanet.net\/wp-cnet\/wp-json\/wp\/v2\/posts\/94683\/revisions\/94685"}],"wp:featuredmedia":[{"embeddable":true,"href":"https:\/\/catolicanet.net\/wp-cnet\/wp-json\/wp\/v2\/media\/92837"}],"wp:attachment":[{"href":"https:\/\/catolicanet.net\/wp-cnet\/wp-json\/wp\/v2\/media?parent=94683"}],"wp:term":[{"taxonomy":"category","embeddable":true,"href":"https:\/\/catolicanet.net\/wp-cnet\/wp-json\/wp\/v2\/categories?post=94683"},{"taxonomy":"post_tag","embeddable":true,"href":"https:\/\/catolicanet.net\/wp-cnet\/wp-json\/wp\/v2\/tags?post=94683"}],"curies":[{"name":"wp","href":"https:\/\/api.w.org\/{rel}","templated":true}]}}