{"id":94675,"date":"2025-05-30T09:43:38","date_gmt":"2025-05-30T12:43:38","guid":{"rendered":"https:\/\/catolicanet.net\/wp-cnet\/?p=94675"},"modified":"2025-05-30T15:45:18","modified_gmt":"2025-05-30T18:45:18","slug":"sao-francisco-de-sales-e-a-liberdade-de-voar-as-cegas","status":"publish","type":"post","link":"https:\/\/catolicanet.net\/wp-cnet\/sao-francisco-de-sales-e-a-liberdade-de-voar-as-cegas\/","title":{"rendered":"S\u00e3o Francisco de Sales e a liberdade de voar \u00e0s cegas"},"content":{"rendered":"<p style=\"text-align: justify;\"><span class=\"SubHeading_subheading__NJ_eJ\" aria-label=\"post subtitle\">S\u00e3o Francisco de Sales entendeu que o crescimento real muitas vezes acontece silenciosamente, nas horas invis\u00edveis, onde o esfor\u00e7o encontra a confian\u00e7a<\/span><\/p>\n<div style=\"text-align: justify;\"><\/div>\n<div class=\"\" style=\"text-align: justify;\">\n<p>Estamos constantemente verificando, atualizando e medindo. Subimos na balan\u00e7a ap\u00f3s cada treino, folheamos nossa caixa de entrada em busca da resposta t\u00e3o esperada ou damos uma olhada em nossa conta banc\u00e1ria na esperan\u00e7a de um avan\u00e7o. \u00c9 como se estiv\u00e9ssemos sempre procurando provas de que nossos esfor\u00e7os est\u00e3o valendo a pena, que nosso trabalho \u00e1rduo est\u00e1 movendo a agulha.<\/p>\n<\/div>\n<div class=\"\" style=\"text-align: justify;\">\n<p>Mas e se abandonarmos esse h\u00e1bito? E se nos concentrarmos no trabalho em si, sem a necessidade ansiosa de acompanhar cada cent\u00edmetro do progresso?<\/p>\n<\/div>\n<div class=\"\" style=\"text-align: justify;\">\n<p>S\u00e3o<a href=\"https:\/\/aleteia.org\/2024\/11\/18\/st-francis-de-sales-lesson-in-finding-god-in-all-things\">\u00a0Francisco de Sales<\/a>\u00a0tinha uma abordagem muito particular para esse tipo de paci\u00eancia: &#8220;Tenha paci\u00eancia com todas as coisas, mas antes de tudo consigo mesmo&#8221;. Ele entendeu que o crescimento real geralmente acontece silenciosamente, nas horas invis\u00edveis, onde o esfor\u00e7o encontra a confian\u00e7a.<\/p>\n<\/div>\n<div class=\"\" style=\"text-align: justify;\">\n<p>N\u00e3o se trata de desistir de seus objetivos ou ignorar o feedback. Trata-se de resistir ao impulso de pairar sobre suas esperan\u00e7as, verificando constantemente se h\u00e1 sinais de vida. Afinal, n\u00e3o vemos nossos m\u00fasculos crescendo em tempo real ou sentimos nossas mentes se agu\u00e7ando a cada livro que lemos. Essas coisas levam tempo e seu impacto muitas vezes se revela apenas em retrospectiva.<\/p>\n<\/div>\n<div class=\"\" style=\"text-align: justify;\">\n<p>Esta paci\u00eancia est\u00e1 profundamente enraizada na tradi\u00e7\u00e3o crist\u00e3. O<a href=\"https:\/\/www.vatican.va\/archive\/ENG0015\/_INDEX.HTM\">\u00a0Catecismo da Igreja Cat\u00f3lica<\/a>, ecoando as Escrituras, ensina que &#8220;a f\u00e9 \u00e9 a realiza\u00e7\u00e3o do que se espera e a prova das coisas que n\u00e3o se veem&#8221; (Hebreus 11,1, CIC 146). Este \u00e9 um lembrete direto de que nem toda coisa boa vem com prova imediata. \u00c0s vezes, as sementes que voc\u00ea planta hoje florescem muito depois de voc\u00ea parar de procur\u00e1-las.<\/p>\n<\/div>\n<div class=\"\" style=\"text-align: justify;\">\n<p>Considere a vida dos santos, muitos dos quais trabalharam em silenciosa obscuridade, nunca vendo o impacto total de seu trabalho.<\/p>\n<\/div>\n<div class=\"\" style=\"text-align: justify;\">\n<p>Santa Teresa de Lisieux passou sua curta vida em um mosteiro carmelita, em grande parte desconhecido do mundo. No entanto, seu &#8220;Pequeno Caminho&#8221; de atos humildes e ocultos de amor passou a inspirar milh\u00f5es, tornando-a uma Doutora da Igreja. Certa vez, ela escreveu: &#8220;N\u00e3o tenho medo da minha fraqueza. S\u00f3 tenho medo de confiar em minhas pr\u00f3prias for\u00e7as.&#8221; Ela entendeu que nosso valor n\u00e3o \u00e9 medido por resultados vis\u00edveis, mas pelo amor e inten\u00e7\u00e3o que derramamos em cada momento.<\/p>\n<\/div>\n<div style=\"text-align: justify;\"><\/div>\n<div class=\"\" style=\"text-align: justify;\">\n<p>Viver assim \u00e9 como ser um fazendeiro. Depois de plantar as sementes, o agricultor n\u00e3o pode apressar a chuva ou comandar o sol. Ele trabalha diligentemente, confiando que o fruto vir\u00e1 em seu pr\u00f3prio tempo. Da mesma forma, somos chamados a fazer nossa parte \u2013 plantar, regar e cuidar \u2013 sem tentar controlar o que s\u00f3 o tempo e a gra\u00e7a podem trazer.<\/p>\n<\/div>\n<div class=\"\">\n<p style=\"text-align: justify;\">Ent\u00e3o, da pr\u00f3xima vez que voc\u00ea sentir vontade de verificar seu progresso, fa\u00e7a uma pausa. Respire. Confie que o trabalho que voc\u00ea est\u00e1 fazendo, por mais invis\u00edvel ou n\u00e3o celebrado, est\u00e1 construindo algo bom. Como o agricultor, voc\u00ea est\u00e1 plantando sementes que florescer\u00e3o em sua esta\u00e7\u00e3o, mesmo que voc\u00ea nunca veja a colheita completa. E nessa rendi\u00e7\u00e3o silenciosa, voc\u00ea pode encontrar uma liberdade mais profunda &#8211; a liberdade de voar \u00e0s cegas.<\/p>\n<\/div>\n","protected":false},"excerpt":{"rendered":"<p>S\u00e3o Francisco de Sales entendeu que o crescimento real muitas vezes acontece silenciosamente, nas horas invis\u00edveis, onde o esfor\u00e7o encontra a confian\u00e7a Estamos constantemente verificando, atualizando e medindo. Subimos na balan\u00e7a ap\u00f3s cada treino, folheamos nossa caixa de entrada em busca da resposta t\u00e3o esperada ou damos uma olhada em nossa conta banc\u00e1ria na esperan\u00e7a [&hellip;]<\/p>\n","protected":false},"author":1,"featured_media":94676,"comment_status":"open","ping_status":"closed","sticky":false,"template":"","format":"standard","meta":{"footnotes":""},"categories":[4,13],"tags":[],"class_list":["post-94675","post","type-post","status-publish","format-standard","has-post-thumbnail","hentry","category-cotidiano","category-featured"],"_links":{"self":[{"href":"https:\/\/catolicanet.net\/wp-cnet\/wp-json\/wp\/v2\/posts\/94675","targetHints":{"allow":["GET"]}}],"collection":[{"href":"https:\/\/catolicanet.net\/wp-cnet\/wp-json\/wp\/v2\/posts"}],"about":[{"href":"https:\/\/catolicanet.net\/wp-cnet\/wp-json\/wp\/v2\/types\/post"}],"author":[{"embeddable":true,"href":"https:\/\/catolicanet.net\/wp-cnet\/wp-json\/wp\/v2\/users\/1"}],"replies":[{"embeddable":true,"href":"https:\/\/catolicanet.net\/wp-cnet\/wp-json\/wp\/v2\/comments?post=94675"}],"version-history":[{"count":1,"href":"https:\/\/catolicanet.net\/wp-cnet\/wp-json\/wp\/v2\/posts\/94675\/revisions"}],"predecessor-version":[{"id":94678,"href":"https:\/\/catolicanet.net\/wp-cnet\/wp-json\/wp\/v2\/posts\/94675\/revisions\/94678"}],"wp:featuredmedia":[{"embeddable":true,"href":"https:\/\/catolicanet.net\/wp-cnet\/wp-json\/wp\/v2\/media\/94676"}],"wp:attachment":[{"href":"https:\/\/catolicanet.net\/wp-cnet\/wp-json\/wp\/v2\/media?parent=94675"}],"wp:term":[{"taxonomy":"category","embeddable":true,"href":"https:\/\/catolicanet.net\/wp-cnet\/wp-json\/wp\/v2\/categories?post=94675"},{"taxonomy":"post_tag","embeddable":true,"href":"https:\/\/catolicanet.net\/wp-cnet\/wp-json\/wp\/v2\/tags?post=94675"}],"curies":[{"name":"wp","href":"https:\/\/api.w.org\/{rel}","templated":true}]}}