{"id":94667,"date":"2025-05-30T09:35:43","date_gmt":"2025-05-30T12:35:43","guid":{"rendered":"https:\/\/catolicanet.net\/wp-cnet\/?p=94667"},"modified":"2025-05-30T15:37:18","modified_gmt":"2025-05-30T18:37:18","slug":"souc-2025-celebrada-de-1o-a-8-de-junho-convida-cristaos-a-refletirem-sobre-o-tema-cres-nisso","status":"publish","type":"post","link":"https:\/\/catolicanet.net\/wp-cnet\/souc-2025-celebrada-de-1o-a-8-de-junho-convida-cristaos-a-refletirem-sobre-o-tema-cres-nisso\/","title":{"rendered":"SOUC 2025, celebrada de 1\u00ba a 8 de junho, convida crist\u00e3os a refletirem sobre o tema \u201cCr\u00eas nisso?\u201d"},"content":{"rendered":"<p style=\"text-align: justify;\" data-start=\"245\" data-end=\"707\">A Semana de Ora\u00e7\u00e3o pela Unidade Crist\u00e3 (SOUC) ser\u00e1 celebrada, no Brasil, entre os dias 1\u00ba e 8 de junho de 2025, com o tema provocativo: \u201cCr\u00eas nisso?\u201d (cf. Jo\u00e3o 11,26). Promovida mundialmente pelo Pontif\u00edcio Conselho para a Promo\u00e7\u00e3o da Unidade dos Crist\u00e3os e pelo Conselho Mundial de Igrejas, a iniciativa busca unir crist\u00e3os de diferentes tradi\u00e7\u00f5es em ora\u00e7\u00e3o e di\u00e1logo pela supera\u00e7\u00e3o das divis\u00f5es hist\u00f3ricas e pela constru\u00e7\u00e3o de uma f\u00e9 comum.<\/p>\n<h3 style=\"text-align: justify;\" data-start=\"709\" data-end=\"761\">Ora\u00e7\u00e3o, reflex\u00e3o e compromisso com a unidade<\/h3>\n<p style=\"text-align: justify;\" data-start=\"763\" data-end=\"1067\">A Semana de Ora\u00e7\u00e3o acontece tradicionalmente em janeiro, no hemisf\u00e9rio Norte, entre os dias 18 e 25, datas simb\u00f3licas entre as festas de S\u00e3o Pedro e S\u00e3o Paulo. No hemisf\u00e9rio Sul, especialmente no Brasil, a SOUC \u00e9 celebrada pr\u00f3ximo \u00e0 festa de Pentecostes, que remete \u00e0 uni\u00e3o e ao nascimento da Igreja.<\/p>\n<p style=\"text-align: justify;\" data-start=\"1069\" data-end=\"1400\">No pa\u00eds, a coordena\u00e7\u00e3o da Semana \u00e9 feita pelo Conselho Nacional de Igrejas Crist\u00e3s (CONIC), que prop\u00f5e materiais lit\u00fargicos, reflexivos e formativos, dispon\u00edveis gratuitamente em formato digital. A proposta \u00e9 que igrejas, comunidades e grupos ecum\u00eanicos organizem celebra\u00e7\u00f5es, encontros e momentos de ora\u00e7\u00e3o ao longO texto b\u00edblico traz \u00e0 tona a dor da perda, o poder da ressurrei\u00e7\u00e3o e, acima de tudo, uma pergunta essencial sobre o conte\u00fado da f\u00e9 crist\u00e3.o da semana.<\/p>\n<h3 style=\"text-align: justify;\" data-start=\"1402\" data-end=\"1447\">O tema de 2025<\/h3>\n<p style=\"text-align: justify;\" data-start=\"1449\" data-end=\"1928\">O vers\u00edculo de Jo\u00e3o 11,26, no qual Jesus pergunta a Marta:\u00a0<em data-start=\"1508\" data-end=\"1523\">\u201cCr\u00eas nisso?\u201d<\/em>, inspira toda a SOUC 2025.\u00a0 O grupo internacional que elaborou os subs\u00eddios deste ano convida os fi\u00e9is a refletirem profundamente: Em que Jesus acreditamos? Um Jesus compassivo, solid\u00e1rio e libertador, ou um Cristo moldado por interesses pessoais e ideol\u00f3gicos?<\/p>\n<p style=\"text-align: justify;\" data-start=\"1971\" data-end=\"2380\">Outro destaque da SOUC 2025 \u00e9 a celebra\u00e7\u00e3o dos 1.700 anos do Conc\u00edlio Ecum\u00eanico de Nic\u00e9ia, realizado em 325 d.C. O evento foi um marco na hist\u00f3ria do cristianismo, estabelecendo consensos fundamentais sobre a natureza divina de Jesus Cristo e a data da celebra\u00e7\u00e3o da P\u00e1scoa. O conc\u00edlio resultou na formula\u00e7\u00e3o do Credo Niceno, uma das declara\u00e7\u00f5es de f\u00e9 mais importantes para diversas tradi\u00e7\u00f5es crist\u00e3s.<\/p>\n<p style=\"text-align: justify;\" data-start=\"2382\" data-end=\"2722\">Embora tenha sido convocado por motivos pol\u00edticos pelo imperador Constantino, o Conc\u00edlio representou o primeiro esfor\u00e7o de reunir lideran\u00e7as crist\u00e3s para refletirem coletivamente sobre a f\u00e9. O termo \u201cecum\u00eanico\u201d, \u00e0 \u00e9poca, referia-se ao territ\u00f3rio do Imp\u00e9rio Romano, mas hoje remete ao di\u00e1logo e \u00e0 busca por comunh\u00e3o entre diferentes igrejas.<\/p>\n<h3 style=\"text-align: justify;\" data-start=\"2724\" data-end=\"2769\">Material digital e participa\u00e7\u00e3o ativa<\/h3>\n<p style=\"text-align: justify;\" data-start=\"2771\" data-end=\"3011\">Desde 2021, todos os materiais da SOUC passaram a ser exclusivamente digitais. O Caderno de Celebra\u00e7\u00e3o (<a href=\"https:\/\/drive.google.com\/file\/d\/1vpMOYrxXkMrqShZ2h5cX5d0v4uwd0HMw\/view\" target=\"_blank\" rel=\"noopener\">e-book<\/a>), o cartaz oficial e a explica\u00e7\u00e3o da arte criada por Gabriel Zinani est\u00e3o dispon\u00edveis\u00a0<a href=\"https:\/\/conic.org.br\/portal\/conic\/noticias\/gabriel-zinani-vence-concurso-do-cartaz-da-semana-de-oracao-2025\" target=\"_blank\" rel=\"noopener\">para download no site do CONIC<\/a>.<\/p>\n<p style=\"text-align: justify;\" data-start=\"3013\" data-end=\"3245\">Al\u00e9m disso, as comunidades s\u00e3o incentivadas a realizar uma oferta especial durante a Semana, como forma concreta de apoiar o ecumenismo. Os recursos arrecadados s\u00e3o destinados a a\u00e7\u00f5es regionais e nacionais promovidas pelo CONIC.<\/p>\n<h3 style=\"text-align: justify;\" data-start=\"3013\" data-end=\"3245\">Oferta<b><br \/>\n<\/b><\/h3>\n<p style=\"text-align: justify;\" data-start=\"3013\" data-end=\"3245\">A oferta da SOUC simboliza o comprometimento das pessoas com o ecumenismo. \u00c9 uma forma concreta de mostrar que se acredita realmente na unidade dos crist\u00e3os (Jo\u00e3o 17:21). Os frutos das ofertas doadas ao longo da Semana s\u00e3o distribu\u00eddos, anualmente, da seguinte maneira: 40% para a representa\u00e7\u00e3o regional do CONIC (onde houver), que \u00e9 destinado a subsidiar reuni\u00f5es e atividades ecum\u00eanicas locais, e 60% para o CONIC Nacional, para projetos de maior alcance.<\/p>\n<p style=\"text-align: justify;\"><img loading=\"lazy\" decoding=\"async\" class=\"size-medium wp-image-982759 aligncenter\" src=\"https:\/\/www.cnbb.org.br\/wp-content\/uploads\/2025\/05\/qr_code_2024-300x300.png\" sizes=\"auto, (max-width: 300px) 100vw, 300px\" srcset=\"https:\/\/www.cnbb.org.br\/wp-content\/uploads\/2025\/05\/qr_code_2024-300x300.png 300w, https:\/\/www.cnbb.org.br\/wp-content\/uploads\/2025\/05\/qr_code_2024-150x150.png 150w, https:\/\/www.cnbb.org.br\/wp-content\/uploads\/2025\/05\/qr_code_2024.png 436w\" alt=\"\" width=\"300\" height=\"300\" \/><\/p>\n<h3 style=\"text-align: justify;\" data-start=\"3570\" data-end=\"3725\">SOUC pelo Brasil<\/h3>\n<p style=\"text-align: justify;\">A abertura da Semana de Ora\u00e7\u00e3o pela Unidade Crist\u00e3 2025, em Bras\u00edlia (DF), ser\u00e1 realizada no dia 2 de junho, \u00e0s 20 horas, na Catedral Episcopal Anglicana de Bras\u00edlia. A celebra\u00e7\u00e3o contar\u00e1 com a participa\u00e7\u00e3o do padre Marcus Barbosa, assessor da Comiss\u00e3o para o Ecumenismo da CNBB.<\/p>\n<p style=\"text-align: justify;\">Na sede da Confer\u00eancia Nacional dos Bispos do Brasil (CNBB), tamb\u00e9m em Bras\u00edlia, haver\u00e1 um momento de celebra\u00e7\u00e3o que contar\u00e1 com a participa\u00e7\u00e3o de assessores e colaboradores da Sede, no dia 4 de junho, \u00e0s 15h30.<\/p>\n<p style=\"text-align: justify;\">Confira a programa\u00e7\u00e3o em outras regi\u00f5es do pa\u00eds:<\/p>\n<div id=\"gallery-1\" class=\"gallery galleryid-982740 gallery-columns-7 gallery-size-large\" style=\"text-align: justify;\">\n<figure class=\"gallery-item\">\n<div class=\"gallery-icon landscape\"><a class=\"rl-gallery-link\" title=\"\" href=\"https:\/\/www.cnbb.org.br\/wp-content\/uploads\/2025\/05\/WhatsApp-Image-2025-05-30-at-09.57.50.jpeg\" data-rl_title=\"\" data-rl_caption=\"\" data-rel=\"lightbox-gallery-1\" data-rl_=\"\"><img loading=\"lazy\" decoding=\"async\" class=\"attachment-large size-large\" src=\"https:\/\/www.cnbb.org.br\/wp-content\/uploads\/2025\/05\/WhatsApp-Image-2025-05-30-at-09.57.50-1024x1024.jpeg\" sizes=\"auto, (max-width: 1024px) 100vw, 1024px\" srcset=\"https:\/\/www.cnbb.org.br\/wp-content\/uploads\/2025\/05\/WhatsApp-Image-2025-05-30-at-09.57.50-1024x1024.jpeg 1024w, https:\/\/www.cnbb.org.br\/wp-content\/uploads\/2025\/05\/WhatsApp-Image-2025-05-30-at-09.57.50-300x300.jpeg 300w, https:\/\/www.cnbb.org.br\/wp-content\/uploads\/2025\/05\/WhatsApp-Image-2025-05-30-at-09.57.50-150x150.jpeg 150w, https:\/\/www.cnbb.org.br\/wp-content\/uploads\/2025\/05\/WhatsApp-Image-2025-05-30-at-09.57.50-768x768.jpeg 768w, https:\/\/www.cnbb.org.br\/wp-content\/uploads\/2025\/05\/WhatsApp-Image-2025-05-30-at-09.57.50-800x800.jpeg 800w, https:\/\/www.cnbb.org.br\/wp-content\/uploads\/2025\/05\/WhatsApp-Image-2025-05-30-at-09.57.50-500x500.jpeg 500w, https:\/\/www.cnbb.org.br\/wp-content\/uploads\/2025\/05\/WhatsApp-Image-2025-05-30-at-09.57.50.jpeg 1080w\" alt=\"\" width=\"1024\" height=\"1024\" \/><\/a><\/div>\n<\/figure>\n<figure class=\"gallery-item\">\n<div class=\"gallery-icon landscape\"><a class=\"rl-gallery-link\" title=\"\" href=\"https:\/\/www.cnbb.org.br\/wp-content\/uploads\/2025\/05\/WhatsApp-Image-2025-05-30-at-09.57.49.jpeg\" data-rl_title=\"\" data-rl_caption=\"\" data-rel=\"lightbox-gallery-1\" data-rl_=\"\"><img loading=\"lazy\" decoding=\"async\" class=\"attachment-large size-large\" src=\"https:\/\/www.cnbb.org.br\/wp-content\/uploads\/2025\/05\/WhatsApp-Image-2025-05-30-at-09.57.49-1024x1024.jpeg\" sizes=\"auto, (max-width: 1024px) 100vw, 1024px\" srcset=\"https:\/\/www.cnbb.org.br\/wp-content\/uploads\/2025\/05\/WhatsApp-Image-2025-05-30-at-09.57.49-1024x1024.jpeg 1024w, https:\/\/www.cnbb.org.br\/wp-content\/uploads\/2025\/05\/WhatsApp-Image-2025-05-30-at-09.57.49-300x300.jpeg 300w, https:\/\/www.cnbb.org.br\/wp-content\/uploads\/2025\/05\/WhatsApp-Image-2025-05-30-at-09.57.49-150x150.jpeg 150w, https:\/\/www.cnbb.org.br\/wp-content\/uploads\/2025\/05\/WhatsApp-Image-2025-05-30-at-09.57.49-768x768.jpeg 768w, https:\/\/www.cnbb.org.br\/wp-content\/uploads\/2025\/05\/WhatsApp-Image-2025-05-30-at-09.57.49-800x800.jpeg 800w, https:\/\/www.cnbb.org.br\/wp-content\/uploads\/2025\/05\/WhatsApp-Image-2025-05-30-at-09.57.49-500x500.jpeg 500w, https:\/\/www.cnbb.org.br\/wp-content\/uploads\/2025\/05\/WhatsApp-Image-2025-05-30-at-09.57.49.jpeg 1080w\" alt=\"\" width=\"1024\" height=\"1024\" \/><\/a><\/div>\n<\/figure>\n<figure class=\"gallery-item\">\n<div class=\"gallery-icon landscape\"><a class=\"rl-gallery-link\" title=\"\" href=\"https:\/\/www.cnbb.org.br\/wp-content\/uploads\/2025\/05\/WhatsApp-Image-2025-05-29-at-18.36.07.jpeg\" data-rl_title=\"\" data-rl_caption=\"\" data-rel=\"lightbox-gallery-1\" data-rl_=\"\"><img loading=\"lazy\" decoding=\"async\" class=\"attachment-large size-large\" src=\"https:\/\/www.cnbb.org.br\/wp-content\/uploads\/2025\/05\/WhatsApp-Image-2025-05-29-at-18.36.07-1024x1024.jpeg\" sizes=\"auto, (max-width: 1024px) 100vw, 1024px\" srcset=\"https:\/\/www.cnbb.org.br\/wp-content\/uploads\/2025\/05\/WhatsApp-Image-2025-05-29-at-18.36.07-1024x1024.jpeg 1024w, https:\/\/www.cnbb.org.br\/wp-content\/uploads\/2025\/05\/WhatsApp-Image-2025-05-29-at-18.36.07-300x300.jpeg 300w, https:\/\/www.cnbb.org.br\/wp-content\/uploads\/2025\/05\/WhatsApp-Image-2025-05-29-at-18.36.07-150x150.jpeg 150w, https:\/\/www.cnbb.org.br\/wp-content\/uploads\/2025\/05\/WhatsApp-Image-2025-05-29-at-18.36.07-768x768.jpeg 768w, https:\/\/www.cnbb.org.br\/wp-content\/uploads\/2025\/05\/WhatsApp-Image-2025-05-29-at-18.36.07-800x800.jpeg 800w, https:\/\/www.cnbb.org.br\/wp-content\/uploads\/2025\/05\/WhatsApp-Image-2025-05-29-at-18.36.07-500x500.jpeg 500w, https:\/\/www.cnbb.org.br\/wp-content\/uploads\/2025\/05\/WhatsApp-Image-2025-05-29-at-18.36.07.jpeg 1080w\" alt=\"\" width=\"1024\" height=\"1024\" \/><\/a><\/div>\n<\/figure>\n<figure class=\"gallery-item\">\n<div class=\"gallery-icon portrait\"><a class=\"rl-gallery-link\" title=\"\" href=\"https:\/\/www.cnbb.org.br\/wp-content\/uploads\/2025\/05\/WhatsApp-Image-2025-05-29-at-16.42.59.jpeg\" data-rl_title=\"\" data-rl_caption=\"\" data-rel=\"lightbox-gallery-1\" data-rl_=\"\"><img loading=\"lazy\" decoding=\"async\" class=\"attachment-large size-large\" src=\"https:\/\/www.cnbb.org.br\/wp-content\/uploads\/2025\/05\/WhatsApp-Image-2025-05-29-at-16.42.59-819x1024.jpeg\" sizes=\"auto, (max-width: 819px) 100vw, 819px\" srcset=\"https:\/\/www.cnbb.org.br\/wp-content\/uploads\/2025\/05\/WhatsApp-Image-2025-05-29-at-16.42.59-819x1024.jpeg 819w, https:\/\/www.cnbb.org.br\/wp-content\/uploads\/2025\/05\/WhatsApp-Image-2025-05-29-at-16.42.59-240x300.jpeg 240w, https:\/\/www.cnbb.org.br\/wp-content\/uploads\/2025\/05\/WhatsApp-Image-2025-05-29-at-16.42.59-768x960.jpeg 768w, https:\/\/www.cnbb.org.br\/wp-content\/uploads\/2025\/05\/WhatsApp-Image-2025-05-29-at-16.42.59-500x625.jpeg 500w, https:\/\/www.cnbb.org.br\/wp-content\/uploads\/2025\/05\/WhatsApp-Image-2025-05-29-at-16.42.59.jpeg 1024w\" alt=\"\" width=\"819\" height=\"1024\" \/><\/a><\/div>\n<\/figure>\n<figure class=\"gallery-item\">\n<div class=\"gallery-icon portrait\"><a class=\"rl-gallery-link\" title=\"\" href=\"https:\/\/www.cnbb.org.br\/wp-content\/uploads\/2025\/05\/WhatsApp-Image-2025-05-29-at-16.42.56.jpeg\" data-rl_title=\"\" data-rl_caption=\"\" data-rel=\"lightbox-gallery-1\" data-rl_=\"\"><img loading=\"lazy\" decoding=\"async\" class=\"attachment-large size-large\" src=\"https:\/\/www.cnbb.org.br\/wp-content\/uploads\/2025\/05\/WhatsApp-Image-2025-05-29-at-16.42.56-819x1024.jpeg\" sizes=\"auto, (max-width: 819px) 100vw, 819px\" srcset=\"https:\/\/www.cnbb.org.br\/wp-content\/uploads\/2025\/05\/WhatsApp-Image-2025-05-29-at-16.42.56-819x1024.jpeg 819w, https:\/\/www.cnbb.org.br\/wp-content\/uploads\/2025\/05\/WhatsApp-Image-2025-05-29-at-16.42.56-240x300.jpeg 240w, https:\/\/www.cnbb.org.br\/wp-content\/uploads\/2025\/05\/WhatsApp-Image-2025-05-29-at-16.42.56-768x960.jpeg 768w, https:\/\/www.cnbb.org.br\/wp-content\/uploads\/2025\/05\/WhatsApp-Image-2025-05-29-at-16.42.56-500x625.jpeg 500w, https:\/\/www.cnbb.org.br\/wp-content\/uploads\/2025\/05\/WhatsApp-Image-2025-05-29-at-16.42.56.jpeg 1080w\" alt=\"\" width=\"819\" height=\"1024\" \/><\/a><\/div>\n<\/figure>\n<figure class=\"gallery-item\">\n<div class=\"gallery-icon portrait\"><a class=\"rl-gallery-link\" title=\"\" href=\"https:\/\/www.cnbb.org.br\/wp-content\/uploads\/2025\/05\/WhatsApp-Image-2025-05-29-at-16.42.59-1.jpeg\" data-rl_title=\"\" data-rl_caption=\"\" data-rel=\"lightbox-gallery-1\" data-rl_=\"\"><img loading=\"lazy\" decoding=\"async\" class=\"attachment-large size-large\" src=\"https:\/\/www.cnbb.org.br\/wp-content\/uploads\/2025\/05\/WhatsApp-Image-2025-05-29-at-16.42.59-1-683x1024.jpeg\" sizes=\"auto, (max-width: 683px) 100vw, 683px\" srcset=\"https:\/\/www.cnbb.org.br\/wp-content\/uploads\/2025\/05\/WhatsApp-Image-2025-05-29-at-16.42.59-1-683x1024.jpeg 683w, https:\/\/www.cnbb.org.br\/wp-content\/uploads\/2025\/05\/WhatsApp-Image-2025-05-29-at-16.42.59-1-200x300.jpeg 200w, https:\/\/www.cnbb.org.br\/wp-content\/uploads\/2025\/05\/WhatsApp-Image-2025-05-29-at-16.42.59-1-768x1152.jpeg 768w, https:\/\/www.cnbb.org.br\/wp-content\/uploads\/2025\/05\/WhatsApp-Image-2025-05-29-at-16.42.59-1-500x750.jpeg 500w, https:\/\/www.cnbb.org.br\/wp-content\/uploads\/2025\/05\/WhatsApp-Image-2025-05-29-at-16.42.59-1.jpeg 1024w\" alt=\"\" width=\"683\" height=\"1024\" \/><\/a><\/div>\n<\/figure>\n<figure class=\"gallery-item\">\n<div class=\"gallery-icon portrait\"><a class=\"rl-gallery-link\" title=\"\" href=\"https:\/\/www.cnbb.org.br\/wp-content\/uploads\/2025\/05\/WhatsApp-Image-2025-05-29-at-16.42.57.jpeg\" data-rl_title=\"\" data-rl_caption=\"\" data-rel=\"lightbox-gallery-1\" data-rl_=\"\"><img loading=\"lazy\" decoding=\"async\" class=\"attachment-large size-large\" src=\"https:\/\/www.cnbb.org.br\/wp-content\/uploads\/2025\/05\/WhatsApp-Image-2025-05-29-at-16.42.57-723x1024.jpeg\" sizes=\"auto, (max-width: 723px) 100vw, 723px\" srcset=\"https:\/\/www.cnbb.org.br\/wp-content\/uploads\/2025\/05\/WhatsApp-Image-2025-05-29-at-16.42.57-723x1024.jpeg 723w, https:\/\/www.cnbb.org.br\/wp-content\/uploads\/2025\/05\/WhatsApp-Image-2025-05-29-at-16.42.57-212x300.jpeg 212w, https:\/\/www.cnbb.org.br\/wp-content\/uploads\/2025\/05\/WhatsApp-Image-2025-05-29-at-16.42.57-768x1087.jpeg 768w, https:\/\/www.cnbb.org.br\/wp-content\/uploads\/2025\/05\/WhatsApp-Image-2025-05-29-at-16.42.57-500x708.jpeg 500w, https:\/\/www.cnbb.org.br\/wp-content\/uploads\/2025\/05\/WhatsApp-Image-2025-05-29-at-16.42.57.jpeg 904w\" alt=\"\" width=\"723\" height=\"1024\" \/><\/a><\/div>\n<\/figure>\n<\/div>\n<p style=\"text-align: justify;\">\n<p style=\"text-align: justify;\">Para mais informa\u00e7\u00f5es e download dos materiais acesse:\u00a0<a class=\"\" href=\"http:\/\/www.conic.org.br\/\" target=\"_new\" rel=\"noopener\" data-start=\"3682\" data-end=\"3725\">www.conic.org.br<\/a><\/p>\n","protected":false},"excerpt":{"rendered":"<p>A Semana de Ora\u00e7\u00e3o pela Unidade Crist\u00e3 (SOUC) ser\u00e1 celebrada, no Brasil, entre os dias 1\u00ba e 8 de junho de 2025, com o tema provocativo: \u201cCr\u00eas nisso?\u201d (cf. Jo\u00e3o 11,26). Promovida mundialmente pelo Pontif\u00edcio Conselho para a Promo\u00e7\u00e3o da Unidade dos Crist\u00e3os e pelo Conselho Mundial de Igrejas, a iniciativa busca unir crist\u00e3os de [&hellip;]<\/p>\n","protected":false},"author":1,"featured_media":94668,"comment_status":"open","ping_status":"closed","sticky":false,"template":"","format":"standard","meta":{"footnotes":""},"categories":[7,13],"tags":[],"class_list":["post-94667","post","type-post","status-publish","format-standard","has-post-thumbnail","hentry","category-cnbb","category-featured"],"_links":{"self":[{"href":"https:\/\/catolicanet.net\/wp-cnet\/wp-json\/wp\/v2\/posts\/94667","targetHints":{"allow":["GET"]}}],"collection":[{"href":"https:\/\/catolicanet.net\/wp-cnet\/wp-json\/wp\/v2\/posts"}],"about":[{"href":"https:\/\/catolicanet.net\/wp-cnet\/wp-json\/wp\/v2\/types\/post"}],"author":[{"embeddable":true,"href":"https:\/\/catolicanet.net\/wp-cnet\/wp-json\/wp\/v2\/users\/1"}],"replies":[{"embeddable":true,"href":"https:\/\/catolicanet.net\/wp-cnet\/wp-json\/wp\/v2\/comments?post=94667"}],"version-history":[{"count":1,"href":"https:\/\/catolicanet.net\/wp-cnet\/wp-json\/wp\/v2\/posts\/94667\/revisions"}],"predecessor-version":[{"id":94670,"href":"https:\/\/catolicanet.net\/wp-cnet\/wp-json\/wp\/v2\/posts\/94667\/revisions\/94670"}],"wp:featuredmedia":[{"embeddable":true,"href":"https:\/\/catolicanet.net\/wp-cnet\/wp-json\/wp\/v2\/media\/94668"}],"wp:attachment":[{"href":"https:\/\/catolicanet.net\/wp-cnet\/wp-json\/wp\/v2\/media?parent=94667"}],"wp:term":[{"taxonomy":"category","embeddable":true,"href":"https:\/\/catolicanet.net\/wp-cnet\/wp-json\/wp\/v2\/categories?post=94667"},{"taxonomy":"post_tag","embeddable":true,"href":"https:\/\/catolicanet.net\/wp-cnet\/wp-json\/wp\/v2\/tags?post=94667"}],"curies":[{"name":"wp","href":"https:\/\/api.w.org\/{rel}","templated":true}]}}