{"id":94635,"date":"2025-05-16T09:51:14","date_gmt":"2025-05-16T12:51:14","guid":{"rendered":"https:\/\/catolicanet.net\/wp-cnet\/?p=94635"},"modified":"2025-05-29T18:52:39","modified_gmt":"2025-05-29T21:52:39","slug":"amai-vos-uns-aos-outros-como-eu-vos-amei","status":"publish","type":"post","link":"https:\/\/catolicanet.net\/wp-cnet\/amai-vos-uns-aos-outros-como-eu-vos-amei\/","title":{"rendered":"\u201cAmai-vos uns aos outros como eu vos amei.\u201d"},"content":{"rendered":"<p><strong>Homilia \u2013 5\u00ba Domingo da P\u00e1scoa \u2013 Ano C<\/strong><\/p>\n<p style=\"text-align: justify;\"><em>Evangelho: Jo\u00e3o 13,31-33a.34-35<\/em><\/p>\n<p style=\"text-align: justify;\">Queridos irm\u00e3os e irm\u00e3s em Cristo,<\/p>\n<p style=\"text-align: justify;\">Estamos no cora\u00e7\u00e3o do Tempo Pascal. Cristo ressuscitou! Ele venceu a morte, e sua vida nova transforma tudo. O Evangelho de hoje nos apresenta uma fala de Jesus que ressoa como um testamento. \u00c9 a v\u00e9spera de sua paix\u00e3o. Ele est\u00e1 com os disc\u00edpulos no cen\u00e1culo e sabe que est\u00e1 prestes a ser glorificado por meio da cruz. E, nesse momento decisivo, Ele nos entrega aquilo que poder\u00edamos chamar de o cora\u00e7\u00e3o do Evangelho \u2013 Jo 13,31-33a.34-35 \u2013: o mandamento novo do amor.<\/p>\n<p style=\"text-align: justify;\">Jesus n\u00e3o apenas nos manda amar \u2014 isso j\u00e1 estava na Lei de Mois\u00e9s \u2014 mas nos convida a um novo modo de amar: <em>\u201cComo eu vos amei.\u201d<\/em> Aqui est\u00e1 a novidade crist\u00e3. N\u00e3o se trata de amar apenas com palavras, nem s\u00f3 com bons sentimentos. \u00c9 um amor que se expressa em gestos concretos, em doa\u00e7\u00e3o, em entrega, em servi\u00e7o. Jesus lavou os p\u00e9s dos disc\u00edpulos, acolheu os pecadores, perdoou os inimigos, deu a vida na cruz. Esse \u00e9 o padr\u00e3o do amor crist\u00e3o.<\/p>\n<p style=\"text-align: justify;\">E Jesus acrescenta: <em>\u201cNisto todos conhecer\u00e3o que sois meus disc\u00edpulos: se tiverdes amor uns pelos outros.\u201d<\/em> A marca do verdadeiro crist\u00e3o n\u00e3o \u00e9 a apar\u00eancia, nem o discurso, nem mesmo os dons extraordin\u00e1rios, mas o amor vivido no cotidiano. \u00c9 esse amor que transforma as rela\u00e7\u00f5es, que constr\u00f3i pontes onde h\u00e1 muros, que reconcilia onde h\u00e1 divis\u00e3o, que cura onde h\u00e1 feridas.<\/p>\n<p style=\"text-align: justify;\">Vivemos num mundo marcado por tantas formas de desamor: indiferen\u00e7a, intoler\u00e2ncia, viol\u00eancia, exclus\u00e3o, competi\u00e7\u00e3o desumana. A proposta de Jesus continua sendo revolucion\u00e1ria. O amor crist\u00e3o n\u00e3o \u00e9 passivo nem ing\u00eanuo. \u00c9 um amor ativo, que denuncia o mal, que n\u00e3o se conforma com a injusti\u00e7a, mas que sempre busca a dignidade do outro.<\/p>\n<p style=\"text-align: justify;\">Hoje somos convidados a nos perguntar: tenho amado como Jesus ama? Ou apenas como o mundo ama? Tenho perdoado? Tenho me doado? Tenho acolhido sem julgar? O mandamento do amor n\u00e3o \u00e9 opcional. \u00c9 o crit\u00e9rio \u00faltimo do nosso seguimento a Cristo.<\/p>\n<p style=\"text-align: justify;\">Na segunda leitura, tirada do Apocalipse \u2013 Ap 21,1-5a \u2013, ouvimos: <em>\u201cEis que fa\u00e7o novas todas as coisas.\u201d <\/em>Essa novidade prometida por Deus come\u00e7a agora, quando colocamos em pr\u00e1tica o mandamento do amor. A nova Jerusal\u00e9m, a nova humanidade, come\u00e7a a nascer quando vivemos como irm\u00e3os.<\/p>\n<p style=\"text-align: justify;\">Que nesta Eucaristia possamos renovar nosso compromisso de viver o amor que vem de Cristo. Que nossas comunidades sejam reconhecidas n\u00e3o por seus pr\u00e9dios, nem por suas programa\u00e7\u00f5es, mas pelo amor concreto, fraterno e generoso que une os cora\u00e7\u00f5es. Porque, como disse Jesus, <em>\u201cnisto todos saber\u00e3o que sois meus disc\u00edpulos.\u201d<\/em><\/p>\n<p style=\"text-align: justify;\">Am\u00e9m.<\/p>\n","protected":false},"excerpt":{"rendered":"<p>Homilia \u2013 5\u00ba Domingo da P\u00e1scoa \u2013 Ano C Evangelho: Jo\u00e3o 13,31-33a.34-35 Queridos irm\u00e3os e irm\u00e3s em Cristo, Estamos no cora\u00e7\u00e3o do Tempo Pascal. Cristo ressuscitou! Ele venceu a morte, e sua vida nova transforma tudo. O Evangelho de hoje nos apresenta uma fala de Jesus que ressoa como um testamento. \u00c9 a v\u00e9spera de [&hellip;]<\/p>\n","protected":false},"author":53272,"featured_media":92837,"comment_status":"open","ping_status":"closed","sticky":false,"template":"","format":"standard","meta":{"footnotes":""},"categories":[9],"tags":[],"class_list":["post-94635","post","type-post","status-publish","format-standard","has-post-thumbnail","hentry","category-artigos"],"_links":{"self":[{"href":"https:\/\/catolicanet.net\/wp-cnet\/wp-json\/wp\/v2\/posts\/94635","targetHints":{"allow":["GET"]}}],"collection":[{"href":"https:\/\/catolicanet.net\/wp-cnet\/wp-json\/wp\/v2\/posts"}],"about":[{"href":"https:\/\/catolicanet.net\/wp-cnet\/wp-json\/wp\/v2\/types\/post"}],"author":[{"embeddable":true,"href":"https:\/\/catolicanet.net\/wp-cnet\/wp-json\/wp\/v2\/users\/53272"}],"replies":[{"embeddable":true,"href":"https:\/\/catolicanet.net\/wp-cnet\/wp-json\/wp\/v2\/comments?post=94635"}],"version-history":[{"count":1,"href":"https:\/\/catolicanet.net\/wp-cnet\/wp-json\/wp\/v2\/posts\/94635\/revisions"}],"predecessor-version":[{"id":94637,"href":"https:\/\/catolicanet.net\/wp-cnet\/wp-json\/wp\/v2\/posts\/94635\/revisions\/94637"}],"wp:featuredmedia":[{"embeddable":true,"href":"https:\/\/catolicanet.net\/wp-cnet\/wp-json\/wp\/v2\/media\/92837"}],"wp:attachment":[{"href":"https:\/\/catolicanet.net\/wp-cnet\/wp-json\/wp\/v2\/media?parent=94635"}],"wp:term":[{"taxonomy":"category","embeddable":true,"href":"https:\/\/catolicanet.net\/wp-cnet\/wp-json\/wp\/v2\/categories?post=94635"},{"taxonomy":"post_tag","embeddable":true,"href":"https:\/\/catolicanet.net\/wp-cnet\/wp-json\/wp\/v2\/tags?post=94635"}],"curies":[{"name":"wp","href":"https:\/\/api.w.org\/{rel}","templated":true}]}}