{"id":94611,"date":"2025-05-22T09:25:36","date_gmt":"2025-05-22T12:25:36","guid":{"rendered":"https:\/\/catolicanet.net\/wp-cnet\/?p=94611"},"modified":"2025-05-29T18:30:11","modified_gmt":"2025-05-29T21:30:11","slug":"a-arquidiocese-de-sao-jose-do-rio-preto","status":"publish","type":"post","link":"https:\/\/catolicanet.net\/wp-cnet\/a-arquidiocese-de-sao-jose-do-rio-preto\/","title":{"rendered":"A Arquidiocese de S\u00e3o Jos\u00e9 do Rio Preto"},"content":{"rendered":"<p style=\"text-align: justify;\">\u00a0\u00a0\u00a0\u00a0\u00a0\u00a0\u00a0\u00a0 Hoje foi anunciada a noticia aguardada com carinho: A Diocese de S\u00e3o Jos\u00e9 do Rio Preto \u00e9 elevada a Arquidiocese e seu Bispo Diocesano passa a ser o primeiro Arcebispo. Nossa unidade e ora\u00e7\u00f5es!<\/p>\n<p style=\"text-align: justify;\">Fico muito feliz com esse fato, pois, como \u00e9 de conhecimento p\u00fablico eu fui o terceiro Bispo Diocesano de S\u00e3o Jos\u00e9 do Rio Preto tomando posse em 1\u00ba. de maio de 1997 sucedendo a Dom Jos\u00e9 de Aquino Pereira, segundo Bispo Diocesano. Governei esta Diocese at\u00e9 13 de outubro de 2004 quando fui nomeado Arcebispo Metropolitano de Bel\u00e9m do Par\u00e1. Em S\u00e3o Jos\u00e9 do Rio Preto fui seu bispo por 7 anos, 7 meses e 7 dias. Preparei, no meu governo, a eleva\u00e7\u00e3o can\u00f4nica e cria\u00e7\u00e3o da Diocese de Catanduva e deixei tudo pronto para que a gigante Prov\u00edncia Eclesi\u00e1stica de Ribeir\u00e3o Preto fosse dividida e fosse erigida canonicamente a Arquidiocese de S\u00e3o Jos\u00e9 do Rio Preto que, por vontade de Deus e decreto do amado Papa Le\u00e3o XIV, foi institu\u00edda neste dia 22 de maio de 2025. Festa de Santa Rita de C\u00e1ssia. Provid\u00eancia de Deus que a primeira Arquidiocese criada pelo novo Papa seja no pujante Noroeste Paulista.<\/p>\n<p style=\"text-align: justify;\">A ocupa\u00e7\u00e3o da regi\u00e3o de S\u00e3o Jos\u00e9 do Rio Preto\u00a0(SP) come\u00e7ou no s\u00e9culo XIX, com a vinda de fam\u00edlias at\u00e9 ent\u00e3o residentes em Minas Gerais em busca de terras f\u00e9rteis para a agricultura. Chegaram por volta de 1840. A 19 de mar\u00e7o de 1852, Lu\u00eds Ant\u00f4nio da Silveira e sua mulher, dona Tereza Francisca de Jesus, doam terras para o patrim\u00f4nio de S\u00e3o Jos\u00e9, onde haveria de ser constru\u00edda uma pequena igrejinha, de pau-a-pique e coberta de sap\u00e9. Nessa \u00e9poca, o bairro de Rio Preto pertence ao munic\u00edpio de S\u00e3o Bento de Araraquara. Em torno dessa capela, ergueram-se modestas casas de pau-a-pique dando origem ao povoado. A Capela dedicada ao padroeiro S\u00e3o Jos\u00e9 foi consagrada em 1854, pelo Padre Jos\u00e9 Maria de Oliveira, da\u00a0cidade de Araraquara. Em 1857, a igrejinha constru\u00edda pelos primeiros habitantes da cidade \u00e9 oficialmente institu\u00edda como\u00a0Capela. Dom Lino Deodato Rodrigues de Carvalho, bispo de S\u00e3o Paulo, determina a cria\u00e7\u00e3o da Par\u00f3quia de S\u00e3o Jos\u00e9, concedendo-lhe provis\u00e3o no dia 15 de janeiro de 1882. Em 1\u00ba de janeiro de 1884, o vilarejo ganha um p\u00e1roco. \u00c9 o Padre Jos\u00e9 Bento da Costa que exerceu o cargo at\u00e9 fevereiro de 1896. A ele se deve o tra\u00e7ado da primeira planta da futura cidade, pois ele encomendou esse trabalho ao engenheiro italiano Ugolino Ugolini por volta de 1894 \u2013 1895. A Primeira Capela de S\u00e3o Jos\u00e9 do Rio Preto, constru\u00edda a partir de 1854 e ampliada em 1867.<\/p>\n<p style=\"text-align: justify;\">A cidade cresceu, a capelinha foi substitu\u00edda. Em 1912, a primeira capela foi demolida, e no dia 26 de maio desse mesmo ano, foi lan\u00e7ada a pedra fundamental da nova Igreja Matriz. Em 04 de setembro de 1914, Dom Jos\u00e9 Marcondes de Homem de Mello deu a b\u00ean\u00e7\u00e3o solene na nova igreja, que apenas haveria de ser conclu\u00edda em 1930. Em 1925, o povo rio-pretense \u00e9 comunicado sobre a futura divis\u00e3o da Diocese de S\u00e3o Carlos com a cria\u00e7\u00e3o das Dioceses de Rio Preto e Jaboticabal. A partir da\u00ed, toda comunidade cat\u00f3lica se mobilizou, criando uma comiss\u00e3o incumbida da organiza\u00e7\u00e3o do patrim\u00f4nio do novo bispado e de levantar fundos para a constru\u00e7\u00e3o da Catedral, do Pal\u00e1cio Episcopal e do Semin\u00e1rio. Mas a cria\u00e7\u00e3o do Bispado s\u00f3 ocorreu mesmo no dia 25 de janeiro de 1929, atrav\u00e9s de uma Bula do Papa Pio XI. Nesse momento inicial, a diocese era composta por 15 par\u00f3quias, mencionadas na Bula de cria\u00e7\u00e3o: \u201cRio Preto, Ibir\u00e1, Santa Ad\u00e9lia, Tabapu\u00e3, Mirassol, Nova Granada, Monte Apraz\u00edvel, Tanabi, Ariranha, Catanduva, Potirendaba, In\u00e1cio Uchoa, Cedral, Jos\u00e9 Bonif\u00e1cio e Fernando Prestes\u201d. Entretanto, faltava o bispo.<\/p>\n<table width=\"1244\">\n<tbody>\n<tr>\n<td><\/td>\n<\/tr>\n<\/tbody>\n<\/table>\n<p style=\"text-align: justify;\">Aos 8 de agosto de 1930, o Papa Pio XI nomeia Dom Lafayette Lib\u00e2nio como Bispo da Diocese de Rio Preto. Ele toma posse em 22 de janeiro de 1931 e governa a diocese at\u00e9 1966. Dom Lafayette chegou a Rio Preto por meio da Estrada de Ferro Araraquarense. Foi recebido por uma grande multid\u00e3o de fi\u00e9is organizada pelo prefeito Jo\u00e3o Augusto de P\u00e1dua Fleury. O primeiro bispo de Rio Preto foi saudado oficialmente pelo advogado Luiz Ferreira Nunes, que falou em nome de todos os fi\u00e9is presentes ao evento. \u00c0 frente da Diocese de 1931 a 1966, Dom Lafayette Lib\u00e2nio foi o respons\u00e1vel pelos primeiros passos de um sonho constru\u00eddo em conjunto por homens e mulheres que n\u00e3o mediram esfor\u00e7os para se dedicar aos desafios da Igreja particular de S\u00e3o Jos\u00e9 do Rio Preto. Com um trabalho verdadeiramente mission\u00e1rio, Dom Lafayette percorreu sua imensa diocese, enfrentando estradas poeirentas no ver\u00e3o, encharcadas e lamacentas no per\u00edodo das chuvas. Nas prolongadas visitas paroquiais, no in\u00edcio, viajou em lombo de cavalo, pousando em choupanas simples, muitas vezes \u00famidas. Mais tarde, viajou em carro, mas as estradas continuavam mal tratadas, estreitas e com muitos buracos.<\/p>\n<p style=\"text-align: justify;\">Durante a Revolu\u00e7\u00e3o Constitucionalista de 1932, Dom Lafayette fez uma promessa \u00e0 Padroeira do Brasil, pedindo sua prote\u00e7\u00e3o, para que a guerra n\u00e3o chegasse ao territ\u00f3rio diocesano. Como seu pedido foi atendido, cumpriu sua promessa em 1943, data da consagra\u00e7\u00e3o da Bas\u00edlica Nossa Senhora Aparecida. Al\u00e9m disso, Dom Lafayette n\u00e3o mediu esfor\u00e7os para efetivar a instala\u00e7\u00e3o de um Semin\u00e1rio Menor Diocesano. Nomeou Monsenhor Greg\u00f3rio Naffr\u00eda para empreender a constru\u00e7\u00e3o, terminada e inaugurada em 1944. Em 1940, aconteceu o Primeiro Congresso Eucar\u00edstico Diocesano e, em 1949, o Congresso Eucar\u00edstico Mariano Provincial. Os dois Congressos reuniram muitos fi\u00e9is e contou com a presen\u00e7a de autoridades religiosas, bispos, o arcebispo de S\u00e3o Paulo e demais autoridades civis. Esses dois acontecimentos tornaram a cidade e toda a regi\u00e3o conhecidas em todo o pa\u00eds.<\/p>\n<p style=\"text-align: justify;\">Em 1929, ano da cria\u00e7\u00e3o da Diocese, a fam\u00edlia Sp\u00ednola Castro doou \u00e0 diocese um terreno de 10.800 metros quadrados, no bairro Boa Vista. Nesse ano, Dom Jos\u00e9 Marcondes, bispo de S\u00e3o Carlos, colocou a pedra fundamental da casa do futuro bispo, por\u00e9m somente em 1946, foi organizada uma comiss\u00e3o definitiva para a constru\u00e7\u00e3o do Pal\u00e1cio Episcopal. O pr\u00e9dio foi inaugurado no dia 12 de novembro de 1947. Dom Lafayette se mudou para a Avenida Constitui\u00e7\u00e3o, onde residiu at\u00e9 a sua ren\u00fancia can\u00f4nica em 1966. Depois dele veio D. Jos\u00e9 Aquino Pereira, que organizou a Diocese e estabilizou-a financeiramente. Couve a mim pedir a mudan\u00e7a de nome da Diocese de Rio Preto para S\u00e3o Jos\u00e9 do Rio Preto e dar os passos para a cria\u00e7\u00e3o da Diocese de Catanduva.<\/p>\n<p style=\"text-align: justify;\">Agora a Diocese de S\u00e3o Jos\u00e9 do Rio Preto foi elevado \u00e0 Sede Metropolitana tendo como Dioceses sufrag\u00e2neas as Dioceses de Jales, Catanduva, Barretos e Votuporanga.<\/p>\n<p style=\"text-align: justify;\">A Prov\u00edncia Eclesi\u00e1stica \u00e9 a subdivis\u00e3o da Igreja em um Estado dentro de um pa\u00eds. Dependendo do seu tamanho, ele \u00e9 dividido em regi\u00f5es, agrupadas em prov\u00edncias, que s\u00e3o dioceses reunidas n\u00e3o apenas com base em crit\u00e9rios geogr\u00e1ficos, mas principalmente pastoral, que sejam mais ou menos comuns. Ideia \u00e9 proporcionar uma comunh\u00e3o entre dioceses pr\u00f3ximas no sentido da atua\u00e7\u00e3o pastoral.<\/p>\n<p style=\"text-align: justify;\">A\u00a0prov\u00edncia eclesi\u00e1stica\u00a0\u00e9 um conjunto de dioceses pr\u00f3ximas territorialmente, que tem como sede a Arquidiocese Metropolitana jurisdicional, com o objetivo de promover uma a\u00e7\u00e3o comum por parte de dioceses vizinhas e favorecer eficazmente a m\u00fatua rela\u00e7\u00e3o entre os bispos.<\/p>\n<p style=\"text-align: justify;\">A a\u00a0raz\u00e3o\u00a0fundamental da exist\u00eancia de uma\u00a0Prov\u00edncia Eclesi\u00e1stica, ou seja, de uma Arquidiocese com suas dioceses sufrag\u00e2neas, \u00e9 de\u00a0ordem pastoral. Em sinodalidade, buscar-se-\u00e1 apoio m\u00fatuo, interc\u00e2mbio de experi\u00eancias, maior comunh\u00e3o, participa\u00e7\u00e3o e miss\u00e3o entre Igrejas Particulares pr\u00f3ximas fisicamente.<\/p>\n<p style=\"text-align: justify;\">Desejamos a Dom Ant\u00f4nio Em\u00eddio Vilar, primeiro Arcebispo de S\u00e3o Jos\u00e9 do Rio Preto, as melhores b\u00ean\u00e7\u00e3os de Deus para a sua bela miss\u00e3o de Metropolita! S\u00e3o Jos\u00e9 de Botas ilumine o seu minist\u00e9rio de Arcebispo Metropolitano.<\/p>\n","protected":false},"excerpt":{"rendered":"<p>\u00a0\u00a0\u00a0\u00a0\u00a0\u00a0\u00a0\u00a0 Hoje foi anunciada a noticia aguardada com carinho: A Diocese de S\u00e3o Jos\u00e9 do Rio Preto \u00e9 elevada a Arquidiocese e seu Bispo Diocesano passa a ser o primeiro Arcebispo. Nossa unidade e ora\u00e7\u00f5es! Fico muito feliz com esse fato, pois, como \u00e9 de conhecimento p\u00fablico eu fui o terceiro Bispo Diocesano de S\u00e3o [&hellip;]<\/p>\n","protected":false},"author":5,"featured_media":55819,"comment_status":"open","ping_status":"closed","sticky":false,"template":"","format":"standard","meta":{"footnotes":""},"categories":[9],"tags":[],"class_list":["post-94611","post","type-post","status-publish","format-standard","has-post-thumbnail","hentry","category-artigos"],"_links":{"self":[{"href":"https:\/\/catolicanet.net\/wp-cnet\/wp-json\/wp\/v2\/posts\/94611","targetHints":{"allow":["GET"]}}],"collection":[{"href":"https:\/\/catolicanet.net\/wp-cnet\/wp-json\/wp\/v2\/posts"}],"about":[{"href":"https:\/\/catolicanet.net\/wp-cnet\/wp-json\/wp\/v2\/types\/post"}],"author":[{"embeddable":true,"href":"https:\/\/catolicanet.net\/wp-cnet\/wp-json\/wp\/v2\/users\/5"}],"replies":[{"embeddable":true,"href":"https:\/\/catolicanet.net\/wp-cnet\/wp-json\/wp\/v2\/comments?post=94611"}],"version-history":[{"count":1,"href":"https:\/\/catolicanet.net\/wp-cnet\/wp-json\/wp\/v2\/posts\/94611\/revisions"}],"predecessor-version":[{"id":94613,"href":"https:\/\/catolicanet.net\/wp-cnet\/wp-json\/wp\/v2\/posts\/94611\/revisions\/94613"}],"wp:featuredmedia":[{"embeddable":true,"href":"https:\/\/catolicanet.net\/wp-cnet\/wp-json\/wp\/v2\/media\/55819"}],"wp:attachment":[{"href":"https:\/\/catolicanet.net\/wp-cnet\/wp-json\/wp\/v2\/media?parent=94611"}],"wp:term":[{"taxonomy":"category","embeddable":true,"href":"https:\/\/catolicanet.net\/wp-cnet\/wp-json\/wp\/v2\/categories?post=94611"},{"taxonomy":"post_tag","embeddable":true,"href":"https:\/\/catolicanet.net\/wp-cnet\/wp-json\/wp\/v2\/tags?post=94611"}],"curies":[{"name":"wp","href":"https:\/\/api.w.org\/{rel}","templated":true}]}}