{"id":94571,"date":"2025-06-07T09:39:45","date_gmt":"2025-06-07T12:39:45","guid":{"rendered":"https:\/\/catolicanet.net\/wp-cnet\/?p=94571"},"modified":"2025-05-29T17:41:39","modified_gmt":"2025-05-29T20:41:39","slug":"vigilia-de-pentecostes-4","status":"publish","type":"post","link":"https:\/\/catolicanet.net\/wp-cnet\/vigilia-de-pentecostes-4\/","title":{"rendered":"Vig\u00edlia de Pentecostes"},"content":{"rendered":"<p style=\"text-align: center;\"><strong><em>\u201c<\/em><\/strong><strong><em>Enviai o vosso Esp\u00edrito, Senhor, e da terra toda a face renovai\u201d (Sl 103\/104)<\/em><\/strong><\/p>\n<p style=\"text-align: justify;\"><strong><em>\u00a0<\/em><\/strong>No dia 8 de junho, a Igreja celebra a Solenidade de Pentecostes, que marca o encerramento do Tempo Pascal e acontece cinquenta dias ap\u00f3s a P\u00e1scoa. Essa celebra\u00e7\u00e3o \u00e9 t\u00e3o importante que, na noite anterior, celebramos a Vig\u00edlia, do mesmo modo que acontece na P\u00e1scoa e antes de outras solenidades significativas. A Vig\u00edlia da P\u00e1scoa \u00e9 a mais importante do ano, considerada a \u201cm\u00e3e\u201d de todas as vig\u00edlias; em seguida, vem a Vig\u00edlia de Pentecostes.<\/p>\n<p style=\"text-align: justify;\">A festa de Pentecostes, assim como algumas outras celebra\u00e7\u00f5es crist\u00e3s, tem origem no juda\u00edsmo, pois os judeus celebram a \u201cFesta das Tendas\u201d ou das Colheitas, cinquenta dias ap\u00f3s a P\u00e1scoa. Os judeus colhem os frutos da terra, e n\u00f3s colhemos o fruto da P\u00e1scoa, que \u00e9 a vinda do Esp\u00edrito Santo. Esse Esp\u00edrito, deixado por Jesus, nos indicar\u00e1 o caminho certo a seguir, nos defender\u00e1 de todo mal e sustentar\u00e1 a Igreja. Por isso, nesta celebra\u00e7\u00e3o da Vig\u00edlia de Pentecostes, pe\u00e7amos que o Esp\u00edrito Santo des\u00e7a sobre n\u00f3s e nos encha com os seus dons.<\/p>\n<p style=\"text-align: justify;\">A Vig\u00edlia de Pentecostes, devido \u00e0 nossa realidade pastoral e, infelizmente, \u00e0 viol\u00eancia nas grandes cidades, \u00e9 celebrada ao cair da tarde, a partir das 18h ou por volta das 20h. A celebra\u00e7\u00e3o n\u00e3o \u00e9 muito longa, e, durante a Vig\u00edlia, pedimos que o Esp\u00edrito Santo venha com sua luz e renove a Igreja. Que, a partir da vinda do Esp\u00edrito Santo, todos os membros da Igreja busquem a santidade no dia a dia e irradiem, no mundo, a luz de Cristo.<\/p>\n<p style=\"text-align: justify;\">Pe\u00e7amos que o Esp\u00edrito Santo ilumine o in\u00edcio do pontificado do Papa Le\u00e3o XIV, para que ele consiga, por meio de suas palavras e ensinamentos, promover o di\u00e1logo e a paz entre todos. Que os jovens se sintam atra\u00eddos pela Igreja e possam ser testemunhas de Cristo no mundo de hoje.<\/p>\n<p style=\"text-align: justify;\">Vale lembrar ainda que a liturgia da Vig\u00edlia de Pentecostes \u00e9 diferente da Missa do dia de Pentecostes. Desse modo, o Ano Lit\u00fargico segue seu curso, e, ap\u00f3s a celebra\u00e7\u00e3o de Pentecostes, retomamos o Tempo Comum.<\/p>\n<p style=\"text-align: justify;\">Pe\u00e7amos, com fervor, ao longo da celebra\u00e7\u00e3o da Vig\u00edlia, que o Esp\u00edrito Santo venha sobre a Igreja e sobre cada um de n\u00f3s, e renove em n\u00f3s o amor a Cristo e \u00e0 Igreja. Que o Esp\u00edrito Santo venha em socorro da nossa fraqueza e nos conceda o dom da fortaleza. Ele nos ajuda a n\u00e3o perder a f\u00e9 nem a esperan\u00e7a em dias melhores. \u00c9 por meio do Esp\u00edrito Santo que \u00e9 poss\u00edvel consagrar a Eucaristia, perdoar os pecados e administrar os demais sacramentos. \u00c9 tamb\u00e9m pela a\u00e7\u00e3o do Esp\u00edrito que os nossos olhos se abrem para a f\u00e9, e cremos, mesmo sem ver \u201cfisicamente\u201d, que Jesus ressuscitou. \u00c9 atrav\u00e9s do Esp\u00edrito Santo que acreditamos que o p\u00e3o e o vinho se tornam Corpo e Sangue do Senhor.<\/p>\n<p style=\"text-align: justify;\">A cor vermelha, predominante na celebra\u00e7\u00e3o de Pentecostes, indica o amor que devemos ter \u00e0 Igreja de Cristo e nos lembra a cor do fogo do Esp\u00edrito Santo, que deve abrasar o nosso cora\u00e7\u00e3o. Recorda-nos ainda que somos disc\u00edpulos e mission\u00e1rios de Cristo, e que o Esp\u00edrito Santo deve inflamar o nosso cora\u00e7\u00e3o e nos conduzir \u00e0 miss\u00e3o.<\/p>\n<p style=\"text-align: justify;\">A primeira leitura \u00e9 do livro do G\u00eanesis (Gn 11, 1-9). At\u00e9 ent\u00e3o, os povos falavam uma s\u00f3 l\u00edngua, todos se entendiam e tinham um \u00fanico objetivo em comum. Mas, ao partirem do Oriente, foram parar na plan\u00edcie de Senaar e ali se estabeleceram. Resolveram construir uma torre que atingisse o c\u00e9u, para que se tornassem famosos. A torre se chamaria \u201cTorre de Babel\u201d. O Senhor, ao ver aquilo, decidiu intervir para ver que cidade e que torre estavam construindo. Percebeu que aquele era apenas o come\u00e7o de seus empreendimentos, e ent\u00e3o desceu \u00e0 Terra para confundir suas l\u00ednguas, de modo que n\u00e3o mais se entendessem. Assim, o Senhor os dispersou por toda a superf\u00edcie da Terra, e eles cessaram de construir a torre.<\/p>\n<p style=\"text-align: justify;\">O Salmo Responsorial \u00e9 o 103 (104), que diz em seu refr\u00e3o: \u201cEnviai o vosso Esp\u00edrito, Senhor, e da terra toda a face renovai.\u201d Pe\u00e7amos a Deus que envie o Esp\u00edrito Santo e transforme o cora\u00e7\u00e3o das pessoas. Que o Esp\u00edrito Santo derrame os seus dons sobre a humanidade, para que os povos vivam no amor e na conc\u00f3rdia.<\/p>\n<p style=\"text-align: justify;\">A segunda leitura desta Vig\u00edlia \u00e9 da Carta de S\u00e3o Paulo aos Romanos (Rm 8, 22-27). Paulo relata que toda a humanidade geme, como em dores de parto. \u00c9 um contexto muito atual para os dias de hoje, em que vivemos conflitos, guerras e tantas viol\u00eancias em nossas cidades, al\u00e9m de guerras que matam inocentes e destroem vidas. A humanidade clama por socorro e geme como em dores de parto. No entanto, n\u00e3o devemos desistir da ora\u00e7\u00e3o: rezemos com f\u00e9 para que o Esp\u00edrito Santo venha sobre n\u00f3s. Pe\u00e7amos que ele venha em socorro da nossa fraqueza e nos ajude a rezar; que, por meio do Esp\u00edrito, alcancemos a salva\u00e7\u00e3o e a paz.<\/p>\n<p style=\"text-align: justify;\">O Evangelho escolhido para esta Vig\u00edlia \u00e9 segundo Jo\u00e3o (Jo 7, 37-39): Jesus \u00e9 a fonte de \u00e1gua viva que sacia a sede da humanidade. Muitos se perguntavam como Ele poderia se dar em comida e bebida. Isso s\u00f3 \u00e9 poss\u00edvel gra\u00e7as \u00e0 a\u00e7\u00e3o do Esp\u00edrito Santo. Assim tamb\u00e9m \u00e9 nos dias de hoje: somente por meio do Esp\u00edrito Santo temos o Corpo e o Sangue de Cristo.<\/p>\n<p style=\"text-align: justify;\">O Esp\u00edrito Santo nos ilumina com a f\u00e9, e por meio dela podemos acreditar que o p\u00e3o e o vinho apresentados ao altar se tornam, pela a\u00e7\u00e3o do Esp\u00edrito, o Corpo e o Sangue de Cristo. Que o Esp\u00edrito de Deus renove a nossa f\u00e9 e esperan\u00e7a, e que possamos reconhecer sempre, na Igreja, a presen\u00e7a real de Jesus Cristo atrav\u00e9s da Eucaristia. Que possamos abrir os nossos olhos \u00e0 f\u00e9.<\/p>\n<p style=\"text-align: justify;\">Celebremos com f\u00e9 e esperan\u00e7a a Solenidade de Pentecostes, participando das celebra\u00e7\u00f5es da Vig\u00edlia e do dia de Pentecostes. Que o Esp\u00edrito Santo venha sobre cada um de n\u00f3s e nos fa\u00e7a novas criaturas. Coloquemos em pr\u00e1tica a nossa f\u00e9 no dia a dia e creiamos sempre no alimento que nos garante a vida eterna: o Corpo e Sangue de Cristo. Estamos no Ano Jubilar da Esperan\u00e7a. Confiemos na miseric\u00f3rdia do Senhor e pe\u00e7amos que Ele, atrav\u00e9s do Esp\u00edrito Santo, renove o nosso cora\u00e7\u00e3o.<\/p>\n","protected":false},"excerpt":{"rendered":"<p>\u201cEnviai o vosso Esp\u00edrito, Senhor, e da terra toda a face renovai\u201d (Sl 103\/104) \u00a0No dia 8 de junho, a Igreja celebra a Solenidade de Pentecostes, que marca o encerramento do Tempo Pascal e acontece cinquenta dias ap\u00f3s a P\u00e1scoa. Essa celebra\u00e7\u00e3o \u00e9 t\u00e3o importante que, na noite anterior, celebramos a Vig\u00edlia, do mesmo modo [&hellip;]<\/p>\n","protected":false},"author":5,"featured_media":55819,"comment_status":"open","ping_status":"closed","sticky":false,"template":"","format":"standard","meta":{"footnotes":""},"categories":[9],"tags":[],"class_list":["post-94571","post","type-post","status-publish","format-standard","has-post-thumbnail","hentry","category-artigos"],"_links":{"self":[{"href":"https:\/\/catolicanet.net\/wp-cnet\/wp-json\/wp\/v2\/posts\/94571","targetHints":{"allow":["GET"]}}],"collection":[{"href":"https:\/\/catolicanet.net\/wp-cnet\/wp-json\/wp\/v2\/posts"}],"about":[{"href":"https:\/\/catolicanet.net\/wp-cnet\/wp-json\/wp\/v2\/types\/post"}],"author":[{"embeddable":true,"href":"https:\/\/catolicanet.net\/wp-cnet\/wp-json\/wp\/v2\/users\/5"}],"replies":[{"embeddable":true,"href":"https:\/\/catolicanet.net\/wp-cnet\/wp-json\/wp\/v2\/comments?post=94571"}],"version-history":[{"count":1,"href":"https:\/\/catolicanet.net\/wp-cnet\/wp-json\/wp\/v2\/posts\/94571\/revisions"}],"predecessor-version":[{"id":94572,"href":"https:\/\/catolicanet.net\/wp-cnet\/wp-json\/wp\/v2\/posts\/94571\/revisions\/94572"}],"wp:featuredmedia":[{"embeddable":true,"href":"https:\/\/catolicanet.net\/wp-cnet\/wp-json\/wp\/v2\/media\/55819"}],"wp:attachment":[{"href":"https:\/\/catolicanet.net\/wp-cnet\/wp-json\/wp\/v2\/media?parent=94571"}],"wp:term":[{"taxonomy":"category","embeddable":true,"href":"https:\/\/catolicanet.net\/wp-cnet\/wp-json\/wp\/v2\/categories?post=94571"},{"taxonomy":"post_tag","embeddable":true,"href":"https:\/\/catolicanet.net\/wp-cnet\/wp-json\/wp\/v2\/tags?post=94571"}],"curies":[{"name":"wp","href":"https:\/\/api.w.org\/{rel}","templated":true}]}}