{"id":94557,"date":"2025-05-29T10:16:53","date_gmt":"2025-05-29T13:16:53","guid":{"rendered":"https:\/\/catolicanet.net\/wp-cnet\/?p=94557"},"modified":"2025-05-29T17:29:05","modified_gmt":"2025-05-29T20:29:05","slug":"ascensao-do-senhor-8","status":"publish","type":"post","link":"https:\/\/catolicanet.net\/wp-cnet\/ascensao-do-senhor-8\/","title":{"rendered":"Ascens\u00e3o do Senhor"},"content":{"rendered":"<p style=\"text-align: justify;\">\u00a0\u00a0\u00a0\u00a0\u00a0\u00a0\u00a0\u00a0\u00a0\u00a0\u00a0 A liturgia deste domingo celebra a Solenidade da Ascens\u00e3o do Senhor. (Atos 1,1-11, Salmo 46, Ef\u00e9sios 1,17-23 e Lucas 24,46-53). A Igreja, em forma de ora\u00e7\u00e3o e louvor, anuncia e aprofunda a artigo da Profiss\u00e3o de F\u00e9 que diz: Jesus \u201csubiu aos c\u00e9us; est\u00e1 sentado \u00e0 direita de Deus pai Todo-poderoso, donde h\u00e1 vir a julgar os vivos e os mortos\u201d.<\/p>\n<p style=\"text-align: justify;\">\u00a0\u00a0\u00a0\u00a0\u00a0\u00a0\u00a0\u00a0\u00a0\u00a0\u00a0 A ora\u00e7\u00e3o da coleta e do pref\u00e1cio da Missa da Solenidade da Ascens\u00e3o mostram como deve ser entendido e celebrado este acontecimento. Reza a ora\u00e7\u00e3o da coleta: \u201cDeus todo-poderoso, fazei-nos exultar de santa alegria e fervorosa a\u00e7\u00e3o de gra\u00e7as, pois na ascens\u00e3o de Cristo vosso Filho nossa humanidade foi elevada junto de v\u00f3s e, tendo ele nos precedido como nossa cabe\u00e7a, nos chama para a gl\u00f3ria como membros do seu corpo\u201d. O Pref\u00e1cio reza: \u201cPois o Senhor Jesus, Rei da gl\u00f3ria, vencedor do pecado e da morte, ante os Anjos maravilhados, subiu ao mais alto dos c\u00e9us, constitu\u00eddo Mediador entre Deus e a humanidade, Juiz do mundo e Senhor do universo. Ele, nossa cabe\u00e7a e princ\u00edpio, nos precedeu, n\u00e3o para afastar-se de nossa humildade, mas para dar a n\u00f3s, membros do seu corpo, a confian\u00e7a de um dia o seguirmos\u201d.<\/p>\n<p style=\"text-align: justify;\">\u00a0\u00a0\u00a0\u00a0\u00a0\u00a0\u00a0\u00a0\u00a0\u00a0\u00a0 Na nossa condi\u00e7\u00e3o humana, normalmente, as despedidas s\u00e3o sofridas e causam tristeza. Por\u00e9m, a ascens\u00e3o de Jesus \u00e9 marcada pela alegria. Registra o evangelista Lucas: \u201cEnquanto os aben\u00e7oava, afastou-se deles e foi levado para o c\u00e9u. Eles o adoraram. Em seguida voltaram para Jerusal\u00e9m, com grande alegria. E estavam sempre no Templo, bendizendo a Deus\u201d.<\/p>\n<p style=\"text-align: justify;\">\u00a0\u00a0\u00a0\u00a0\u00a0\u00a0\u00a0\u00a0\u00a0\u00a0\u00a0 Como foi poss\u00edvel aos disc\u00edpulos viver a ascens\u00e3o de Jesus como uma experi\u00eancia que trouxesse alegria depois de terem vivido o drama da paix\u00e3o e morte do Mestre? O serm\u00e3o de S\u00e3o Le\u00e3o Magno, primeiro Papa a usar o nome de Le\u00e3o (440-461), nos faz compreender o que aconteceu: \u201cCar\u00edssimos filhos, os dias entre a ressurrei\u00e7\u00e3o e a ascens\u00e3o do Senhor n\u00e3o foram passados na ociosidade. Pelo contr\u00e1rio, neles se confirmaram grandes sacramentos, grandes mist\u00e9rios foram neles revelados. No decurso destes dias foi afastado o medo da morte cruel e proclamada a imortalidade n\u00e3o apenas da alma, mas tamb\u00e9m do corpo. Nestes dias, mediante o sopro do Senhor, todos os ap\u00f3stolos receberam o Esp\u00edrito Santo; nestes dias foi confiado ao ap\u00f3stolo Pedro, mais que a todos os outros, o cuidado do rebanho do Senhor, depois de ter recebido as chaves do reino. Durante esses dias, o Senhor juntou-se, como um terceiro companheiro, a dois disc\u00edpulos em viagem, e para dissipar as sombras de nossas d\u00favidas repreendeu a lentid\u00e3o de esp\u00edrito desses homens cheios de medo e pavor. Seus cora\u00e7\u00f5es, por ele iluminados, receberam a chama da f\u00e9; e \u00e0 medida que o Senhor ia lhes explicando as Escrituras, foram se convertendo de indecisos que eram em ardorosos. E mais: ao partir o p\u00e3o, quando estavam sentados com ele \u00e0 mesa, abriram-se-lhes os olhos. Abriram-se os olhos dos dois disc\u00edpulos, como os dos nossos primeiros pais. [&#8230;] Durante todo esse tempo, car\u00edssimos filhos, passado entre a ressurrei\u00e7\u00e3o e a ascens\u00e3o do Senhor, a provid\u00eancia de Deus esfor\u00e7ou-se por ensinar e insinuar n\u00e3o apenas aos olhos, mas tamb\u00e9m aos cora\u00e7\u00f5es dos seus que a ressurrei\u00e7\u00e3o do Senhor Jesus Cristo era t\u00e3o real como o seu nascimento, paix\u00e3o e morte. Os santos ap\u00f3stolos e todos os disc\u00edpulos ficaram muito perturbados com a trag\u00e9dia da cruz e hesitavam em acreditar na ressurrei\u00e7\u00e3o. De tal modo eles foram fortalecidos pela evid\u00eancia da verdade que, quando o Senhor subiu aos c\u00e9us, n\u00e3o experimentaram tristeza alguma, mas, pelo contr\u00e1rio, encheram-se de grande alegria. Na verdade, era grande e indiz\u00edvel o motivo de sua alegria: diante daquela santa multid\u00e3o, contemplavam a natureza humana que subia a uma dignidade superior \u00e0 de todas as criaturas celestes, ultrapassando at\u00e9 mesmo as hierarquias dos anjos e a altura sublime dos arcanjos. Deste modo, foi recebida junto do eterno Pai, que a associou ao trono de sua gl\u00f3ria, depois de t\u00ea-la unido na pessoa do Filho \u00e0 sua pr\u00f3pria natureza divina\u201d.<\/p>\n","protected":false},"excerpt":{"rendered":"<p>\u00a0\u00a0\u00a0\u00a0\u00a0\u00a0\u00a0\u00a0\u00a0\u00a0\u00a0 A liturgia deste domingo celebra a Solenidade da Ascens\u00e3o do Senhor. (Atos 1,1-11, Salmo 46, Ef\u00e9sios 1,17-23 e Lucas 24,46-53). A Igreja, em forma de ora\u00e7\u00e3o e louvor, anuncia e aprofunda a artigo da Profiss\u00e3o de F\u00e9 que diz: Jesus \u201csubiu aos c\u00e9us; est\u00e1 sentado \u00e0 direita de Deus pai Todo-poderoso, donde h\u00e1 vir [&hellip;]<\/p>\n","protected":false},"author":5,"featured_media":55819,"comment_status":"open","ping_status":"closed","sticky":false,"template":"","format":"standard","meta":{"footnotes":""},"categories":[9],"tags":[],"class_list":["post-94557","post","type-post","status-publish","format-standard","has-post-thumbnail","hentry","category-artigos"],"_links":{"self":[{"href":"https:\/\/catolicanet.net\/wp-cnet\/wp-json\/wp\/v2\/posts\/94557","targetHints":{"allow":["GET"]}}],"collection":[{"href":"https:\/\/catolicanet.net\/wp-cnet\/wp-json\/wp\/v2\/posts"}],"about":[{"href":"https:\/\/catolicanet.net\/wp-cnet\/wp-json\/wp\/v2\/types\/post"}],"author":[{"embeddable":true,"href":"https:\/\/catolicanet.net\/wp-cnet\/wp-json\/wp\/v2\/users\/5"}],"replies":[{"embeddable":true,"href":"https:\/\/catolicanet.net\/wp-cnet\/wp-json\/wp\/v2\/comments?post=94557"}],"version-history":[{"count":1,"href":"https:\/\/catolicanet.net\/wp-cnet\/wp-json\/wp\/v2\/posts\/94557\/revisions"}],"predecessor-version":[{"id":94559,"href":"https:\/\/catolicanet.net\/wp-cnet\/wp-json\/wp\/v2\/posts\/94557\/revisions\/94559"}],"wp:featuredmedia":[{"embeddable":true,"href":"https:\/\/catolicanet.net\/wp-cnet\/wp-json\/wp\/v2\/media\/55819"}],"wp:attachment":[{"href":"https:\/\/catolicanet.net\/wp-cnet\/wp-json\/wp\/v2\/media?parent=94557"}],"wp:term":[{"taxonomy":"category","embeddable":true,"href":"https:\/\/catolicanet.net\/wp-cnet\/wp-json\/wp\/v2\/categories?post=94557"},{"taxonomy":"post_tag","embeddable":true,"href":"https:\/\/catolicanet.net\/wp-cnet\/wp-json\/wp\/v2\/tags?post=94557"}],"curies":[{"name":"wp","href":"https:\/\/api.w.org\/{rel}","templated":true}]}}