{"id":94534,"date":"2025-05-20T09:43:11","date_gmt":"2025-05-20T12:43:11","guid":{"rendered":"https:\/\/catolicanet.net\/wp-cnet\/?p=94534"},"modified":"2025-05-20T13:44:22","modified_gmt":"2025-05-20T16:44:22","slug":"leao-xiv-e-a-melhor-resposta-ao-filme-conclave","status":"publish","type":"post","link":"https:\/\/catolicanet.net\/wp-cnet\/leao-xiv-e-a-melhor-resposta-ao-filme-conclave\/","title":{"rendered":"Le\u00e3o XIV \u00e9 a melhor resposta ao filme Conclave"},"content":{"rendered":"<p style=\"text-align: justify;\"><span class=\"SubHeading_subheading__NJ_eJ\" aria-label=\"post subtitle\">O filme vencedor do Oscar Conclave, lan\u00e7ado em 2024, n\u00e3o apresenta uma imagem muito espiritual da elei\u00e7\u00e3o do Papa. Ao escolher o cardeal Prevost, que se tornou Le\u00e3o XIV, os 133 cardeais, por\u00e9m, responderam involuntariamente ao longa-metragem de sucesso: a gra\u00e7a supera a natureza.<\/span><\/p>\n<div class=\"\" style=\"text-align: justify;\">\n<p>Reflex\u00e3o engra\u00e7ada de um dos dois irm\u00e3os mais velhos do Papa Le\u00e3o XIV. Em uma entrevista\u00a0<a href=\"https:\/\/www.nbcchicago.com\/news\/local\/pope-leos-brother-reveals-their-last-conversation-night-before-conclave\/3741619\/\">no canal americano\u00a0<em>NBC<\/em><\/a>, John Prevost relata uma conversa que teve com seu irm\u00e3o Robert Francis antes do conclave iniciado em 7 de maio: \u201cPerguntei-lhe: &#8216;Voc\u00ea est\u00e1 pronto para tudo isso?&#8217; e eu disse a ele: &#8216;Voc\u00ea viu o filme\u00a0<em>Conclave<\/em>\u00a0saber como se comportar?&#8221; Ele tinha acabado de assistir e concluiu: &#8220;Ent\u00e3o ele sabe como se comportar.&#8221; Como podemos entender tal afirma\u00e7\u00e3o? Certamente, os detalhes e cen\u00e1rios concretos do filme de Edward Berger, lan\u00e7ado em 2024, s\u00e3o bastante fi\u00e9is \u00e0 realidade e permitem-nos entrar na atmosfera deste momento \u00fanico para a Igreja.<\/p>\n<\/div>\n<div class=\"\" style=\"text-align: justify;\">\n<p>Mas o sucesso do longa-metragem certamente vem de outra coisa. Al\u00e9m das 8 indica\u00e7\u00f5es e uma premia\u00e7\u00e3o no Oscar, o filme foi um dos mais assistidos nas plataformas ap\u00f3s a morte de Francisco. Uma fic\u00e7\u00e3o realista, com belas imagens e que fala de um universo secreto com muitas reviravoltas: nada melhor para um filme ser aclamado.<\/p>\n<\/div>\n<h2 class=\"Heading_heading__PlVsb\" style=\"text-align: justify;\">O invis\u00edvel faz parte da realidade<\/h2>\n<div class=\"\" style=\"text-align: justify;\">\n<p>A melhor resposta ao filme, em \u00faltima an\u00e1lise, \u00e9 o pr\u00f3prio conclave, aquele que decorreu sob o olhar dos meios de comunica\u00e7\u00e3o de todo o mundo reunidos em Roma entre 7 e 8 de maio. Enquanto o conhecimento e a curiosidade de um grande n\u00famero de pessoas foram agu\u00e7ados pelo cen\u00e1rio vencedor do Oscar, e certamente por eles pr\u00f3prios, os 133 eleitores demonstraram que Edward Berger tinha obscurecido uma parte significativa da realidade, porque o invis\u00edvel faz parte dela. Em quatro vota\u00e7\u00f5es \u2013 e quase tr\u00eas, segundo alguns disseram \u2013 dois ter\u00e7os dos cardeais, vindos de 71 pa\u00edses diferentes, concordaram com um nome.<\/p>\n<\/div>\n<div class=\"\" style=\"text-align: justify;\">\n<p>Sem que o presidente do conclave, o Cardeal Parolin, tenha que realizar a sua pr\u00f3pria investiga\u00e7\u00e3o no exterior para se proteger de problemas futuros. Sem que as agendas pol\u00edticas se confrontassem num confronto bin\u00e1rio, o prazo era demasiado curto. E as conversas na Igreja n\u00e3o se reduzem aos assuntos sociais que est\u00e3o mais na cabe\u00e7a do diretor. Porque estes tamb\u00e9m esqueceram que as congrega\u00e7\u00f5es gerais permitem discuss\u00f5es sobre f\u00e9, eclesiologia, paz&#8230; enquanto o pr\u00f3prio conclave \u00e9 antes de tudo uma liturgia, manifestada por esta solene prociss\u00e3o durante a qual os cardeais entram na Capela Sistina invocando os santos.<\/p>\n<\/div>\n<h2 class=\"Heading_heading__PlVsb\" style=\"text-align: justify;\">No cora\u00e7\u00e3o da Igreja reside o Esp\u00edrito Santo<\/h2>\n<div style=\"text-align: justify;\"><\/div>\n<div class=\"\" style=\"text-align: justify;\">\n<p>Apostemos que n\u00e3o s\u00e3o estas as maquina\u00e7\u00f5es e os conflitos latentes que o Cardeal Prevost apreciou e que fizeram o seu irm\u00e3o dizer que sabe \u201ccomo se comportar\u201d. Esperemos que ele n\u00e3o tenha apreciado estes arranjos pol\u00edticos e estas paix\u00f5es demasiado humanas que levam os eleitores para a mediocridade. Eles existem, pois s\u00e3o homens. Mas Edward Berger perdeu uma coisa: dar uma olhada sobrenatural nesses atos humanos, abrindo espa\u00e7o para a gra\u00e7a agindo atrav\u00e9s e superando a natureza. E, precisamente, quem escolheram os cardeais? Um deles bastante conhecido, mas pouco citado, um homem cujo caminho n\u00e3o revela uma ambi\u00e7\u00e3o devoradora, um bispo mission\u00e1rio ao mesmo tempo comovido e sereno.\u00a0<a href=\"https:\/\/fr.aleteia.org\/2025\/05\/09\/un-augustinien-quest-ce-donc\/\">Um religioso da ordem de Santo Agostinho, um \u201cagostiniano\u201d<\/a>\u00a0como ele se definiu\u00a0<em>loggia<\/em>\u00a0da Bas\u00edlica de S\u00e3o Pedro. A sua espiritualidade prov\u00e9m, portanto, de Santo Agostinho, a quem a tradi\u00e7\u00e3o chama precisamente de doutor da gra\u00e7a. Por um piscar de olhos da Provid\u00eancia, o Esp\u00edrito Santo \u00e9 colocado no cora\u00e7\u00e3o da vida da Igreja.<\/p>\n<\/div>\n<div class=\"\">\n<p style=\"text-align: justify;\">Neste conclave que alguns cardeais descreveram como \u201charmonioso\u201d, onde todos tiveram que enfrentar o\u00a0<em>\u00daltimo Julgamento<\/em>\u00a0de Michelangelo e de sua pr\u00f3pria consci\u00eancia, o sobrenatural superou o natural. Ou, dito de outra forma, os cardeais viveram a experi\u00eancia de\u00a0<em>Confiss\u00f5es<\/em>\u00a0do Bispo de Hipona: \u201cDeus \u00e9 mais \u00edntimo do que as partes mais \u00edntimas de si mesmos, e mais alto do que os picos de si mesmos\u201d.<\/p>\n<\/div>\n","protected":false},"excerpt":{"rendered":"<p>O filme vencedor do Oscar Conclave, lan\u00e7ado em 2024, n\u00e3o apresenta uma imagem muito espiritual da elei\u00e7\u00e3o do Papa. Ao escolher o cardeal Prevost, que se tornou Le\u00e3o XIV, os 133 cardeais, por\u00e9m, responderam involuntariamente ao longa-metragem de sucesso: a gra\u00e7a supera a natureza. Reflex\u00e3o engra\u00e7ada de um dos dois irm\u00e3os mais velhos do Papa [&hellip;]<\/p>\n","protected":false},"author":1,"featured_media":94535,"comment_status":"open","ping_status":"closed","sticky":false,"template":"","format":"standard","meta":{"footnotes":""},"categories":[4],"tags":[],"class_list":["post-94534","post","type-post","status-publish","format-standard","has-post-thumbnail","hentry","category-cotidiano"],"_links":{"self":[{"href":"https:\/\/catolicanet.net\/wp-cnet\/wp-json\/wp\/v2\/posts\/94534","targetHints":{"allow":["GET"]}}],"collection":[{"href":"https:\/\/catolicanet.net\/wp-cnet\/wp-json\/wp\/v2\/posts"}],"about":[{"href":"https:\/\/catolicanet.net\/wp-cnet\/wp-json\/wp\/v2\/types\/post"}],"author":[{"embeddable":true,"href":"https:\/\/catolicanet.net\/wp-cnet\/wp-json\/wp\/v2\/users\/1"}],"replies":[{"embeddable":true,"href":"https:\/\/catolicanet.net\/wp-cnet\/wp-json\/wp\/v2\/comments?post=94534"}],"version-history":[{"count":1,"href":"https:\/\/catolicanet.net\/wp-cnet\/wp-json\/wp\/v2\/posts\/94534\/revisions"}],"predecessor-version":[{"id":94537,"href":"https:\/\/catolicanet.net\/wp-cnet\/wp-json\/wp\/v2\/posts\/94534\/revisions\/94537"}],"wp:featuredmedia":[{"embeddable":true,"href":"https:\/\/catolicanet.net\/wp-cnet\/wp-json\/wp\/v2\/media\/94535"}],"wp:attachment":[{"href":"https:\/\/catolicanet.net\/wp-cnet\/wp-json\/wp\/v2\/media?parent=94534"}],"wp:term":[{"taxonomy":"category","embeddable":true,"href":"https:\/\/catolicanet.net\/wp-cnet\/wp-json\/wp\/v2\/categories?post=94534"},{"taxonomy":"post_tag","embeddable":true,"href":"https:\/\/catolicanet.net\/wp-cnet\/wp-json\/wp\/v2\/tags?post=94534"}],"curies":[{"name":"wp","href":"https:\/\/api.w.org\/{rel}","templated":true}]}}