{"id":94526,"date":"2025-05-20T09:39:02","date_gmt":"2025-05-20T12:39:02","guid":{"rendered":"https:\/\/catolicanet.net\/wp-cnet\/?p=94526"},"modified":"2025-05-20T13:40:07","modified_gmt":"2025-05-20T16:40:07","slug":"pastorais-do-regional-nordeste-5-fortalecem-campanha-de-mobilizacao-contra-o-abuso-e-a-exploracao-sexual-de-criancas-e-adolescentes","status":"publish","type":"post","link":"https:\/\/catolicanet.net\/wp-cnet\/pastorais-do-regional-nordeste-5-fortalecem-campanha-de-mobilizacao-contra-o-abuso-e-a-exploracao-sexual-de-criancas-e-adolescentes\/","title":{"rendered":"Pastorais do regional Nordeste 5 fortalecem campanha de mobiliza\u00e7\u00e3o contra o abuso e a explora\u00e7\u00e3o sexual de crian\u00e7as e adolescentes"},"content":{"rendered":"<div data-breakout=\"normal\">\n<p id=\"viewer-7m48q314\" class=\"e3Vej UGrRC gjiqH GX0-h\" dir=\"auto\" style=\"text-align: justify;\"><span class=\"eKaei gjiqH\">Institu\u00edda pela Lei Federal 9.970\/00, o dia 18 de maio \u00e9 \u201cDia Nacional de Combate ao Abuso e \u00e0 Explora\u00e7\u00e3o Sexual de Crian\u00e7as e Adolescentes\u201d. Este ano de 2025 \u00e9 o 25\u00ba ano de mobiliza\u00e7\u00e3o nacional.<\/span><\/p>\n<\/div>\n<div style=\"text-align: justify;\" data-breakout=\"normal\">\n<div id=\"viewer-g7eqr1822\" class=\"cCHaL\">\n<div class=\"ftxqB yQ5x4\">\n<figure class=\"x1rs8\" data-hook=\"figure-IMAGE\">\n<div class=\"VNeeD\" data-hook=\"image-viewer\">\n<div id=\"g7eqr1822\" class=\"qiXex jjsJu KnSpt\" data-hook=\"image-viewer-g7eqr1822\"><img decoding=\"async\" class=\"aligncenter\" draggable=\"false\" src=\"https:\/\/static.wixstatic.com\/media\/f22384_57975d6ab5ef4b3a8c3d5892ce45bf46~mv2.jpg\/v1\/fill\/w_525,h_617,al_c,q_80,usm_0.66_1.00_0.01,enc_avif,quality_auto\/f22384_57975d6ab5ef4b3a8c3d5892ce45bf46~mv2.jpg\" alt=\"\" data-pin-url=\"https:\/\/www.cnbbne5.org\/post\/pastorais-do-regional-nordeste-5-fortalecem-campanha-de-mobiliza\u00e7\u00e3o-contra-o-abuso-e-a-explora\u00e7\u00e3o-se\" data-pin-media=\"https:\/\/static.wixstatic.com\/media\/f22384_57975d6ab5ef4b3a8c3d5892ce45bf46~mv2.jpg\/v1\/fill\/w_718,h_843,al_c,q_85\/f22384_57975d6ab5ef4b3a8c3d5892ce45bf46~mv2.jpg\" data-load-done=\"\" \/><\/div>\n<\/div>\n<\/figure>\n<\/div>\n<\/div>\n<\/div>\n<div style=\"text-align: justify;\" data-breakout=\"normal\">\n<p id=\"viewer-g9f6w316\" class=\"e3Vej UGrRC gjiqH GX0-h\" dir=\"auto\"><span class=\"eKaei gjiqH\">O regional Nordeste 5, atrav\u00e9s da Pastoral da Crian\u00e7a, da Pastoral do Menor e da Pastoral da Aids, estiveram presentes nas a\u00e7\u00f5es de mobiliza\u00e7\u00e3o local, como palestras e caminhadas realizadas em parceira com as escolas, CMDCA e outras entidades.<\/span><\/p>\n<\/div>\n<div style=\"text-align: justify;\" data-breakout=\"normal\">\n<p id=\"viewer-nlfhz318\" class=\"e3Vej UGrRC gjiqH GX0-h\" dir=\"auto\"><span class=\"eKaei gjiqH\">Segundo Adriana Aleixo, a Pastoral da Crian\u00e7a no regional Nordeste 5 trabalha em parceria com as escolas, CMDCA e outras entidades. \u201cA pastoral trabalha em conjunto com essas entidades com palestras sobre os cuidados, os sinais que demonstram o abuso sexual. Utiliza tamb\u00e9m alguns materiais como os 10 mandamentos para paz nas fam\u00edlias e os cinco compromissos de 0 viol\u00eancia e 100% Ternura\u201d, disse.<\/span><\/p>\n<\/div>\n<div style=\"text-align: justify;\" data-breakout=\"normal\">\n<div id=\"viewer-96iel865\" class=\"cCHaL\">\n<div class=\"NEgOL pnHHu\">\n<figure class=\"x1rs8\" data-hook=\"figure-IMAGE\">\n<div class=\"VNeeD\" data-hook=\"image-viewer\">\n<div id=\"96iel865\" class=\"qiXex jjsJu KnSpt\" data-hook=\"image-viewer-96iel865\"><img decoding=\"async\" draggable=\"false\" src=\"https:\/\/static.wixstatic.com\/media\/f22384_8787ca6ac6e14009928eb35788a86a6d~mv2.jpg\/v1\/fill\/w_1110,h_897,al_c,q_85,usm_0.66_1.00_0.01,enc_avif,quality_auto\/f22384_8787ca6ac6e14009928eb35788a86a6d~mv2.jpg\" alt=\"\" data-pin-url=\"https:\/\/www.cnbbne5.org\/post\/pastorais-do-regional-nordeste-5-fortalecem-campanha-de-mobiliza\u00e7\u00e3o-contra-o-abuso-e-a-explora\u00e7\u00e3o-se\" data-pin-media=\"https:\/\/static.wixstatic.com\/media\/f22384_8787ca6ac6e14009928eb35788a86a6d~mv2.jpg\/v1\/fill\/w_1200,h_969,al_c,q_85\/f22384_8787ca6ac6e14009928eb35788a86a6d~mv2.jpg\" data-load-done=\"\" \/><\/div>\n<\/div>\n<\/figure>\n<\/div>\n<\/div>\n<\/div>\n<div style=\"text-align: justify;\" data-breakout=\"normal\">\n<h3 id=\"viewer-8899g929\" class=\"e3Vej UGrRC gjiqH GX0-h\" dir=\"auto\"><span class=\"eKaei gjiqH\"><strong>Pastoral do Menor<\/strong><\/span><\/h3>\n<\/div>\n<div style=\"text-align: justify;\" data-breakout=\"normal\">\n<p id=\"viewer-yvfrq914\" class=\"e3Vej UGrRC gjiqH GX0-h\" dir=\"auto\"><span class=\"eKaei gjiqH\">A Pastoral do Menor promoveu roda de conversa com as crian\u00e7as em parceria com a equipe do Centro de Refer\u00eancia Especializado de Assist\u00eancia Social (CREAS), no munic\u00edpio de Fortaleza dos Nogueiras, diocese de Balsas, por exemplo. Al\u00e9m de participar da caminhada de mobiliza\u00e7\u00e3o em prol da prote\u00e7\u00e3o de crian\u00e7as e adolescentes, que ocorreu na \u00faltima quinta-feira (15\/05), no Centro de S\u00e3o Lu\u00eds (MA).<\/span><\/p>\n<\/div>\n<div style=\"text-align: justify;\" data-breakout=\"normal\">\n<p id=\"viewer-meqp9322\" class=\"e3Vej UGrRC gjiqH GX0-h\" dir=\"auto\"><span class=\"eKaei gjiqH\">Quesia Barros, coordenadora regional da Pastoral do Menor, ressalta a import\u00e2ncia da data. \u201c\u00c9 um dia de mobilizar toda a sociedade contra o abuso e a explora\u00e7\u00e3o sexual de crian\u00e7as e adolescentes. No Brasil, milhares s\u00e3o v\u00edtimas todos os anos, ent\u00e3o \u00e9 um crime hediondo que deve ser combatido, e n\u00f3s enquanto pastoral devemos tamb\u00e9m estar nessa mobiliza\u00e7\u00e3o pra realmente combater e inibir esse crime contra nossas crian\u00e7as e adolescentes\u201d, pontua.<\/span><\/p>\n<\/div>\n<div style=\"text-align: justify;\" data-breakout=\"normal\">\n<p id=\"viewer-xvzap324\" class=\"e3Vej UGrRC gjiqH GX0-h\" dir=\"auto\"><span class=\"eKaei gjiqH\">Ela refor\u00e7a ainda que \u00e9 importante tamb\u00e9m que as crian\u00e7as e adolescentes participem dessa mobiliza\u00e7\u00e3o. \u201cPor isso que a gente tem que ir realmente pra rua, a gente leva as crian\u00e7as pra participar dessa mobiliza\u00e7\u00e3o, a gente trabalha com elas essa tem\u00e1tica pra que tamb\u00e9m elas saibam ajudar tamb\u00e9m outras crian\u00e7as que muitas vezes s\u00e3o v\u00edtimas da explora\u00e7\u00e3o e do abuso sexual\u201d, completou.<\/span><\/p>\n<\/div>\n<div style=\"text-align: justify;\" data-breakout=\"normal\">\n<div id=\"viewer-1dn3z670\" class=\"cCHaL\">\n<div class=\"NEgOL pnHHu\">\n<figure class=\"x1rs8\" data-hook=\"figure-IMAGE\">\n<div class=\"VNeeD\" data-hook=\"image-viewer\">\n<div id=\"1dn3z670\" class=\"qiXex jjsJu KnSpt\" data-hook=\"image-viewer-1dn3z670\"><img decoding=\"async\" draggable=\"false\" src=\"https:\/\/static.wixstatic.com\/media\/f22384_345e9c0a035b4dc29eade30cc711ea6c~mv2.png\/v1\/fill\/w_1110,h_624,al_c,q_90,usm_0.66_1.00_0.01,enc_avif,quality_auto\/f22384_345e9c0a035b4dc29eade30cc711ea6c~mv2.png\" alt=\"\" data-pin-url=\"https:\/\/www.cnbbne5.org\/post\/pastorais-do-regional-nordeste-5-fortalecem-campanha-de-mobiliza\u00e7\u00e3o-contra-o-abuso-e-a-explora\u00e7\u00e3o-se\" data-pin-media=\"https:\/\/static.wixstatic.com\/media\/f22384_345e9c0a035b4dc29eade30cc711ea6c~mv2.png\/v1\/fill\/w_4080,h_2296,al_c,q_95\/f22384_345e9c0a035b4dc29eade30cc711ea6c~mv2.png\" data-load-done=\"\" \/><\/div>\n<h3><strong>Disque 100<\/strong><\/h3>\n<\/div>\n<\/figure>\n<\/div>\n<\/div>\n<\/div>\n<div style=\"text-align: justify;\" data-breakout=\"normal\">\n<p id=\"viewer-ccrag326\" class=\"e3Vej UGrRC gjiqH GX0-h\" dir=\"auto\"><span class=\"eKaei gjiqH\">Em todo pa\u00eds, o objetivo da campanha \u00e9 incentivar cidad\u00e3os a aderirem a luta em defesa dos\u00a0direitos das crian\u00e7as e adolescentes.\u00a0As den\u00fancias, devem ser endere\u00e7adas ao\u00a0<strong>disque 100, que<\/strong>\u00a0\u00e9 um dos canais que atuam diretamente na assist\u00eancia \u00e0s v\u00edtimas de viol\u00eancia sexual. No processo de den\u00fancias, o primeiro \u00f3rg\u00e3o a ser acionado \u00e9 o\u00a0<strong>Conselho Tutelar<\/strong>, que age como porta de entrada (nas situa\u00e7\u00f5es de crian\u00e7as e adolescentes).<\/span><\/p>\n<\/div>\n<p dir=\"auto\" style=\"text-align: justify;\">\n<p dir=\"auto\" style=\"text-align: justify;\"><a href=\"https:\/\/www.cnbbne5.org\/post\/pastorais-do-regional-nordeste-5-fortalecem-campanha-de-mobiliza%C3%A7%C3%A3o-contra-o-abuso-e-a-explora%C3%A7%C3%A3o-se\" target=\"_blank\" rel=\"noopener\">Com informa\u00e7\u00f5es do regional Nordeste 5\u00a0<\/a><\/p>\n","protected":false},"excerpt":{"rendered":"<p>Institu\u00edda pela Lei Federal 9.970\/00, o dia 18 de maio \u00e9 \u201cDia Nacional de Combate ao Abuso e \u00e0 Explora\u00e7\u00e3o Sexual de Crian\u00e7as e Adolescentes\u201d. Este ano de 2025 \u00e9 o 25\u00ba ano de mobiliza\u00e7\u00e3o nacional. O regional Nordeste 5, atrav\u00e9s da Pastoral da Crian\u00e7a, da Pastoral do Menor e da Pastoral da Aids, estiveram [&hellip;]<\/p>\n","protected":false},"author":1,"featured_media":94527,"comment_status":"open","ping_status":"closed","sticky":false,"template":"","format":"standard","meta":{"footnotes":""},"categories":[7],"tags":[],"class_list":["post-94526","post","type-post","status-publish","format-standard","has-post-thumbnail","hentry","category-cnbb"],"_links":{"self":[{"href":"https:\/\/catolicanet.net\/wp-cnet\/wp-json\/wp\/v2\/posts\/94526","targetHints":{"allow":["GET"]}}],"collection":[{"href":"https:\/\/catolicanet.net\/wp-cnet\/wp-json\/wp\/v2\/posts"}],"about":[{"href":"https:\/\/catolicanet.net\/wp-cnet\/wp-json\/wp\/v2\/types\/post"}],"author":[{"embeddable":true,"href":"https:\/\/catolicanet.net\/wp-cnet\/wp-json\/wp\/v2\/users\/1"}],"replies":[{"embeddable":true,"href":"https:\/\/catolicanet.net\/wp-cnet\/wp-json\/wp\/v2\/comments?post=94526"}],"version-history":[{"count":1,"href":"https:\/\/catolicanet.net\/wp-cnet\/wp-json\/wp\/v2\/posts\/94526\/revisions"}],"predecessor-version":[{"id":94529,"href":"https:\/\/catolicanet.net\/wp-cnet\/wp-json\/wp\/v2\/posts\/94526\/revisions\/94529"}],"wp:featuredmedia":[{"embeddable":true,"href":"https:\/\/catolicanet.net\/wp-cnet\/wp-json\/wp\/v2\/media\/94527"}],"wp:attachment":[{"href":"https:\/\/catolicanet.net\/wp-cnet\/wp-json\/wp\/v2\/media?parent=94526"}],"wp:term":[{"taxonomy":"category","embeddable":true,"href":"https:\/\/catolicanet.net\/wp-cnet\/wp-json\/wp\/v2\/categories?post=94526"},{"taxonomy":"post_tag","embeddable":true,"href":"https:\/\/catolicanet.net\/wp-cnet\/wp-json\/wp\/v2\/tags?post=94526"}],"curies":[{"name":"wp","href":"https:\/\/api.w.org\/{rel}","templated":true}]}}