{"id":94493,"date":"2025-05-15T09:35:19","date_gmt":"2025-05-15T12:35:19","guid":{"rendered":"https:\/\/catolicanet.net\/wp-cnet\/?p=94493"},"modified":"2025-05-15T17:39:09","modified_gmt":"2025-05-15T20:39:09","slug":"terco-e-fatima-o-que-nossa-senhora-disse-sobre-o-rosario-em-cada-aparicao","status":"publish","type":"post","link":"https:\/\/catolicanet.net\/wp-cnet\/terco-e-fatima-o-que-nossa-senhora-disse-sobre-o-rosario-em-cada-aparicao\/","title":{"rendered":"Ter\u00e7o e F\u00e1tima: o que Nossa Senhora disse sobre o ros\u00e1rio em cada apari\u00e7\u00e3o"},"content":{"rendered":"<p style=\"text-align: justify;\"><span class=\"SubHeading_subheading__NJ_eJ\" aria-label=\"post subtitle\">De maio a outubro de 1917, foram 6 mensagens enf\u00e1ticas: &#8220;Quero que rezem o ter\u00e7o&#8221;! Afinal, Ter\u00e7o e F\u00e1tima s\u00e3o insepar\u00e1veis.<\/span><\/p>\n<div style=\"text-align: justify;\"><\/div>\n<div class=\"classic-editor\">\n<p style=\"text-align: justify;\"><span class=\"subtitle\">De maio a outubro de 1917, foram 6 mensagens enf\u00e1ticas: \u201cQuero que rezem o ter\u00e7o\u201d! Afinal, Ter\u00e7o e F\u00e1tima s\u00e3o insepar\u00e1veis.<\/span>Ter\u00e7o e F\u00e1tima s\u00e3o insepar\u00e1veis. De fato, a\u00a0<a href=\"https:\/\/pt.aleteia.org\/2018\/06\/18\/como-rezar-o-terco-um-guia-ilustrado\/\">ora\u00e7\u00e3o do Santo Ros\u00e1rio<\/a>\u00a0est\u00e1 no cora\u00e7\u00e3o das mensagens que Nossa Senhora transmitiu aos tr\u00eas pastorinhos ao longo das suas apari\u00e7\u00f5es em 1917.<\/p>\n<p style=\"text-align: justify;\">De maio a outubro daquele ano, afinal, foram 6 mensagens enf\u00e1ticas: \u201c<em>Quero que rezem o ter\u00e7o<\/em>\u201c.<\/p>\n<p style=\"text-align: justify;\">Veja a seguir os apelos que\u00a0<a href=\"https:\/\/www.fatima.pt\/pt\/pages\/narrativa-das-aparicoes\">Nossa Senhora do Ros\u00e1rio de F\u00e1tima<\/a>\u00a0fez ao mundo por meio de S\u00e3o Francisco Marto, Santa Jacinta Marto e Irm\u00e3 L\u00facia:<\/p>\n<blockquote><p><strong>Maio, dia 13:<\/strong> \u201c<em>Rezem o Ter\u00e7o todos os dias para alcan\u00e7arem a paz para o mundo e o fim da guerra<\/em>\u201d.<\/p>\n<p><strong>Junho, dia 13:<\/strong> \u201c<em>Quero que rezem o ter\u00e7o todos os dias<\/em>\u201d.<\/p>\n<div id=\"aleteia-welcome\"><\/div>\n<p><strong>Julho, dia 13:<\/strong> \u201c<em>Quero que continueis a rezar o ter\u00e7o todos os dias, em honra de Nossa Senhora do Ros\u00e1rio, para obter a paz para o mundo e o fim da guerra, porque s\u00f3 Ela lhes poder\u00e1 valer.<\/em> <em>Quando rezais o ter\u00e7o, dizei depois de cada mist\u00e9rio: \u00d3 meu Jesus perdoai-nos, livrai-nos do fogo do inferno, levai as almas todas para o c\u00e9u, principalmente as que mais precisarem<\/em>\u201d.<\/p>\n<p><strong>Agosto, dia 19:<\/strong> \u201c<em>Que continueis a rezar o ter\u00e7o todos os dias<\/em>\u201d.<\/p>\n<p><strong>Setembro, dia 13:<\/strong> \u201c<em>Continuem a rezar o ter\u00e7o para alcan\u00e7ar o fim da guerra<\/em>\u201d.<\/p>\n<p><strong>Outubro, dia 13:<\/strong> \u201c<em>Sou a Senhora do Ros\u00e1rio. Quero que continuem a rezar sempre o ter\u00e7o todos os dias<\/em>\u201d.<\/p><\/blockquote>\n<p style=\"text-align: justify;\">Ter\u00e7o e F\u00e1tima, portanto, s\u00e3o insepar\u00e1veis.<\/p>\n<\/div>\n","protected":false},"excerpt":{"rendered":"<p>De maio a outubro de 1917, foram 6 mensagens enf\u00e1ticas: &#8220;Quero que rezem o ter\u00e7o&#8221;! Afinal, Ter\u00e7o e F\u00e1tima s\u00e3o insepar\u00e1veis. De maio a outubro de 1917, foram 6 mensagens enf\u00e1ticas: \u201cQuero que rezem o ter\u00e7o\u201d! Afinal, Ter\u00e7o e F\u00e1tima s\u00e3o insepar\u00e1veis.Ter\u00e7o e F\u00e1tima s\u00e3o insepar\u00e1veis. De fato, a\u00a0ora\u00e7\u00e3o do Santo Ros\u00e1rio\u00a0est\u00e1 no cora\u00e7\u00e3o das [&hellip;]<\/p>\n","protected":false},"author":1,"featured_media":94494,"comment_status":"open","ping_status":"closed","sticky":false,"template":"","format":"standard","meta":{"footnotes":""},"categories":[4,13],"tags":[],"class_list":["post-94493","post","type-post","status-publish","format-standard","has-post-thumbnail","hentry","category-cotidiano","category-featured"],"_links":{"self":[{"href":"https:\/\/catolicanet.net\/wp-cnet\/wp-json\/wp\/v2\/posts\/94493","targetHints":{"allow":["GET"]}}],"collection":[{"href":"https:\/\/catolicanet.net\/wp-cnet\/wp-json\/wp\/v2\/posts"}],"about":[{"href":"https:\/\/catolicanet.net\/wp-cnet\/wp-json\/wp\/v2\/types\/post"}],"author":[{"embeddable":true,"href":"https:\/\/catolicanet.net\/wp-cnet\/wp-json\/wp\/v2\/users\/1"}],"replies":[{"embeddable":true,"href":"https:\/\/catolicanet.net\/wp-cnet\/wp-json\/wp\/v2\/comments?post=94493"}],"version-history":[{"count":1,"href":"https:\/\/catolicanet.net\/wp-cnet\/wp-json\/wp\/v2\/posts\/94493\/revisions"}],"predecessor-version":[{"id":94496,"href":"https:\/\/catolicanet.net\/wp-cnet\/wp-json\/wp\/v2\/posts\/94493\/revisions\/94496"}],"wp:featuredmedia":[{"embeddable":true,"href":"https:\/\/catolicanet.net\/wp-cnet\/wp-json\/wp\/v2\/media\/94494"}],"wp:attachment":[{"href":"https:\/\/catolicanet.net\/wp-cnet\/wp-json\/wp\/v2\/media?parent=94493"}],"wp:term":[{"taxonomy":"category","embeddable":true,"href":"https:\/\/catolicanet.net\/wp-cnet\/wp-json\/wp\/v2\/categories?post=94493"},{"taxonomy":"post_tag","embeddable":true,"href":"https:\/\/catolicanet.net\/wp-cnet\/wp-json\/wp\/v2\/tags?post=94493"}],"curies":[{"name":"wp","href":"https:\/\/api.w.org\/{rel}","templated":true}]}}