{"id":94380,"date":"2025-04-26T09:10:53","date_gmt":"2025-04-26T12:10:53","guid":{"rendered":"https:\/\/catolicanet.net\/wp-cnet\/?p=94380"},"modified":"2025-05-05T22:27:28","modified_gmt":"2025-05-06T01:27:28","slug":"homenagem-ao-papa-francisco","status":"publish","type":"post","link":"https:\/\/catolicanet.net\/wp-cnet\/homenagem-ao-papa-francisco\/","title":{"rendered":"Homenagem ao Papa Francisco"},"content":{"rendered":"<p style=\"text-align: center;\"><em>Texto referencial: Tu me amas mais do que estes? Tu, sabes que te amo. <\/em><\/p>\n<p style=\"text-align: center;\"><em>(Jo 21,15-16.18).<\/em><\/p>\n<p style=\"text-align: justify;\"><em>\u00a0<\/em>Adeus, Papa Francisco, e eterno agradecimento, por tudo o que fizeste, pelo rebanho do sumo e eterno Pastor, Jesus Cristo, o qual a teus cuidados pastorais o confiou.<\/p>\n<p style=\"text-align: justify;\">Pedro, de quem fostes um dos sucessores, bem como de todos os ap\u00f3stolos, certamente te receberam felizes, pois procuraste cuidar, carinhosamente do rebanho e que a outro agora passar\u00e1.<\/p>\n<p style=\"text-align: justify;\">Olhaste para o alto, para receberes as luzes necess\u00e1rias para a condu\u00e7\u00e3o do rebanho do Senhor. Olhaste para frente, pois, por ali passa a esperan\u00e7a do futuro. Olhaste, para dentro de ti mesmo e percebeste a necessidade da convers\u00e3o e a urgiste de todos e come\u00e7ando contigo.<\/p>\n<p style=\"text-align: justify;\">Como Jesus, fostes ao encontro dos mais fragilizados, defendestes seus direitos, clamando por justi\u00e7a, sem esquecer tamb\u00e9m a necessidade da solidariedade humana.<\/p>\n<p style=\"text-align: justify;\">Como Francisco de Assis, defendeste a natureza obra de Deus e presente \u00e0 humanidade, pois sem ela, esta n\u00e3o pode viver, pois n\u00e3o haveria verdadeiro futuro.<\/p>\n<p style=\"text-align: justify;\">Como Pedro e junto dele, te suplicamos que continues a zelar pelo rebanho que j\u00e1 foi teu e agora passar\u00e1 para outro. Sabendo que o Pai celeste tem mais a dar, do que n\u00f3s podemos almejar, desejamos-te a vis\u00e3o beatifica da Trindade e assim a felicidade sem fim. At\u00e9 nosso encontro, na casa do Pai.<\/p>\n<p>&nbsp;<\/p>\n","protected":false},"excerpt":{"rendered":"<p>Texto referencial: Tu me amas mais do que estes? Tu, sabes que te amo. (Jo 21,15-16.18). \u00a0Adeus, Papa Francisco, e eterno agradecimento, por tudo o que fizeste, pelo rebanho do sumo e eterno Pastor, Jesus Cristo, o qual a teus cuidados pastorais o confiou. Pedro, de quem fostes um dos sucessores, bem como de todos [&hellip;]<\/p>\n","protected":false},"author":119,"featured_media":77698,"comment_status":"open","ping_status":"closed","sticky":false,"template":"","format":"standard","meta":{"footnotes":""},"categories":[9],"tags":[],"class_list":["post-94380","post","type-post","status-publish","format-standard","has-post-thumbnail","hentry","category-artigos"],"_links":{"self":[{"href":"https:\/\/catolicanet.net\/wp-cnet\/wp-json\/wp\/v2\/posts\/94380","targetHints":{"allow":["GET"]}}],"collection":[{"href":"https:\/\/catolicanet.net\/wp-cnet\/wp-json\/wp\/v2\/posts"}],"about":[{"href":"https:\/\/catolicanet.net\/wp-cnet\/wp-json\/wp\/v2\/types\/post"}],"author":[{"embeddable":true,"href":"https:\/\/catolicanet.net\/wp-cnet\/wp-json\/wp\/v2\/users\/119"}],"replies":[{"embeddable":true,"href":"https:\/\/catolicanet.net\/wp-cnet\/wp-json\/wp\/v2\/comments?post=94380"}],"version-history":[{"count":1,"href":"https:\/\/catolicanet.net\/wp-cnet\/wp-json\/wp\/v2\/posts\/94380\/revisions"}],"predecessor-version":[{"id":94382,"href":"https:\/\/catolicanet.net\/wp-cnet\/wp-json\/wp\/v2\/posts\/94380\/revisions\/94382"}],"wp:featuredmedia":[{"embeddable":true,"href":"https:\/\/catolicanet.net\/wp-cnet\/wp-json\/wp\/v2\/media\/77698"}],"wp:attachment":[{"href":"https:\/\/catolicanet.net\/wp-cnet\/wp-json\/wp\/v2\/media?parent=94380"}],"wp:term":[{"taxonomy":"category","embeddable":true,"href":"https:\/\/catolicanet.net\/wp-cnet\/wp-json\/wp\/v2\/categories?post=94380"},{"taxonomy":"post_tag","embeddable":true,"href":"https:\/\/catolicanet.net\/wp-cnet\/wp-json\/wp\/v2\/tags?post=94380"}],"curies":[{"name":"wp","href":"https:\/\/api.w.org\/{rel}","templated":true}]}}