{"id":94371,"date":"2025-04-30T10:03:14","date_gmt":"2025-04-30T13:03:14","guid":{"rendered":"https:\/\/catolicanet.net\/wp-cnet\/?p=94371"},"modified":"2025-05-05T22:04:33","modified_gmt":"2025-05-06T01:04:33","slug":"simao-filho-de-joao-tu-me-amas","status":"publish","type":"post","link":"https:\/\/catolicanet.net\/wp-cnet\/simao-filho-de-joao-tu-me-amas\/","title":{"rendered":"\u201cSim\u00e3o, filho de Jo\u00e3o, tu me amas?\u201d"},"content":{"rendered":"<p style=\"text-align: justify;\">\u00a0\u00a0\u00a0\u00a0\u00a0\u00a0\u00a0\u00a0\u00a0\u00a0\u00a0 A liturgia do terceiro Domingo da P\u00e1scoa (Atos 5,27-41, Salmo 29, Apocalipse 5,11-14 e Jo\u00e3o 21,1-19), a morte do Papa Francisco e a escolha do novo Papa convidam para refletir sobre o minist\u00e9rio do sucessor de S\u00e3o Pedro na Igreja. No Evangelho Jesus confia a Pedro a miss\u00e3o de apascentar o Povo do Senhor, os Atos dos Ap\u00f3stolos descrevem os primeiros passos da Igreja na prega\u00e7\u00e3o e atitudes de Pedro e dos ap\u00f3stolos e o Apocalipse revela a Igreja celebrando a liturgia em adora\u00e7\u00e3o diante do \u201cCordeiro imolado\u201d, Jesus Cristo o Salvador. S\u00e3o sugestivos estes textos por permitirem contemplar ao mesmo tempo o caminho e a meta, isto \u00e9, a Igreja realizando a miss\u00e3o no mundo e a eternidade.<\/p>\n<p style=\"text-align: justify;\">\u00a0\u00a0\u00a0\u00a0\u00a0\u00a0\u00a0\u00a0\u00a0\u00a0\u00a0 A Igreja que caminha no mundo tem um guia e um pastor estabelecido por Deus. Trata-se do colegiado apost\u00f3lico dirigido por Pedro e seus sucessores. Jesus, antes de confiar a Pedro a miss\u00e3o de apascentar suas ovelhas, precisa ouvir duas respostas: se ele o ama e se tem f\u00e9 nele. \u201cSim\u00e3o, filho de Jo\u00e3o, tu me amas mais do que estes?\u201d Jesus insiste tr\u00eas vezes e Pedro responde tr\u00eas vezes: \u201cSim, Senhor, tu sabes que te amo!\u201d Em outra oportunidade Pedro professou a f\u00e9: \u201cE v\u00f3s quem dizeis que eu sou?\u201d Sim\u00e3o Pedro respondeu: \u201cTu \u00e9s o Cristo, o Filho do Deus vivo\u201d. (Mt 16,15-16).<\/p>\n<p style=\"text-align: justify;\">\u00a0\u00a0\u00a0\u00a0\u00a0\u00a0\u00a0\u00a0\u00a0\u00a0\u00a0 Estas s\u00e3o as duas perguntas fundamentais que devem ser feitas aos sucessores de Pedro e ao pr\u00f3ximo Papa: sobre f\u00e9 e o amor. O livro de Atos registra que os ap\u00f3stolos foram proibidos de ensinar em nome de Jesus. \u201cPedro e os outros ap\u00f3stolos responderam: \u201c\u00c9 preciso obedecer a Deus, antes que aos homens\u201d. Obedecem a Deus por estarem convictos que precisavam anunciar Jesus Cristo que foi morto na cruz e ressuscitou, agora \u00e9 o \u201cGuia supremo e Salvador\u201d. Foi a miss\u00e3o que receberam e devem ser fi\u00e9is, n\u00e3o recuando diante de ordens humanas.<\/p>\n<p style=\"text-align: justify;\">\u00a0\u00a0\u00a0\u00a0\u00a0\u00a0\u00a0\u00a0\u00a0\u00a0\u00a0 Para uma miss\u00e3o t\u00e3o elevada de apascentar \u201cas minhas ovelhas\u201d, Jesus escolhe meios t\u00e3o humildes e fr\u00e1geis. Pedro fica triste diante da insist\u00eancia se Jesus se ele o amava e por fim ainda lhe \u00e9 dito: \u201cquando fores velho, estender\u00e1s as m\u00e3os e outro te cingir\u00e1 e te levar\u00e1 para onde n\u00e3o queres ir\u201d. \u00c9 a condi\u00e7\u00e3o humana de todos os papas. Instrumentos fr\u00e1geis na m\u00e3o de Deus para realizarem t\u00e3o elevada miss\u00e3o.<\/p>\n<p style=\"text-align: justify;\">A autoridade de Pedro e dos seus sucessores brota do amor. Jesus anteriormente j\u00e1 havia revelado, com uma palavra, como se exercita a autoridade que nasce do amor: servi\u00e7o. \u201cEu estou no meio de v\u00f3s como aquele que serve\u201d (Lc 22,27). A autoridade exercida pelo papa \u00e9 sobre fi\u00e9is que n\u00e3o s\u00e3o dele, mas de Deus: \u201cApascenta as minhas ovelhas\u201d, repete tr\u00eas vezes Jesus. A autoridade \u00e9 exercida em nome de Deus e para ele devem ser conduzidas pessoas. Deus \u00e9 o centro, o ponto de converg\u00eancia. O Papa e a Igreja s\u00e3o sacramentos de salva\u00e7\u00e3o. Sinais vis\u00edveis para conduzir \u00e0 meta.<\/p>\n<p style=\"text-align: justify;\">O livro de Atos acentua a miss\u00e3o de anunciar Jesus Cristo morto e ressuscitado. \u201cIde pelo mundo inteiro e proclamai o Evangelho a toda criatura!\u201d (Mc 1615) Esta foi a miss\u00e3o priorit\u00e1ria de Pedro e dos ap\u00f3stolos: \u201csomos testemunhas, n\u00f3s e o Esp\u00edrito Santo, que Deus concedeu \u00e0queles que lhe obedecem\u201d. Esta \u00e9 miss\u00e3o priorit\u00e1ria do Papa, liderar a evangeliza\u00e7\u00e3o. Da\u00ed nasce a f\u00e9 e a ades\u00e3o a Jesus. \u00c9 um processo que faz encontrar duas pessoas livres: Deus e o ser humano.<\/p>\n<p style=\"text-align: justify;\">Neste momento que n\u00e3o temos o sucessor de Pedro, se faz necess\u00e1rio fazer esta ora\u00e7\u00e3o registrada em Atos: \u201cSenhor, tu conheces os cora\u00e7\u00f5es de todos. Mostra-nos qual destes escolhestes para ocupar, neste minist\u00e9rio e apostolado, o lugar\u201d deixado pela morte do Papa Francisco.<\/p>\n","protected":false},"excerpt":{"rendered":"<p>\u00a0\u00a0\u00a0\u00a0\u00a0\u00a0\u00a0\u00a0\u00a0\u00a0\u00a0 A liturgia do terceiro Domingo da P\u00e1scoa (Atos 5,27-41, Salmo 29, Apocalipse 5,11-14 e Jo\u00e3o 21,1-19), a morte do Papa Francisco e a escolha do novo Papa convidam para refletir sobre o minist\u00e9rio do sucessor de S\u00e3o Pedro na Igreja. No Evangelho Jesus confia a Pedro a miss\u00e3o de apascentar o Povo do Senhor, [&hellip;]<\/p>\n","protected":false},"author":18,"featured_media":55821,"comment_status":"open","ping_status":"closed","sticky":false,"template":"","format":"standard","meta":{"footnotes":""},"categories":[9],"tags":[],"class_list":["post-94371","post","type-post","status-publish","format-standard","has-post-thumbnail","hentry","category-artigos"],"_links":{"self":[{"href":"https:\/\/catolicanet.net\/wp-cnet\/wp-json\/wp\/v2\/posts\/94371","targetHints":{"allow":["GET"]}}],"collection":[{"href":"https:\/\/catolicanet.net\/wp-cnet\/wp-json\/wp\/v2\/posts"}],"about":[{"href":"https:\/\/catolicanet.net\/wp-cnet\/wp-json\/wp\/v2\/types\/post"}],"author":[{"embeddable":true,"href":"https:\/\/catolicanet.net\/wp-cnet\/wp-json\/wp\/v2\/users\/18"}],"replies":[{"embeddable":true,"href":"https:\/\/catolicanet.net\/wp-cnet\/wp-json\/wp\/v2\/comments?post=94371"}],"version-history":[{"count":1,"href":"https:\/\/catolicanet.net\/wp-cnet\/wp-json\/wp\/v2\/posts\/94371\/revisions"}],"predecessor-version":[{"id":94373,"href":"https:\/\/catolicanet.net\/wp-cnet\/wp-json\/wp\/v2\/posts\/94371\/revisions\/94373"}],"wp:featuredmedia":[{"embeddable":true,"href":"https:\/\/catolicanet.net\/wp-cnet\/wp-json\/wp\/v2\/media\/55821"}],"wp:attachment":[{"href":"https:\/\/catolicanet.net\/wp-cnet\/wp-json\/wp\/v2\/media?parent=94371"}],"wp:term":[{"taxonomy":"category","embeddable":true,"href":"https:\/\/catolicanet.net\/wp-cnet\/wp-json\/wp\/v2\/categories?post=94371"},{"taxonomy":"post_tag","embeddable":true,"href":"https:\/\/catolicanet.net\/wp-cnet\/wp-json\/wp\/v2\/tags?post=94371"}],"curies":[{"name":"wp","href":"https:\/\/api.w.org\/{rel}","templated":true}]}}