{"id":94356,"date":"2025-05-01T09:49:38","date_gmt":"2025-05-01T12:49:38","guid":{"rendered":"https:\/\/catolicanet.net\/wp-cnet\/?p=94356"},"modified":"2025-05-05T21:55:31","modified_gmt":"2025-05-06T00:55:31","slug":"maio-mes-mariano-caminhar-com-maria-para-jesus","status":"publish","type":"post","link":"https:\/\/catolicanet.net\/wp-cnet\/maio-mes-mariano-caminhar-com-maria-para-jesus\/","title":{"rendered":"Maio, M\u00eas Mariano: Caminhar com Maria para Jesus"},"content":{"rendered":"<p style=\"text-align: justify;\">O m\u00eas de maio \u00e9, na tradi\u00e7\u00e3o da Igreja Cat\u00f3lica, especialmente dedicado \u00e0 Virgem Maria. \u00c9 o M\u00eas Mariano, um tempo profundamente devocional, no qual o povo de Deus volta seu olhar \u00e0quela que, com humildade e coragem, disse \u201csim\u201d ao plano de Deus e tornou-se M\u00e3e do Salvador e M\u00e3e da Igreja.<\/p>\n<p style=\"text-align: justify;\">A dedica\u00e7\u00e3o do m\u00eas de maio a Maria tem ra\u00edzes antigas. Desde o s\u00e9culo XIII, j\u00e1 se celebravam festas em honra \u00e0 M\u00e3e de Deus nessa \u00e9poca do ano, e, a partir do s\u00e9culo XVII, essa devo\u00e7\u00e3o foi sendo consolidada por comunidades religiosas e, mais tarde, difundida amplamente pelos Papas e pela piedade popular. Maio, m\u00eas da primavera no hemisf\u00e9rio norte, \u00e9 simbolicamente associado \u00e0 beleza, \u00e0 vida e \u00e0 renova\u00e7\u00e3o \u2014 atributos que tamb\u00e9m nos falam da presen\u00e7a maternal de Maria, sempre pronta a gerar Cristo em nossos cora\u00e7\u00f5es.<\/p>\n<p style=\"text-align: justify;\">A figura de Maria ocupa um lugar especial nas Sagradas Escrituras. Desde o an\u00fancio do anjo, quando Ela responde <em>\u201cEis aqui a serva do Senhor; fa\u00e7a-se em mim segundo a tua palavra\u201d <\/em>(Lc 1,38), at\u00e9 sua presen\u00e7a silenciosa e firme aos p\u00e9s da cruz (Jo 19,25), Maria nos ensina o caminho da f\u00e9 obediente, da confian\u00e7a e da entrega total a Deus.<\/p>\n<p style=\"text-align: justify;\">Mais do que um modelo distante, Ela \u00e9 M\u00e3e pr\u00f3xima. Jesus, na cruz, confiou Maria ao disc\u00edpulo amado: <em>\u201cEis a tua m\u00e3e\u201d<\/em> (Jo 19,27), e, desde ent\u00e3o, toda a Igreja reconhece em Maria uma M\u00e3e espiritual, que caminha conosco, intercede por n\u00f3s e nos aponta para Cristo: <em>\u201cFazei tudo o que Ele vos disser\u201d<\/em> (Jo 2,5), diz ela nas bodas de Can\u00e1.<\/p>\n<p style=\"text-align: justify;\">A devo\u00e7\u00e3o mariana n\u00e3o \u00e9 um acess\u00f3rio da f\u00e9, mas parte integrante da espiritualidade crist\u00e3. O Conc\u00edlio Ecum\u00eanico Vaticano II, na Constitui\u00e7\u00e3o Dogm\u00e1tica <em>Lumen Gentium<\/em>, dedicou um cap\u00edtulo inteiro \u00e0 Virgem Maria, chamando-a de <em>\u201cmodelo da f\u00e9 e da caridade\u201d<\/em> (LG 53). Maria n\u00e3o \u00e9 adorada \u2014 pois a adora\u00e7\u00e3o pertence somente a Deus \u2014, mas venerada como a mais perfeita das criaturas, aquela que colaborou livremente com a salva\u00e7\u00e3o do mundo.<\/p>\n<p style=\"text-align: justify;\">Os Papas sempre incentivaram a devo\u00e7\u00e3o mariana como meio seguro de santifica\u00e7\u00e3o. S\u00e3o Jo\u00e3o Paulo II afirmou: <em>\u201cMaria \u00e9 o caminho mais seguro para encontrar Cristo.\u201d<\/em> O Papa Francisco, por sua vez, recorda que \u201conde est\u00e1 Maria, h\u00e1 ternura, cuidado, miseric\u00f3rdia e esperan\u00e7a\u201d \u2014 caracter\u00edsticas fundamentais para a viv\u00eancia do Evangelho. O pr\u00f3prio Papa Francisco era t\u00e3o devoto de Nossa Senhora, M\u00e3e do Povo Romano, que quis ser sepultado ao lado do famoso \u00edcone da padroeira de Roma, na Bas\u00edlica de Santa Maria Maior.<\/p>\n<p style=\"text-align: justify;\">Durante o m\u00eas de maio, as comunidades cat\u00f3licas se re\u00fanem para rezar o Santo Ter\u00e7o, organizar coroa\u00e7\u00f5es de Nossa Senhora, celebrar missas marianas, reflex\u00f5es b\u00edblicas, e gestos concretos de solidariedade. Essas express\u00f5es de f\u00e9 alimentam a alma e fortalecem a comunh\u00e3o entre os fi\u00e9is.<\/p>\n<p style=\"text-align: justify;\">O Ros\u00e1rio, em especial, \u00e9 uma ora\u00e7\u00e3o profundamente b\u00edblica e cristoc\u00eantrica. Ao meditarmos os mist\u00e9rios da vida de Jesus com Maria, aprendemos a ver os acontecimentos da nossa vida \u00e0 luz da f\u00e9. Como dizia S\u00e3o Jo\u00e3o Paulo II: <em>\u201cO Ros\u00e1rio, embora caracteristicamente mariano, \u00e9 ora\u00e7\u00e3o de cora\u00e7\u00e3o cristol\u00f3gico.\u201d<\/em><\/p>\n<p style=\"text-align: justify;\">Al\u00e9m das pr\u00e1ticas comunit\u00e1rias, o M\u00eas Mariano nos convida tamb\u00e9m a cultivar um relacionamento pessoal com Maria. Podemos consagrar nosso dia a Ela, pedir sua intercess\u00e3o em nossos desafios, e buscar imit\u00e1-la em sua escuta da Palavra, no servi\u00e7o generoso ao pr\u00f3ximo, e na humildade que engrandece a Deus.<\/p>\n<p style=\"text-align: justify;\">Celebrar o M\u00eas Mariano n\u00e3o \u00e9 apenas um ato devocional, mas um chamado a renovar nossa vida crist\u00e3. Maria continua sendo a Estrela da Evangeliza\u00e7\u00e3o, que ilumina nosso caminho e nos leva sempre a Jesus. Em meio \u00e0s lutas e desafios do nosso tempo, Ela nos sustenta como M\u00e3e atenta, mestra da f\u00e9 e exemplo de disc\u00edpula.<\/p>\n<p style=\"text-align: justify;\">Que neste m\u00eas de maio, cada fam\u00edlia, par\u00f3quia e comunidade possa viver com fervor esse tempo de gra\u00e7a, redescobrindo na companhia de Maria a beleza de seguir Jesus com o cora\u00e7\u00e3o dispon\u00edvel e fiel. Que Ela, M\u00e3e da Igreja e Rainha da Paz, interceda por todos n\u00f3s, para que sejamos construtores de esperan\u00e7a e instrumentos do amor de Deus no mundo.<\/p>\n","protected":false},"excerpt":{"rendered":"<p>O m\u00eas de maio \u00e9, na tradi\u00e7\u00e3o da Igreja Cat\u00f3lica, especialmente dedicado \u00e0 Virgem Maria. \u00c9 o M\u00eas Mariano, um tempo profundamente devocional, no qual o povo de Deus volta seu olhar \u00e0quela que, com humildade e coragem, disse \u201csim\u201d ao plano de Deus e tornou-se M\u00e3e do Salvador e M\u00e3e da Igreja. A dedica\u00e7\u00e3o [&hellip;]<\/p>\n","protected":false},"author":53272,"featured_media":92837,"comment_status":"open","ping_status":"closed","sticky":false,"template":"","format":"standard","meta":{"footnotes":""},"categories":[9],"tags":[],"class_list":["post-94356","post","type-post","status-publish","format-standard","has-post-thumbnail","hentry","category-artigos"],"_links":{"self":[{"href":"https:\/\/catolicanet.net\/wp-cnet\/wp-json\/wp\/v2\/posts\/94356","targetHints":{"allow":["GET"]}}],"collection":[{"href":"https:\/\/catolicanet.net\/wp-cnet\/wp-json\/wp\/v2\/posts"}],"about":[{"href":"https:\/\/catolicanet.net\/wp-cnet\/wp-json\/wp\/v2\/types\/post"}],"author":[{"embeddable":true,"href":"https:\/\/catolicanet.net\/wp-cnet\/wp-json\/wp\/v2\/users\/53272"}],"replies":[{"embeddable":true,"href":"https:\/\/catolicanet.net\/wp-cnet\/wp-json\/wp\/v2\/comments?post=94356"}],"version-history":[{"count":1,"href":"https:\/\/catolicanet.net\/wp-cnet\/wp-json\/wp\/v2\/posts\/94356\/revisions"}],"predecessor-version":[{"id":94358,"href":"https:\/\/catolicanet.net\/wp-cnet\/wp-json\/wp\/v2\/posts\/94356\/revisions\/94358"}],"wp:featuredmedia":[{"embeddable":true,"href":"https:\/\/catolicanet.net\/wp-cnet\/wp-json\/wp\/v2\/media\/92837"}],"wp:attachment":[{"href":"https:\/\/catolicanet.net\/wp-cnet\/wp-json\/wp\/v2\/media?parent=94356"}],"wp:term":[{"taxonomy":"category","embeddable":true,"href":"https:\/\/catolicanet.net\/wp-cnet\/wp-json\/wp\/v2\/categories?post=94356"},{"taxonomy":"post_tag","embeddable":true,"href":"https:\/\/catolicanet.net\/wp-cnet\/wp-json\/wp\/v2\/tags?post=94356"}],"curies":[{"name":"wp","href":"https:\/\/api.w.org\/{rel}","templated":true}]}}