{"id":94353,"date":"2025-05-01T09:44:32","date_gmt":"2025-05-01T12:44:32","guid":{"rendered":"https:\/\/catolicanet.net\/wp-cnet\/?p=94353"},"modified":"2025-05-05T21:49:13","modified_gmt":"2025-05-06T00:49:13","slug":"dia-do-trabalho-3","status":"publish","type":"post","link":"https:\/\/catolicanet.net\/wp-cnet\/dia-do-trabalho-3\/","title":{"rendered":"Dia do Trabalho"},"content":{"rendered":"<p style=\"text-align: justify;\">No dia 1\u00ba de maio, comemora-se o Dia do Trabalhador ou Dia do Trabalho e, consequentemente, o Dia de S\u00e3o Jos\u00e9 Oper\u00e1rio, que confere um car\u00e1ter religioso a essa celebra\u00e7\u00e3o. Nesse dia, somos convidados a ir \u00e0 Igreja para agradecer a Deus pelo nosso trabalho e pedir um emprego, caso estejamos desempregados. O Dia do Trabalho surgiu como uma reivindica\u00e7\u00e3o da classe trabalhadora por melhores condi\u00e7\u00f5es laborais.<\/p>\n<p style=\"text-align: justify;\">A data \u00e9 marcada por diversas manifesta\u00e7\u00f5es promovidas pelos sindicatos, que ainda hoje lutam por melhores condi\u00e7\u00f5es de trabalho. Muitas a\u00e7\u00f5es sociais e festas tamb\u00e9m acontecem nesse dia, at\u00e9 por ser um feriado nacional, em que os trabalhadores est\u00e3o em casa descansando. Mas, como j\u00e1 dissemos, n\u00e3o podemos esquecer de agradecer a Deus por nosso trabalho e pedir um emprego, caso estejamos sem ele.<\/p>\n<p style=\"text-align: justify;\">Se estamos empregados, \u00e9 por nossa dedica\u00e7\u00e3o, compet\u00eancia e tamb\u00e9m pela gra\u00e7a divina. Precisamos ter prud\u00eancia ao reivindicar algo no ambiente de trabalho ou ao participar de certos grupos, para n\u00e3o nos prejudicarmos. Por isso, antes de participar de manifesta\u00e7\u00f5es trabalhistas nesse dia, participe da Eucaristia e agrade\u00e7a a Deus pelo seu trabalho e pela oportunidade de levar o p\u00e3o de cada dia \u00e0 sua mesa.<\/p>\n<p style=\"text-align: justify;\">O trabalho dignifica a pessoa humana. Sobretudo nos dias atuais, \u00e9 essencial ter uma ocupa\u00e7\u00e3o para garantir o sustento di\u00e1rio. N\u00e3o existe trabalho melhor ou pior do que outro; todo trabalho feito com dignidade agrada a Deus. Se aquilo que fazemos nos satisfaz e nos sentimos bem, n\u00e3o importa o que os outros digam. O pai de fam\u00edlia que trabalha e se ocupa \u00e9 exemplo para os filhos, pois estes, vendo o pai trabalhar, tamb\u00e9m criar\u00e3o gosto pelo trabalho no futuro.<\/p>\n<p style=\"text-align: justify;\">Quando se est\u00e1 empregado, \u00e9 poss\u00edvel ter dinheiro para pagar d\u00edvidas, colocar o alimento na mesa, sair e se divertir com a fam\u00edlia, dar um trocado aos filhos, enfim, garantir o necess\u00e1rio para sobreviver. Quando se est\u00e1 desempregado, a situa\u00e7\u00e3o se complica: muitas vezes falta dinheiro para as contas, para o alimento, e n\u00e3o se pode atender aos pedidos dos filhos por um simples trocado.<\/p>\n<p style=\"text-align: justify;\">Por mais que, \u00e0s vezes, o trabalho se torne exaustivo e tenhamos vontade de desistir, ele \u00e9 necess\u00e1rio para garantir o sustento. Mesmo com conflitos no ambiente profissional, com chefes ou colegas, precisamos nos manter firmes, superar as adversidades e seguir adiante. N\u00e3o estamos no trabalho por causa de um ou de outro, mas por n\u00f3s mesmos. Se a situa\u00e7\u00e3o se tornar insustent\u00e1vel, Deus abrir\u00e1 outras portas. O importante \u00e9 estar empregado e, com honestidade, levar o p\u00e3o de cada dia para casa.<\/p>\n<p style=\"text-align: justify;\">Recordamos neste Dia do Trabalho a figura de S\u00e3o Jos\u00e9, n\u00e3o apenas como pai adotivo de Jesus, mas como oper\u00e1rio, trabalhador e chefe de fam\u00edlia, que por meio de seu of\u00edcio levava o sustento para sua casa. Por isso, espelhemo-nos em S\u00e3o Jos\u00e9 e na Sagrada Fam\u00edlia de Nazar\u00e9 e agrade\u00e7amos a Deus pelo nosso trabalho. Como j\u00e1 dissemos, recordamos S\u00e3o Jos\u00e9 como patrono universal da Igreja em 19 de mar\u00e7o e, agora, como oper\u00e1rio, exemplo e intercessor de todos os trabalhadores.<\/p>\n<p style=\"text-align: justify;\">Em 1955, para dar um car\u00e1ter crist\u00e3o \u00e0 festa, o Papa Pio XII instituiu a comemora\u00e7\u00e3o de S\u00e3o Jos\u00e9 Oper\u00e1rio no dia 1\u00ba de maio. O Papa cristianizou essa celebra\u00e7\u00e3o e, assim, dignificou os frutos do esfor\u00e7o de cada trabalhador. O Dia do Trabalho j\u00e1 era comemorado por causa das lutas da classe trabalhadora, e o Papa n\u00e3o quis apagar isso, mas dar um sentido crist\u00e3o \u00e0 data, pois, antes de tudo, devemos agradecer a Deus por nosso trabalho e por podermos celebrar esse dia.<\/p>\n<p style=\"text-align: justify;\">Defendamos nosso trabalho, cuidemos dele e nutramos amor pelo que fazemos, pois muitos gostariam de estar em nosso lugar. Valorizemos o que temos enquanto \u00e9 tempo, pois, depois que perdemos, de nada adianta reclamar. Fa\u00e7amos a nossa parte e pe\u00e7amos que Deus, por intercess\u00e3o de S\u00e3o Jos\u00e9, aben\u00e7oe nosso trabalho.<\/p>\n<p style=\"text-align: justify;\">No Dia do Trabalhador e do Trabalho, mais do que sair por a\u00ed para reivindicar direitos, fa\u00e7amos deste dia uma oportunidade para agradecer a Deus pelo trabalho que temos. \u00c9 claro que n\u00e3o devemos aceitar qualquer condi\u00e7\u00e3o de trabalho e tampouco sofrer calados, mas, antes de tudo, o Dia do Trabalho \u00e9 um momento para elevarmos nossa gratid\u00e3o a Deus.<\/p>\n<p style=\"text-align: justify;\">Infelizmente, mesmo ap\u00f3s o fim da escravid\u00e3o, muitos trabalhadores ainda s\u00e3o submetidos a condi\u00e7\u00f5es an\u00e1logas \u00e0 escravid\u00e3o. Alguns empregadores exigem demais de seus empregados, tornando-os quase escravos. Pe\u00e7amos, portanto, ao Senhor, neste Dia do Trabalho, que essa realidade seja transformada, e lutemos por condi\u00e7\u00f5es dignas para todos os trabalhadores.<\/p>\n<p style=\"text-align: justify;\">No Brasil, o Dia do Trabalho foi oficialmente reconhecido em 26 de setembro de 1924, por meio do decreto n\u00ba 4.859, assinado pelo ent\u00e3o presidente Artur da Silva Bernardes. A cria\u00e7\u00e3o da Consolida\u00e7\u00e3o das Leis do Trabalho (CLT) ocorreu por meio do decreto-lei n\u00ba 5.452, em 1\u00ba de maio de 1943, durante o governo de Get\u00falio Dorneles Vargas. Nessa \u00e9poca, grandes manifesta\u00e7\u00f5es com m\u00fasicas, desfiles e an\u00fancios de novas leis trabalhistas marcavam a data. At\u00e9 hoje, alguns governos aproveitam o 1\u00ba de maio para anunciar medidas, como o reajuste do sal\u00e1rio m\u00ednimo.<\/p>\n<p style=\"text-align: justify;\">Infelizmente, muitos patr\u00f5es ainda n\u00e3o respeitam seus funcion\u00e1rios e, mesmo oferecendo emprego, n\u00e3o garantem condi\u00e7\u00f5es dignas de trabalho. Muitos exploram seus empregados, exigindo jornadas exaustivas e tornando o ambiente profissional t\u00f3xico. Os trabalhadores precisam se sentir bem no local de trabalho, pois ali passam grande parte do dia. Por isso, \u00e9 importante que todos reflitam, neste dia, sobre o valor e a dignidade do pr\u00f3prio trabalho.<\/p>\n<p style=\"text-align: justify;\">Portanto, celebremos este Dia do Trabalho com gratid\u00e3o a Deus pelo emprego que temos. Sem ele, n\u00e3o poder\u00edamos sustentar nossa fam\u00edlia. Esforcemo-nos para realizar bem o nosso trabalho, com dedica\u00e7\u00e3o e empenho, buscando crescer profissionalmente. Se nos sentirmos lesados em algo, dialoguemos com nossos superiores antes de tomar atitudes dr\u00e1sticas ou participar de manifesta\u00e7\u00f5es.<\/p>\n<p style=\"text-align: justify;\">Que S\u00e3o Jos\u00e9 Oper\u00e1rio interceda por cada um de n\u00f3s e nos proteja em nossos locais de trabalho. Que o Esp\u00edrito Santo nos conceda sabedoria para tomarmos as decis\u00f5es corretas.<\/p>\n<p style=\"text-align: justify;\">Am\u00e9m!<\/p>\n","protected":false},"excerpt":{"rendered":"<p>No dia 1\u00ba de maio, comemora-se o Dia do Trabalhador ou Dia do Trabalho e, consequentemente, o Dia de S\u00e3o Jos\u00e9 Oper\u00e1rio, que confere um car\u00e1ter religioso a essa celebra\u00e7\u00e3o. Nesse dia, somos convidados a ir \u00e0 Igreja para agradecer a Deus pelo nosso trabalho e pedir um emprego, caso estejamos desempregados. O Dia do [&hellip;]<\/p>\n","protected":false},"author":5,"featured_media":55819,"comment_status":"open","ping_status":"closed","sticky":false,"template":"","format":"standard","meta":{"footnotes":""},"categories":[9],"tags":[],"class_list":["post-94353","post","type-post","status-publish","format-standard","has-post-thumbnail","hentry","category-artigos"],"_links":{"self":[{"href":"https:\/\/catolicanet.net\/wp-cnet\/wp-json\/wp\/v2\/posts\/94353","targetHints":{"allow":["GET"]}}],"collection":[{"href":"https:\/\/catolicanet.net\/wp-cnet\/wp-json\/wp\/v2\/posts"}],"about":[{"href":"https:\/\/catolicanet.net\/wp-cnet\/wp-json\/wp\/v2\/types\/post"}],"author":[{"embeddable":true,"href":"https:\/\/catolicanet.net\/wp-cnet\/wp-json\/wp\/v2\/users\/5"}],"replies":[{"embeddable":true,"href":"https:\/\/catolicanet.net\/wp-cnet\/wp-json\/wp\/v2\/comments?post=94353"}],"version-history":[{"count":1,"href":"https:\/\/catolicanet.net\/wp-cnet\/wp-json\/wp\/v2\/posts\/94353\/revisions"}],"predecessor-version":[{"id":94355,"href":"https:\/\/catolicanet.net\/wp-cnet\/wp-json\/wp\/v2\/posts\/94353\/revisions\/94355"}],"wp:featuredmedia":[{"embeddable":true,"href":"https:\/\/catolicanet.net\/wp-cnet\/wp-json\/wp\/v2\/media\/55819"}],"wp:attachment":[{"href":"https:\/\/catolicanet.net\/wp-cnet\/wp-json\/wp\/v2\/media?parent=94353"}],"wp:term":[{"taxonomy":"category","embeddable":true,"href":"https:\/\/catolicanet.net\/wp-cnet\/wp-json\/wp\/v2\/categories?post=94353"},{"taxonomy":"post_tag","embeddable":true,"href":"https:\/\/catolicanet.net\/wp-cnet\/wp-json\/wp\/v2\/tags?post=94353"}],"curies":[{"name":"wp","href":"https:\/\/api.w.org\/{rel}","templated":true}]}}