{"id":94317,"date":"2025-04-29T09:12:13","date_gmt":"2025-04-29T12:12:13","guid":{"rendered":"https:\/\/catolicanet.net\/wp-cnet\/?p=94317"},"modified":"2025-04-29T14:15:15","modified_gmt":"2025-04-29T17:15:15","slug":"geografia-idade-ordens-religiosas-quem-sao-os-cardeais-chamados-a-eleger-o-novo-papa","status":"publish","type":"post","link":"https:\/\/catolicanet.net\/wp-cnet\/geografia-idade-ordens-religiosas-quem-sao-os-cardeais-chamados-a-eleger-o-novo-papa\/","title":{"rendered":"Geografia, idade, ordens religiosas: quem s\u00e3o os cardeais chamados a eleger o novo Papa"},"content":{"rendered":"<div class=\"mediaContent__inner \">\n<figure class=\"article__image\" style=\"text-align: justify;\"><span class=\"didascalia_img\">Os cardeais reunidos na Sala do S\u00ednodo, no Vaticano (Vatican Media)<\/span><\/figure>\n<\/div>\n<article class=\"article \">\n<div class=\"article__meta \" data-mediatype=\"foto\">\n<div class=\"article__subTitle\" style=\"text-align: justify;\">A partir de quarta-feira, 7 de maio, 53 cardeais europeus, 37 americanos (16 da Am\u00e9rica do Norte, 4 da Am\u00e9rica Central, 17 da Am\u00e9rica do Sul), 23 asi\u00e1ticos, 18 africanos e 4 da Oceania se reunir\u00e3o no Conclave. O mais jovem \u00e9 o australiano Mikola Bychok, 45, e o mais idoso \u00e9 o espanhol Carlos Osoro Sierra, 79. Pela primeira vez, 12 na\u00e7\u00f5es com eleitores nativos estar\u00e3o representadas na Capela Sistina, incluindo Haiti, Cabo Verde, Papua Nova Guin\u00e9, Su\u00e9cia, Luxemburgo e Sud\u00e3o do Sul<\/div>\n<div class=\"title__separator\" style=\"text-align: justify;\"><\/div>\n<div class=\"article__text\">\n<p style=\"text-align: justify;\"><b>Tiziana Campisi\/Raimundo de Lima &#8211; Vatican News<\/b><\/p>\n<p style=\"text-align: justify;\">Os 135 cardeais eleitores que na quarta-feira, 7 de maio, entrar\u00e3o no Conclave para escolher o 267\u00ba Pont\u00edfice v\u00eam de 71 pa\u00edses dos cinco continentes. Est\u00e3o representadas 17 na\u00e7\u00f5es da \u00c1frica, 15 da Am\u00e9rica, 17 da \u00c1sia, 18 da Europa e 4 da Oceania. Pela primeira vez, 12 Estados, de uma parte a outra do planeta, t\u00eam cardeais eleitores nativos: do Haiti, o cardeal Chibly Langlois; de Cabo Verde, Arlindo Furtado Gomes; da Rep\u00fablica Centro-Africana, Dieudonn\u00e9 Nzapalainga; de Papua Nova Guin\u00e9, John Ribat; da Mal\u00e1sia, Sebastian Francis; da Su\u00e9cia, Anders Arborelius; de Luxemburgo, Jean-Claude Hollerich; de Timor-Leste, Virgilio do Carmo da Silva; de Singapura, William Seng Chye Goh; do Paraguai, Adalberto Mart\u00ednez Flores; do Sud\u00e3o do Sul, Stephen Ameyu Martin Mulla; e da S\u00e9rvia Ladislav, Nemet. No total, 53 cardeais europeus, 37 americanos (16 da Am\u00e9rica do Norte, 4 da Am\u00e9rica Central, 17 da Am\u00e9rica do Sul), 23 asi\u00e1ticos, 18 africanos e 4 da Oceania se reunir\u00e3o na Capela Sistina.<\/p>\n<div style=\"text-align: justify;\">\n<div class=\"article__embed article__embed--unwrap article__embed--photo\">\n<figure><picture><img decoding=\"async\" class=\"loaded\" title=\"Os n\u00fameros do Col\u00e9gio cardinal\u00edcio\" src=\"https:\/\/www.vaticannews.va\/content\/dam\/vaticannews\/multimedia\/2025\/aprile\/29\/2025.04.29-INFOGRAFICA-CARDINALI-OKK.jpg\/_jcr_content\/renditions\/cq5dam.thumbnail.cropped.750.422.jpeg\" alt=\"Os n\u00fameros do Col\u00e9gio cardinal\u00edcio\" data-original=\"\/content\/dam\/vaticannews\/multimedia\/2025\/aprile\/29\/2025.04.29-INFOGRAFICA-CARDINALI-OKK.jpg\/_jcr_content\/renditions\/cq5dam.thumbnail.cropped.750.422.jpeg\" data-was-processed=\"true\" \/><\/picture><\/figure>\n<div class=\"photo_embed--Title\">Os n\u00fameros do Col\u00e9gio cardinal\u00edcio<\/div>\n<\/div>\n<\/div>\n<h2 style=\"text-align: justify;\">Os eleitores criados pelos tr\u00eas \u00faltimos Pont\u00edfices<\/h2>\n<p style=\"text-align: justify;\">O cardeal eleitor mais jovem \u00e9 o australiano Mikola Bychok, 45 anos, e o mais velho \u00e9 o espanhol Carlos Osoro Sierra, 79 anos. Os mais numerosos s\u00e3o os nascidos em 1947, h\u00e1 13 entre os que votar\u00e3o, com 78 anos de idade completados ou a serem completados. Apenas o cardeal Baldo Reina \u00e9 de 1970, e completar\u00e1 55 anos em 26 de novembro pr\u00f3ximo. Os cardeais Leo Frank, de 71, e Rolandas Makrickas, de 72, tamb\u00e9m n\u00e3o t\u00eam coet\u00e2neos. Os veteranos do Conclave s\u00e3o os cinco cardeais criados por Jo\u00e3o Paulo II, Philippe Barbarin, da Fran\u00e7a; Josip Bozani\u0107, da Cro\u00e1cia; Vinco Puli\u0107, da B\u00f3snia e Herzegovina; e Peter Turkson, de Gana. H\u00e1 22 eleitores que receberam o barrete cardinal\u00edcio de Bento XVI e 108 que o receberam por escolha de Francisco.<\/p>\n<div style=\"text-align: justify;\">\n<div class=\"article__embed article__embed--unwrap article__embed--photo\">\n<figure><picture><img decoding=\"async\" class=\"loaded\" title=\"A distribui\u00e7\u00e3o geogr\u00e1fica dos cardeais eleitores\" src=\"https:\/\/www.vaticannews.va\/content\/dam\/vaticannews\/multimedia\/2025\/aprile\/29\/2025.04.29-infografica-cardinali-nuova.jpg\/_jcr_content\/renditions\/cq5dam.thumbnail.cropped.750.422.jpeg\" alt=\"A distribui\u00e7\u00e3o geogr\u00e1fica dos cardeais eleitores\" data-original=\"\/content\/dam\/vaticannews\/multimedia\/2025\/aprile\/29\/2025.04.29-infografica-cardinali-nuova.jpg\/_jcr_content\/renditions\/cq5dam.thumbnail.cropped.750.422.jpeg\" data-was-processed=\"true\" \/><\/picture><\/figure>\n<div class=\"photo_embed--Title\">A distribui\u00e7\u00e3o geogr\u00e1fica dos cardeais eleitores<\/div>\n<\/div>\n<\/div>\n<h2 style=\"text-align: justify;\">Cardeais religiosos<\/h2>\n<p style=\"text-align: justify;\">Os eleitores incluem 33 cardeais de 18 fam\u00edlias religiosas; a fam\u00edlia religiosa com maior n\u00famero \u00e9 a dos salesianos, 5 (Charles Maung Bo, Virgilio Do Carmo da Silva, \u00c1ngel Fern\u00e1ndez Artime, Crist\u00f3bal L\u00f3pez Romero, Daniel Sturla Berhouet), h\u00e1 4 cardeais tanto da Ordem dos Frades Menores (Luis Cabrera Herrera, Pierbattista Pizzaballa, Jaime Spengler e Leonardo Steiner) quanto da Companhia de Jesus (Stephen Chow Sau-yan, Micheal Czerny, Jean-Claude H\u00f6llerich e \u00c1ngel Rossi), enquanto h\u00e1 3 franciscanos conventuais (Fran\u00e7ois-Xavier Bustillo, Mauro Gambetti e Dominique Mathieu). Na Capela Sistina, dois redentoristas (Mykola Bychok e Joseph Tobin) e dois verbitas (Tarcisius Kikuchi e Ladislav Nemet) tamb\u00e9m votar\u00e3o, assim como o agostiniano Robert Prevost, o capuchinho Fridolin Ambongo Besungu, o carmelita descal\u00e7o Anders Arborelius e o cisterciense Orani Jo\u00e3o Tempesta, o claretiano Vicente Bokalic Iglic, G\u00e9rald Lacroix do Instituto Secular Pio X, o lazarista Berhaneyesus Demerew Souraphiel, o mission\u00e1rio da Consolata Giorgio Marengo, o mission\u00e1rio do Sagrado Cora\u00e7\u00e3o de Jesus John Ribat, o scalabriniano Fabio Baggio e o espiritano Dieudonn\u00e9 Nzapalainga.<\/p>\n<div style=\"text-align: justify;\">\n<div class=\"article__embed article__embed--unwrap article__embed--photo\">\n<figure><picture><img decoding=\"async\" class=\"loaded\" title=\"Cardeais eleitores criados nos \u00faltimos tr\u00eas pontificados\" src=\"https:\/\/www.vaticannews.va\/content\/dam\/vaticannews\/multimedia\/2025\/aprile\/29\/2025.04.29-infografica-cardinali-creati.jpg\/_jcr_content\/renditions\/cq5dam.thumbnail.cropped.750.422.jpeg\" alt=\"Cardeais eleitores criados nos \u00faltimos tr\u00eas pontificados\" data-original=\"\/content\/dam\/vaticannews\/multimedia\/2025\/aprile\/29\/2025.04.29-infografica-cardinali-creati.jpg\/_jcr_content\/renditions\/cq5dam.thumbnail.cropped.750.422.jpeg\" data-was-processed=\"true\" \/><\/picture><\/figure>\n<div class=\"photo_embed--Title\">Cardeais eleitores criados nos \u00faltimos tr\u00eas pontificados<\/div>\n<\/div>\n<\/div>\n<h2 style=\"text-align: justify;\">O que diz o C\u00f3digo de Direito Can\u00f4nico<\/h2>\n<p style=\"text-align: justify;\">O c\u00e2none 349 do C\u00f3digo de Direito Can\u00f4nico especifica que os cardeais \u201cconstituem um Col\u00e9gio peculiar ao qual compete providenciar a elei\u00e7\u00e3o do Romano Pont\u00edfice\u201d e acrescenta que os purpurados \u201cauxiliam\u201d o Papa \u201cseja agindo colegialmente quando s\u00e3o convocados para tratar de assuntos de grande import\u00e2ncia, seja como indiv\u00edduos, isto \u00e9, nos v\u00e1rios cargos que ocupam, prestando-lhe seus servi\u00e7os no cuidado sobretudo di\u00e1rio da Igreja universal\u201d. \u00c9, pois, a Constitui\u00e7\u00e3o Apost\u00f3lica\u00a0<i>Universi Dominici Gregis<\/i>\u00a0a estabelecer que elegem o Sucessor de Pedro os cardeais que, antes do dia da morte do Papa \u201cou do dia em que a S\u00e9 Apost\u00f3lica se tornar vacante\u201d, n\u00e3o tiverem atingido a idade de 80 anos, por essa raz\u00e3o s\u00e3o distinguidos cardeais eleitores e n\u00e3o eleitores. At\u00e9 o momento, o Col\u00e9gio cardinal\u00edcio consiste em um total de 252 cardeais, dos quais 135 s\u00e3o eleitores e 117 s\u00e3o n\u00e3o eleitores.<\/p>\n<\/div>\n<\/div>\n<\/article>\n","protected":false},"excerpt":{"rendered":"<p>Os cardeais reunidos na Sala do S\u00ednodo, no Vaticano (Vatican Media) A partir de quarta-feira, 7 de maio, 53 cardeais europeus, 37 americanos (16 da Am\u00e9rica do Norte, 4 da Am\u00e9rica Central, 17 da Am\u00e9rica do Sul), 23 asi\u00e1ticos, 18 africanos e 4 da Oceania se reunir\u00e3o no Conclave. O mais jovem \u00e9 o australiano [&hellip;]<\/p>\n","protected":false},"author":1,"featured_media":94318,"comment_status":"open","ping_status":"closed","sticky":false,"template":"","format":"standard","meta":{"footnotes":""},"categories":[13,3],"tags":[],"class_list":["post-94317","post","type-post","status-publish","format-standard","has-post-thumbnail","hentry","category-featured","category-vaticano"],"_links":{"self":[{"href":"https:\/\/catolicanet.net\/wp-cnet\/wp-json\/wp\/v2\/posts\/94317","targetHints":{"allow":["GET"]}}],"collection":[{"href":"https:\/\/catolicanet.net\/wp-cnet\/wp-json\/wp\/v2\/posts"}],"about":[{"href":"https:\/\/catolicanet.net\/wp-cnet\/wp-json\/wp\/v2\/types\/post"}],"author":[{"embeddable":true,"href":"https:\/\/catolicanet.net\/wp-cnet\/wp-json\/wp\/v2\/users\/1"}],"replies":[{"embeddable":true,"href":"https:\/\/catolicanet.net\/wp-cnet\/wp-json\/wp\/v2\/comments?post=94317"}],"version-history":[{"count":1,"href":"https:\/\/catolicanet.net\/wp-cnet\/wp-json\/wp\/v2\/posts\/94317\/revisions"}],"predecessor-version":[{"id":94320,"href":"https:\/\/catolicanet.net\/wp-cnet\/wp-json\/wp\/v2\/posts\/94317\/revisions\/94320"}],"wp:featuredmedia":[{"embeddable":true,"href":"https:\/\/catolicanet.net\/wp-cnet\/wp-json\/wp\/v2\/media\/94318"}],"wp:attachment":[{"href":"https:\/\/catolicanet.net\/wp-cnet\/wp-json\/wp\/v2\/media?parent=94317"}],"wp:term":[{"taxonomy":"category","embeddable":true,"href":"https:\/\/catolicanet.net\/wp-cnet\/wp-json\/wp\/v2\/categories?post=94317"},{"taxonomy":"post_tag","embeddable":true,"href":"https:\/\/catolicanet.net\/wp-cnet\/wp-json\/wp\/v2\/tags?post=94317"}],"curies":[{"name":"wp","href":"https:\/\/api.w.org\/{rel}","templated":true}]}}