{"id":94304,"date":"2025-04-24T09:26:43","date_gmt":"2025-04-24T12:26:43","guid":{"rendered":"https:\/\/catolicanet.net\/wp-cnet\/?p=94304"},"modified":"2025-04-24T18:29:03","modified_gmt":"2025-04-24T21:29:03","slug":"segunda-congregacao-geral-ja-reune-103-cardeais","status":"publish","type":"post","link":"https:\/\/catolicanet.net\/wp-cnet\/segunda-congregacao-geral-ja-reune-103-cardeais\/","title":{"rendered":"Segunda congrega\u00e7\u00e3o-geral j\u00e1 re\u00fane 103 cardeais"},"content":{"rendered":"<p style=\"text-align: justify;\">O Col\u00e9gio dos Cardeais teve um aumento significativo na participa\u00e7\u00e3o na congrega\u00e7\u00e3o-geral de ontem (23), com 103 cardeais agora presentes em Roma. Na\u00a0<a href=\"https:\/\/www.acidigital.com\/noticia\/62279\/cardeais-fazem-a-primeira-das-congregacoes-gerais-na-sede-vacante\" rel=\"noopener noreferrer nofollow\"><u>primeira<\/u><\/a>, na ter\u00e7a-feira (21), havia cerca de 60 cardeais presentes.<\/p>\n<p style=\"text-align: justify;\">Os cardeais come\u00e7aram sua segunda reuni\u00e3o com ora\u00e7\u00f5es pela alma do papa Francisco antes de tomar decis\u00f5es sobre o per\u00edodo de\u00a0<em>sede vacante<\/em>, como a finaliza\u00e7\u00e3o da programa\u00e7\u00e3o dos<em>\u00a0Novendiales<\/em>\u00a0\u2013\u00a0<a href=\"https:\/\/www.acidigital.com\/noticia\/62299\/o-que-acontece-nos-nove-dias-de-luto-no-vaticano-pelo-papa\" rel=\"noopener noreferrer nofollow\"><u>per\u00edodo de luto de nove dias<\/u><\/a>\u00a0que come\u00e7a com a missa de r\u00e9quiem no s\u00e1bado (26).<\/p>\n<p style=\"text-align: justify;\">Segundo o Escrit\u00f3rio para as Celebra\u00e7\u00f5es Lit\u00fargicas Pontif\u00edcias, o cardeal Giovanni Battista Re, decano do Col\u00e9gio dos Cardeais, vai celebrar a missa f\u00fanebre do papa Francisco no s\u00e1bado, \u00e0s 10h (5h no hor\u00e1rio de Bras\u00edlia).<\/p>\n<p style=\"text-align: justify;\">A congrega\u00e7\u00e3o tamb\u00e9m determinou quais cardeais v\u00e3o celebrar cada uma das missas novendiais subsequentes at\u00e9 4 de maio. O secret\u00e1rio de Estado da Santa S\u00e9, cardeal Pietro Parolin, vai celebrar a missa de domingo (27), que come\u00e7a \u00e0s 10h30 (5h30 no hor\u00e1rio de Bras\u00edlia). As demais ser\u00e3o celebradas \u00e0s 17h (meio-dia no hor\u00e1rio de Bras\u00edlia).<\/p>\n<p style=\"text-align: justify;\">Embora todos os 252 cardeais possam participar das congrega\u00e7\u00f5es-gerais, independentemente da idade, s\u00f3 os 135 cardeais com menos de 80 anos podem votar no pr\u00f3ximo conclave. O papa Francisco acabou com o limite de 120 cardeais votantes em um conclave que existia antes.<\/p>\n<p style=\"text-align: justify;\">A terceira congrega\u00e7\u00e3o-geral foi hoje \u00e0s 9h (4h no hor\u00e1rio de Bras\u00edlia).<\/p>\n<p style=\"text-align: justify;\">Fi\u00e9is continuam a passar pela bas\u00edlica de S\u00e3o Pedro para\u00a0<a href=\"https:\/\/www.acidigital.com\/noticia\/62311\/fieis-se-despedem-do-papa-francisco-na-basilica-de-sao-pedro\" rel=\"noopener noreferrer nofollow\"><u>prestar suas \u00faltimas homenagens\u00a0<\/u><\/a>ao papa Francisco. Funcion\u00e1rios da Santa S\u00e9 dizem que cerca de 20 mil pessoas entraram na bas\u00edlica ontem \u00e0s 19h30 (14h30 no hor\u00e1rio de Bras\u00edlia), embora esse n\u00famero pare\u00e7a conservador, dados os tempos de espera de at\u00e9 cinco horas e o movimento constante da fila.<\/p>\n<p style=\"text-align: justify;\">A Sala de Imprensa da Santa S\u00e9 disse tamb\u00e9m que 4 mil jornalistas j\u00e1 receberam credenciamento da Santa S\u00e9 para cobrir o funeral do papa Francisco e o conclave subsequente.<\/p>\n","protected":false},"excerpt":{"rendered":"<p>O Col\u00e9gio dos Cardeais teve um aumento significativo na participa\u00e7\u00e3o na congrega\u00e7\u00e3o-geral de ontem (23), com 103 cardeais agora presentes em Roma. Na\u00a0primeira, na ter\u00e7a-feira (21), havia cerca de 60 cardeais presentes. Os cardeais come\u00e7aram sua segunda reuni\u00e3o com ora\u00e7\u00f5es pela alma do papa Francisco antes de tomar decis\u00f5es sobre o per\u00edodo de\u00a0sede vacante, como [&hellip;]<\/p>\n","protected":false},"author":1,"featured_media":94305,"comment_status":"open","ping_status":"closed","sticky":false,"template":"","format":"standard","meta":{"footnotes":""},"categories":[4,13],"tags":[],"class_list":["post-94304","post","type-post","status-publish","format-standard","has-post-thumbnail","hentry","category-cotidiano","category-featured"],"_links":{"self":[{"href":"https:\/\/catolicanet.net\/wp-cnet\/wp-json\/wp\/v2\/posts\/94304","targetHints":{"allow":["GET"]}}],"collection":[{"href":"https:\/\/catolicanet.net\/wp-cnet\/wp-json\/wp\/v2\/posts"}],"about":[{"href":"https:\/\/catolicanet.net\/wp-cnet\/wp-json\/wp\/v2\/types\/post"}],"author":[{"embeddable":true,"href":"https:\/\/catolicanet.net\/wp-cnet\/wp-json\/wp\/v2\/users\/1"}],"replies":[{"embeddable":true,"href":"https:\/\/catolicanet.net\/wp-cnet\/wp-json\/wp\/v2\/comments?post=94304"}],"version-history":[{"count":1,"href":"https:\/\/catolicanet.net\/wp-cnet\/wp-json\/wp\/v2\/posts\/94304\/revisions"}],"predecessor-version":[{"id":94307,"href":"https:\/\/catolicanet.net\/wp-cnet\/wp-json\/wp\/v2\/posts\/94304\/revisions\/94307"}],"wp:featuredmedia":[{"embeddable":true,"href":"https:\/\/catolicanet.net\/wp-cnet\/wp-json\/wp\/v2\/media\/94305"}],"wp:attachment":[{"href":"https:\/\/catolicanet.net\/wp-cnet\/wp-json\/wp\/v2\/media?parent=94304"}],"wp:term":[{"taxonomy":"category","embeddable":true,"href":"https:\/\/catolicanet.net\/wp-cnet\/wp-json\/wp\/v2\/categories?post=94304"},{"taxonomy":"post_tag","embeddable":true,"href":"https:\/\/catolicanet.net\/wp-cnet\/wp-json\/wp\/v2\/tags?post=94304"}],"curies":[{"name":"wp","href":"https:\/\/api.w.org\/{rel}","templated":true}]}}