{"id":94300,"date":"2025-04-24T10:23:08","date_gmt":"2025-04-24T13:23:08","guid":{"rendered":"https:\/\/catolicanet.net\/wp-cnet\/?p=94300"},"modified":"2025-04-24T18:24:14","modified_gmt":"2025-04-24T21:24:14","slug":"pascom-brasil-disponibiliza-a-identidade-visual-do-59a-dia-mundial-das-comunicacoes","status":"publish","type":"post","link":"https:\/\/catolicanet.net\/wp-cnet\/pascom-brasil-disponibiliza-a-identidade-visual-do-59a-dia-mundial-das-comunicacoes\/","title":{"rendered":"Pascom Brasil disponibiliza a identidade visual do 59\u00aa Dia Mundial das Comunica\u00e7\u00f5es"},"content":{"rendered":"<p style=\"text-align: justify;\">A Coordena\u00e7\u00e3o da Pastoral da Comunica\u00e7\u00e3o no Brasil (Pascom Brasil) disponibilizou a identidade visual do 59\u00ba Dia Mundial das Comunica\u00e7\u00f5es Sociais. A arte oficial j\u00e1 pode ser acessada e utilizada para as a\u00e7\u00f5es de comunica\u00e7\u00e3o e divulga\u00e7\u00e3o da data, marcada para o dia 1\u00ba de junho.<\/p>\n<p style=\"text-align: justify;\">O material buscou traduzir a proposta da mensagem do Papa Francisco para este ano, com o tema \u201c<em>Partilhai com mansid\u00e3o a esperan\u00e7a que est\u00e1 nos vossos cora\u00e7\u00f5es\u201d<\/em>\u00a0(cf. 1 Pd 3,15-16).<\/p>\n<p style=\"text-align: justify;\">O material est\u00e1 dispon\u00edvel para download gratuito e conta com vers\u00f5es adapt\u00e1veis para diferentes formatos.<\/p>\n<p style=\"text-align: justify;\">Acesse o link para download:<\/p>\n<p style=\"text-align: justify;\"><a href=\"https:\/\/drive.google.com\/drive\/u\/8\/folders\/1qDmIuxCMaHurNNX2eETydaoiF3REVD4Q\" target=\"_blank\" rel=\"noopener\">MATERIAL VISUAL DO DMCS 2025<\/a><\/p>\n","protected":false},"excerpt":{"rendered":"<p>A Coordena\u00e7\u00e3o da Pastoral da Comunica\u00e7\u00e3o no Brasil (Pascom Brasil) disponibilizou a identidade visual do 59\u00ba Dia Mundial das Comunica\u00e7\u00f5es Sociais. A arte oficial j\u00e1 pode ser acessada e utilizada para as a\u00e7\u00f5es de comunica\u00e7\u00e3o e divulga\u00e7\u00e3o da data, marcada para o dia 1\u00ba de junho. O material buscou traduzir a proposta da mensagem do [&hellip;]<\/p>\n","protected":false},"author":1,"featured_media":94301,"comment_status":"open","ping_status":"closed","sticky":false,"template":"","format":"standard","meta":{"footnotes":""},"categories":[7],"tags":[],"class_list":["post-94300","post","type-post","status-publish","format-standard","has-post-thumbnail","hentry","category-cnbb"],"_links":{"self":[{"href":"https:\/\/catolicanet.net\/wp-cnet\/wp-json\/wp\/v2\/posts\/94300","targetHints":{"allow":["GET"]}}],"collection":[{"href":"https:\/\/catolicanet.net\/wp-cnet\/wp-json\/wp\/v2\/posts"}],"about":[{"href":"https:\/\/catolicanet.net\/wp-cnet\/wp-json\/wp\/v2\/types\/post"}],"author":[{"embeddable":true,"href":"https:\/\/catolicanet.net\/wp-cnet\/wp-json\/wp\/v2\/users\/1"}],"replies":[{"embeddable":true,"href":"https:\/\/catolicanet.net\/wp-cnet\/wp-json\/wp\/v2\/comments?post=94300"}],"version-history":[{"count":1,"href":"https:\/\/catolicanet.net\/wp-cnet\/wp-json\/wp\/v2\/posts\/94300\/revisions"}],"predecessor-version":[{"id":94303,"href":"https:\/\/catolicanet.net\/wp-cnet\/wp-json\/wp\/v2\/posts\/94300\/revisions\/94303"}],"wp:featuredmedia":[{"embeddable":true,"href":"https:\/\/catolicanet.net\/wp-cnet\/wp-json\/wp\/v2\/media\/94301"}],"wp:attachment":[{"href":"https:\/\/catolicanet.net\/wp-cnet\/wp-json\/wp\/v2\/media?parent=94300"}],"wp:term":[{"taxonomy":"category","embeddable":true,"href":"https:\/\/catolicanet.net\/wp-cnet\/wp-json\/wp\/v2\/categories?post=94300"},{"taxonomy":"post_tag","embeddable":true,"href":"https:\/\/catolicanet.net\/wp-cnet\/wp-json\/wp\/v2\/tags?post=94300"}],"curies":[{"name":"wp","href":"https:\/\/api.w.org\/{rel}","templated":true}]}}