{"id":94275,"date":"2025-04-21T09:03:03","date_gmt":"2025-04-21T12:03:03","guid":{"rendered":"https:\/\/catolicanet.net\/wp-cnet\/?p=94275"},"modified":"2025-04-24T18:06:05","modified_gmt":"2025-04-24T21:06:05","slug":"o-mundo-se-despede-do-papa-francisco","status":"publish","type":"post","link":"https:\/\/catolicanet.net\/wp-cnet\/o-mundo-se-despede-do-papa-francisco\/","title":{"rendered":"O mundo se despede do Papa Francisco"},"content":{"rendered":"<p class=\"p1\" style=\"text-align: justify; text-indent: 35.4pt;\"><span class=\"s1\"><span style=\"font-size: 14.0pt;\">Na manh\u00e3 deste dia 21 de abril de 2025 o mundo se despede do Papa Francisco, um l\u00edder espiritual que marcou sua \u00e9poca com humildade e sensibilidade diante de um mundo dividido. Desde sua elei\u00e7\u00e3o em 2013, Jorge Mario Bergoglio encantou fi\u00e9is e n\u00e3o fi\u00e9is com sua mensagem de miseric\u00f3rdia, justi\u00e7a social e amor ao pr\u00f3ximo. Seu papado foi caracterizado por uma proximidade singular com os mais pobres, uma vis\u00e3o renovada sobre o papel da Igreja e reformas que buscaram tornar a institui\u00e7\u00e3o mais transparente e inclusiva.<\/span><\/span><\/p>\n<p class=\"p1\" style=\"text-align: justify; text-indent: 35.4pt;\"><span class=\"s1\"><span style=\"font-size: 14.0pt;\">Uma das primeiras grandes paradas de seu pontificado foi no Brasil, durante a Jornada Mundial da Juventude de 2013, aqui no Rio de Janeiro quando tivemos a gra\u00e7a de receb\u00ea-lo por uma semana. Com um sorriso acolhedor e palavras cheias de esperan\u00e7a, Francisco conquistou os cora\u00e7\u00f5es dos jovens, incentivando-os a serem \u201cprotagonistas da mudan\u00e7a\u201d e a levarem o Evangelho a todos os cantos do mundo. Sua simplicidade e carisma marcaram essa visita hist\u00f3rica, deixando um legado inesquec\u00edvel.<\/span><\/span><\/p>\n<p class=\"p1\" style=\"text-align: justify; text-indent: 35.4pt;\"><span class=\"s1\"><span style=\"font-size: 14.0pt;\">Durante seu pontificado, Francisco publicou quatro enc\u00edclicas que sintetizam seu pensamento e sua miss\u00e3o:<\/span><\/span><\/p>\n<p class=\"p3\" style=\"text-align: justify; text-indent: 35.4pt;\"><span class=\"s1\"><b><span style=\"font-size: 14.0pt;\">1.<\/span><\/b><\/span><b> <\/b><span class=\"s2\"><b><span style=\"font-size: 14.0pt;\">Lumen Fidei (2013)<\/span><\/b><\/span><span class=\"s1\"><b><span style=\"font-size: 14.0pt;\"> \u2013 \u201cA Luz da F\u00e9\u201d<\/span><\/b><\/span><span class=\"s1\"><span style=\"font-size: 14.0pt;\"> foi uma enc\u00edclica iniciada por Bento XVI e finalizada por Francisco, ressaltando a import\u00e2ncia da f\u00e9 como guia para a vida crist\u00e3. Nela, Francisco sublinha que a f\u00e9 n\u00e3o \u00e9 apenas um sentimento, mas um compromisso concreto que transforma a vida do crente e o impele ao testemunho e \u00e0 caridade.<\/span><\/span><\/p>\n<p class=\"p3\" style=\"text-align: justify; text-indent: 35.4pt;\"><span class=\"s1\"><b><span style=\"font-size: 14.0pt;\">2.<\/span><\/b><\/span><b> <\/b><span class=\"s2\"><b><span style=\"font-size: 14.0pt;\">Laudato Si\u2019 (2015)<\/span><\/b><\/span><span class=\"s1\"><b><span style=\"font-size: 14.0pt;\"> \u2013 \u201cLouvado Seja\u201d<\/span><\/b><\/span><span class=\"s1\"><span style=\"font-size: 14.0pt;\"> trouxe uma vis\u00e3o inovadora sobre a ecologia integral, destacando a responsabilidade dos seres humanos na preserva\u00e7\u00e3o do meio ambiente. Nesta enc\u00edclica, Francisco faz uma forte cr\u00edtica ao consumismo desenfreado e \u00e0 degrada\u00e7\u00e3o ambiental, chamando a humanidade a uma convers\u00e3o ecol\u00f3gica. O Papa denuncia o impacto das mudan\u00e7as clim\u00e1ticas sobre os mais pobres e incentiva governos e indiv\u00edduos a adotarem pr\u00e1ticas sustent\u00e1veis e justas.<\/span><\/span><\/p>\n<p class=\"p3\" style=\"text-align: justify; text-indent: 35.4pt;\"><span class=\"s1\"><b><span style=\"font-size: 14.0pt;\">3.<\/span><\/b><\/span><b> <\/b><span class=\"s2\"><b><span style=\"font-size: 14.0pt;\">Fratelli Tutti (2020)<\/span><\/b><\/span><span class=\"s1\"><b><span style=\"font-size: 14.0pt;\"> \u2013 \u201cTodos Irm\u00e3os\u201d<\/span><\/b><\/span><span class=\"s1\"><span style=\"font-size: 14.0pt;\"> enfatizou a fraternidade e a amizade social, promovendo o di\u00e1logo e a paz entre os povos. Inspirado no esp\u00edrito de S\u00e3o Francisco de Assis, o Papa prop\u00f5e um mundo onde as barreiras da indiferen\u00e7a sejam derrubadas, a solidariedade prevale\u00e7a e a pol\u00edtica seja guiada pelo bem comum, n\u00e3o por interesses pessoais ou econ\u00f4micos. A enc\u00edclica tamb\u00e9m condena o racismo, o populismo exacerbado e o individualismo que fragmenta as sociedades.<\/span><\/span><\/p>\n<p class=\"p3\" style=\"text-align: justify; text-indent: 35.4pt;\"><span class=\"s1\"><b><span style=\"font-size: 14.0pt;\">4.<\/span><\/b><\/span><b> <\/b><span class=\"s2\"><b><span style=\"font-size: 14.0pt;\">Dilexit Nos (2024)<\/span><\/b><\/span><span class=\"s1\"><b><span style=\"font-size: 14.0pt;\"> \u2013 \u201cEle nos amou\u201d<\/span><\/b><\/span><span class=\"s1\"><span style=\"font-size: 14.0pt;\"> destacou a centralidade do Cora\u00e7\u00e3o de Jesus como fonte de amor e miss\u00e3o para a Igreja e o mundo. Francisco convida os fi\u00e9is a redescobrirem a ternura da f\u00e9 e o fervor mission\u00e1rio, enfatizando que o amor divino deve se traduzir em a\u00e7\u00f5es concretas de compaix\u00e3o e justi\u00e7a social. A enc\u00edclica refor\u00e7a o papel da Igreja como uma institui\u00e7\u00e3o que acolhe, escuta e serve.<\/span><\/span><\/p>\n<p class=\"p1\" style=\"text-align: justify; text-indent: 35.4pt;\"><span class=\"s1\"><span style=\"font-size: 14.0pt;\">Al\u00e9m dessas contribui\u00e7\u00f5es teol\u00f3gicas, o Papa Francisco promoveu mudan\u00e7as profundas na estrutura da Igreja. Entre suas principais reformas est\u00e3o:<\/span><\/span><\/p>\n<p class=\"p3\" style=\"text-align: justify; text-indent: 35.4pt;\"><span class=\"s1\"><b><span style=\"font-size: 14.0pt;\">1.<\/span><\/b><\/span><b> <\/b><span class=\"s2\"><b><span style=\"font-size: 14.0pt;\">Reforma da C\u00faria Romana<\/span><\/b><\/span><span class=\"s1\"><b><span style=\"font-size: 14.0pt;\"> \u2013 <\/span><\/b><\/span><span class=\"s1\"><span style=\"font-size: 14.0pt;\">Tornou a estrutura administrativa do Vaticano mais eficiente e acess\u00edvel, promovendo uma descentraliza\u00e7\u00e3o e incentivando uma maior participa\u00e7\u00e3o das confer\u00eancias episcopais na tomada de decis\u00f5es.<\/span><\/span><\/p>\n<p class=\"p3\" style=\"text-align: justify; text-indent: 35.4pt;\"><span class=\"s1\"><b><span style=\"font-size: 14.0pt;\">2.<\/span><\/b><\/span><b> <\/b><span class=\"s2\"><b><span style=\"font-size: 14.0pt;\">Transpar\u00eancia financeira<\/span><\/b><\/span><span class=\"s1\"><b><span style=\"font-size: 14.0pt;\"> \u2013 <\/span><\/b><\/span><span class=\"s1\"><span style=\"font-size: 14.0pt;\">Implementou medidas rigorosas para combater a corrup\u00e7\u00e3o no Vaticano, reformando o Banco do Vaticano e estabelecendo novos mecanismos de controle financeiro. Essas a\u00e7\u00f5es fortaleceram a credibilidade da Igreja diante da sociedade.<\/span><\/span><\/p>\n<p class=\"p3\" style=\"text-align: justify; text-indent: 35.4pt;\"><span class=\"s1\"><b><span style=\"font-size: 14.0pt;\">3.<\/span><\/b><\/span><b> <\/b><span class=\"s2\"><b><span style=\"font-size: 14.0pt;\">Foco na evangeliza\u00e7\u00e3o<\/span><\/b><\/span><span class=\"s1\"><b><span style=\"font-size: 14.0pt;\"> \u2013<\/span><\/b><\/span><span class=\"s1\"><span style=\"font-size: 14.0pt;\"> Criou um dicast\u00e9rio dedicado \u00e0 evangeliza\u00e7\u00e3o, refor\u00e7ando a miss\u00e3o central da Igreja de levar o Evangelho ao mundo. Com isso, impulsionou a atua\u00e7\u00e3o mission\u00e1ria e enfatizou a necessidade de uma Igreja que sai ao encontro das periferias existenciais.<\/span><\/span><\/p>\n<p class=\"p3\" style=\"text-align: justify; text-indent: 35.4pt;\"><span class=\"s1\"><b><span style=\"font-size: 14.0pt;\">4.<\/span><\/b><\/span><b> <\/b><span class=\"s2\"><b><span style=\"font-size: 14.0pt;\">Inclus\u00e3o de mulheres em cargos de lideran\u00e7a<\/span><\/b><\/span><span class=\"s1\"><b><span style=\"font-size: 14.0pt;\"> \u2013<\/span><\/b><\/span><span class=\"s1\"><span style=\"font-size: 14.0pt;\"> Nomeou mulheres para posi\u00e7\u00f5es de alta relev\u00e2ncia dentro da C\u00faria, como o caso da irm\u00e3 Simona Brambilla, tornando-se a primeira mulher a liderar um organismo vaticano de grande import\u00e2ncia.<\/span><\/span><\/p>\n<p class=\"p3\" style=\"text-align: justify; text-indent: 35.4pt;\"><span class=\"s1\"><b><span style=\"font-size: 14.0pt;\">5.<\/span><\/b><\/span><b> <\/b><span class=\"s2\"><b><span style=\"font-size: 14.0pt;\">Atualiza\u00e7\u00f5es no Direito Can\u00f4nico<\/span><\/b><\/span><span class=\"s1\"><b><span style=\"font-size: 14.0pt;\"> \u2013<\/span><\/b><\/span><span class=\"s1\"><span style=\"font-size: 14.0pt;\"> Realizou modifica\u00e7\u00f5es no C\u00f3digo de Direito Can\u00f4nico para tornar a disciplina da Igreja mais justa e coerente com os desafios contempor\u00e2neos. Suas reformas buscaram equilibrar a tradi\u00e7\u00e3o com a necessidade de respostas mais pastorais e humanas.<\/span><\/span><\/p>\n<p class=\"p3\" style=\"text-align: justify; text-indent: 35.4pt;\"><span class=\"s1\"><b><span style=\"font-size: 14.0pt;\">6.<\/span><\/b><\/span><b> <\/b><span class=\"s2\"><b><span style=\"font-size: 14.0pt;\">Simplifica\u00e7\u00e3o dos rituais funer\u00e1rios papais<\/span><\/b><\/span><span class=\"s1\"><b><span style=\"font-size: 14.0pt;\"> \u2013 <\/span><\/b><\/span><span class=\"s1\"><span style=\"font-size: 14.0pt;\">Em 2024, Francisco aprovou um novo protocolo para os funerais papais, eliminando elementos considerados excessivamente pomposos, como o uso de tr\u00eas caix\u00f5es. Sua inten\u00e7\u00e3o era refor\u00e7ar a ideia de uma Igreja despojada, focada na ess\u00eancia da f\u00e9 e n\u00e3o em formalismos.<\/span><\/span><\/p>\n<p class=\"p1\" style=\"text-align: justify; text-indent: 35.4pt;\"><span class=\"s1\"><span style=\"font-size: 14.0pt;\">Agora, com sua partida, o Papa Francisco deixa saudades e lembran\u00e7as inesquec\u00edveis. Seu sorriso, sua coragem para enfrentar desafios e sua capacidade de unir cora\u00e7\u00f5es permanecer\u00e3o vivos na mem\u00f3ria de milh\u00f5es de pessoas. Ele foi um Papa que abra\u00e7ou os marginalizados, que denunciou injusti\u00e7as, que promoveu o di\u00e1logo inter-religioso e que desafiou o mundo a ser mais humano e solid\u00e1rio.<\/span><\/span><\/p>\n<p class=\"p1\" style=\"text-align: justify; text-indent: 35.4pt;\"><span class=\"s1\"><span style=\"font-size: 14.0pt;\">O mundo se despede de um Papa que, com gestos e palavras, trouxe esperan\u00e7a e amor a uma humanidade tantas vezes dividida. Seu legado transcende seu tempo e continuar\u00e1 a iluminar gera\u00e7\u00f5es futuras, inspirando a todos a viverem com f\u00e9, compaix\u00e3o e compromisso com o bem comum. Seu pontificado n\u00e3o foi apenas um per\u00edodo na hist\u00f3ria da Igreja, mas um testemunho de que a f\u00e9 pode transformar o mundo quando \u00e9 vivida com autenticidade e servi\u00e7o. Descanse em paz!<\/span><\/span><\/p>\n","protected":false},"excerpt":{"rendered":"<p>Na manh\u00e3 deste dia 21 de abril de 2025 o mundo se despede do Papa Francisco, um l\u00edder espiritual que marcou sua \u00e9poca com humildade e sensibilidade diante de um mundo dividido. Desde sua elei\u00e7\u00e3o em 2013, Jorge Mario Bergoglio encantou fi\u00e9is e n\u00e3o fi\u00e9is com sua mensagem de miseric\u00f3rdia, justi\u00e7a social e amor ao [&hellip;]<\/p>\n","protected":false},"author":5,"featured_media":55819,"comment_status":"open","ping_status":"closed","sticky":false,"template":"","format":"standard","meta":{"footnotes":""},"categories":[9],"tags":[],"class_list":["post-94275","post","type-post","status-publish","format-standard","has-post-thumbnail","hentry","category-artigos"],"_links":{"self":[{"href":"https:\/\/catolicanet.net\/wp-cnet\/wp-json\/wp\/v2\/posts\/94275","targetHints":{"allow":["GET"]}}],"collection":[{"href":"https:\/\/catolicanet.net\/wp-cnet\/wp-json\/wp\/v2\/posts"}],"about":[{"href":"https:\/\/catolicanet.net\/wp-cnet\/wp-json\/wp\/v2\/types\/post"}],"author":[{"embeddable":true,"href":"https:\/\/catolicanet.net\/wp-cnet\/wp-json\/wp\/v2\/users\/5"}],"replies":[{"embeddable":true,"href":"https:\/\/catolicanet.net\/wp-cnet\/wp-json\/wp\/v2\/comments?post=94275"}],"version-history":[{"count":1,"href":"https:\/\/catolicanet.net\/wp-cnet\/wp-json\/wp\/v2\/posts\/94275\/revisions"}],"predecessor-version":[{"id":94276,"href":"https:\/\/catolicanet.net\/wp-cnet\/wp-json\/wp\/v2\/posts\/94275\/revisions\/94276"}],"wp:featuredmedia":[{"embeddable":true,"href":"https:\/\/catolicanet.net\/wp-cnet\/wp-json\/wp\/v2\/media\/55819"}],"wp:attachment":[{"href":"https:\/\/catolicanet.net\/wp-cnet\/wp-json\/wp\/v2\/media?parent=94275"}],"wp:term":[{"taxonomy":"category","embeddable":true,"href":"https:\/\/catolicanet.net\/wp-cnet\/wp-json\/wp\/v2\/categories?post=94275"},{"taxonomy":"post_tag","embeddable":true,"href":"https:\/\/catolicanet.net\/wp-cnet\/wp-json\/wp\/v2\/tags?post=94275"}],"curies":[{"name":"wp","href":"https:\/\/api.w.org\/{rel}","templated":true}]}}