{"id":94260,"date":"2025-04-27T08:40:56","date_gmt":"2025-04-27T11:40:56","guid":{"rendered":"https:\/\/catolicanet.net\/wp-cnet\/?p=94260"},"modified":"2025-04-24T17:43:24","modified_gmt":"2025-04-24T20:43:24","slug":"2-domingo-da-pascoa-2","status":"publish","type":"post","link":"https:\/\/catolicanet.net\/wp-cnet\/2-domingo-da-pascoa-2\/","title":{"rendered":"2\u00b0 Domingo da P\u00e1scoa"},"content":{"rendered":"<p style=\"text-align: center;\"><em>\u201cDai gra\u00e7as ao Senhor, porque Ele \u00e9 bom, Eterna \u00e9 a sua miseric\u00f3rdia\u201d! (Sl 117-118)<\/em><\/p>\n<p style=\"text-align: justify;\"><em>\u00a0<\/em>Celebramos neste domingo o segundo Domingo da P\u00e1scoa, com essa celebra\u00e7\u00e3o encerramos o per\u00edodo da oitava da P\u00e1scoa, ou seja, oito dias em que vivenciamos as alegrias da ressurrei\u00e7\u00e3o e que pudemos desejar feliz e aben\u00e7oada P\u00e1scoa uns aos outros. Nesse domingo o ato penitencial ainda \u00e9 sugerido por aspers\u00e3o recordando o nosso batismo, e que por meio do batismo somos lavados e purificados de todo o pecado. Nessa celebra\u00e7\u00e3o ainda teremos a sequ\u00eancia pascal antes da aclama\u00e7\u00e3o ao Evangelho que aconteceu ao longo de toda essa semana desde o Domingo de P\u00e1scoa.<\/p>\n<p style=\"text-align: justify;\">Neste domingo da miseric\u00f3rdia recordamos com muito carinho do Papa Francisco sepultado na Bas\u00edlia de Santa Maria Maior, no s\u00e1bado anterior a este domingo que tanto falou sobre a miseric\u00f3rdia e promulgou inclusive um ano santo sobre o tema. Que ele repouse em paz aos p\u00e9s do icone que ele tanto amou, a Maria Salus Populi Romani.<\/p>\n<p style=\"text-align: justify;\">A canoniza\u00e7\u00e3o do Beato Carlo Acutis que seria hoje em Roma foi cancelada. A Igreja agora celebra a novena de luto enquanto aguarda o in\u00edcio do Conclave.<\/p>\n<p style=\"text-align: justify;\">A partir da segunda-feira depois do Domingo da Miseric\u00f3rdia, o antigo \u201cin albis\u201d inicia-se propriamente o tempo pascal que durar\u00e1 por mais sete semanas at\u00e9 o Domingo de Pentecostes. Ao longo do tempo pascal acompanharemos os ap\u00f3stolos continuando o legado deixado por Jesus e iniciando a Igreja primitiva, tendo principalmente Pedro, Tiago e Jo\u00e3o a frente. Jesus aparecer\u00e1 algumas vezes aos ap\u00f3stolos antes de voltar em definitivo ao Pai. Hoje, por exemplo, \u00e9 o Domingo da Miseric\u00f3rdia, onde Jesus aparece aos ap\u00f3stolos e Tom\u00e9 faz a conhecida profiss\u00e3o de f\u00e9. No quarto Domingo da P\u00e1scoa \u00e9 o do Bom Pastor, al\u00e9m de no s\u00e9timo Domingo ser o da Ascens\u00e3o de Jesus ao c\u00e9u e no seguinte Pentecostes.<\/p>\n<p style=\"text-align: justify;\">\u00c9 comum ao longo dessa semana as par\u00f3quias realizarem a novena em prepara\u00e7\u00e3o a festa da Divina Miseric\u00f3rdia e rezar o ter\u00e7o da Divina Miseric\u00f3rdia. \u00c9 sempre bom recorrermos as fontes da Divina Miseric\u00f3rdia.<\/p>\n<p style=\"text-align: justify;\">Todas as vezes que Cristo Ressuscitado aparece aos ap\u00f3stolos, conforme vemos no evangelho de hoje, Ele deseja a paz, essa paz deve ser acolhida por quem recebe, e quem recebe deve estar em paz com Deus, consigo mesmo e com a comunidade. Jesus Ressuscitado enche aos ap\u00f3stolos de alegria e n\u00f3s nos dias de hoje devemos nos encher da mesma alegria.<\/p>\n<p style=\"text-align: justify;\">Jesus n\u00e3o nos deixa \u00f3rf\u00e3os, mas antes de voltar em definitivo ao Pai nos promete o Esp\u00edrito Santo que guia a Igreja at\u00e9 hoje. Sem a a\u00e7\u00e3o do Esp\u00edrito Santo n\u00e3o haveria Eucaristia e nem os demais sacramentos. Portanto, sejamos sal na terra e luz no mundo e busquemos a santidade no dia a dia. Sejamos disc\u00edpulos e mission\u00e1rios de Jesus nos dias de hoje e anunciemos uns aos outros a Palavra de Deus. A Igreja se reveste de branco nesse tempo pascal, cor da alegria que deve marcar toda a vida do crist\u00e3o.<\/p>\n<p style=\"text-align: justify;\">Conforme dissemos esse Domingo \u00e9 conhecido como da Divina Miseric\u00f3rdia, institu\u00eddo pelo Papa Jo\u00e3o Paulo II em 2000. O Papa instituiu essa festa inspirado em Santa Faustina que teve as vis\u00f5es de Jesus misericordioso. Jesus nos envia em miss\u00e3o aos quatro cantos da terra para anunciarmos o Reino de Deus. Inclusive da imagem de Jesus misericordioso saem raios de suas m\u00e3os irradiando o mundo com seu amor misericordioso.<\/p>\n<p style=\"text-align: justify;\">A primeira leitura desse Domingo \u00e9 do livro dos Atos dos Ap\u00f3stolos (<em>At 5,12-16), <\/em>nessa leitura acompanhamos a Igreja de Cristo seguindo e crescendo sempre mais por interm\u00e9dio dos ap\u00f3stolos. O Esp\u00edrito Santo os ajudava na miss\u00e3o e uma multid\u00e3o de homens e mulheres se juntavam a eles. Importante observamos que a f\u00e9 do povo era t\u00e3o grande que levavam doentes para que os ap\u00f3stolos curassem. Que em toda Eucaristia possamos pedir ao Senhor que nos perdoe dos pecados e nos cure todas as enfermidades, espirituais e corporais.<\/p>\n<p style=\"text-align: justify;\">O salmo responsorial \u00e9 o <em>117 (118), <\/em>esse salmo nos diz em seu refr\u00e3o: \u201c<em>Dai gra\u00e7as ao Senhor porque ele \u00e9 bom, eterna \u00e9 a sua miseric\u00f3rdia\u201d, <\/em>como nos diz o refr\u00e3o do salmo, a miseric\u00f3rdia do Senhor \u00e9 eterna, desde o Antigo Testamento at\u00e9 aos dias de hoje. Ele perdoa toda a nossa falta e nos dirige para o caminho da justi\u00e7a. Ele nunca se esquece de n\u00f3s, n\u00f3s que algumas vezes nos esquecemos dele.<\/p>\n<p style=\"text-align: justify;\">A segunda leitura \u00e9 do livro do Apocalipse de S\u00e3o Jo\u00e3o <em>(Ap 1,9-11a.12-13.17-19<\/em>), nesse trecho do livro do Apocalipse, S\u00e3o Jo\u00e3o nos diz a vis\u00e3o que Ele teve de Jesus no c\u00e9u. Ele morreu e ressuscitou e est\u00e1 agora ao lado de Deus Pai intercedendo por n\u00f3s e que um dia voltar\u00e1 para nos julgar de acordo com a nossa conduta. Ele \u00e9 o primeiro e o \u00faltimo, aquele que vive para sempre e que nos toma pela m\u00e3o.<\/p>\n<p style=\"text-align: justify;\">O Evangelho desse Domingo da Miseric\u00f3rdia \u00e9 segundo Jo\u00e3o <em>(Jo 20,19-31), <\/em>ao anoitecer daquele dia o primeiro da semana, ou seja, era um Domingo, dia da ressurrei\u00e7\u00e3o, dia do Senhor. Um dia em que a comunidade se re\u00fane em torno da mesa da Palavra e da Eucaristia para celebrar a ressurrei\u00e7\u00e3o do Senhor. As portas do local onde os disc\u00edpulos se encontravam estavam fechadas, por causa do medo que eles tinham dos judeus. Eles tinham medo de que acontecesse com eles o mesmo que aconteceu com Jesus, e n\u00e3o sa\u00edam para nada.<\/p>\n<p style=\"text-align: justify;\">O medo nos aprisiona, nos faz ficar parados, como os ap\u00f3stolos estavam. N\u00e3o podemos ficar parados diante do medo, temos que enfrent\u00e1-lo e com a ajuda de Deus e do Esp\u00edrito Santo vencer esse medo. N\u00e3o podemos ter medo de anunciar a Palavra de Deus, ainda mais nos dias de hoje, em que as pessoas est\u00e3o t\u00e3o sedentas da Palavra.<\/p>\n<p style=\"text-align: justify;\">Jesus entra e pondo-se no meio deles diz: \u201cA paz esteja convosco\u201d, essa paz que o ressuscitado anuncia tem que ser acolhida pelos membros da comunidade e \u00e9 necess\u00e1rio estar em paz com Deus e com outros membros da comunidade. Depois dessas palavras Jesus mostra as m\u00e3os e o lado, os disc\u00edpulos alegram-se por ver o Senhor. Jesus novamente anuncia-lhes a paz. Jesus envia os disc\u00edpulos em miss\u00e3o, e os incentiva a superar o medo e sair para anunciar o reino de Deus. Jesus d\u00e1 poder para os disc\u00edpulos perdoar os pecados daqueles que tiverem cometido pecado, dessa forma ia surgindo a Igreja primitiva.<\/p>\n<p style=\"text-align: justify;\">Tom\u00e9, chamado \u201c<em>d\u00eddimo<\/em>\u201d, n\u00e3o estava com os disc\u00edpulos quando Jesus apareceu, os disc\u00edpulos contaram-lhe depois. Tom\u00e9 n\u00e3o acreditou e disse que s\u00f3 acreditava se visse Jesus e tocasse em suas m\u00e3os e no seu lado. Novamente, oito dias depois Jesus aparece e Tom\u00e9 estava com os disc\u00edpulos. Jesus anuncia-lhes a paz e diz a Tom\u00e9 para p\u00f4r a m\u00e3o no seu lado e olhar as suas m\u00e3os. E diz ainda para ele n\u00e3o ser incr\u00e9dulo, mas fiel. Tom\u00e9 responde com uma bela exclama\u00e7\u00e3o de f\u00e9: <em>\u201cMeu Senhor e meu Deus\u201d. <\/em><\/p>\n<p style=\"text-align: justify;\">Jesus responde para Tom\u00e9, \u201c<em>acreditaste porque me viste?<\/em> <em>Bem-aventurados os que creram sem terem visto\u201d. <\/em>Bem-aventurados somos n\u00f3s que acreditamos sem precisar ver, temos o testemunho dos ap\u00f3stolos e dos evangelistas na Sagrada Escritura que nos d\u00e3o testemunho da ressurrei\u00e7\u00e3o, mas n\u00e3o vimos o Senhor ressuscitado. O encontramos sempre na Eucaristia e acreditamos que por meio do Esp\u00edrito Santo Ele permanece vivo no meio de n\u00f3s. A nossa f\u00e9 nos faz acreditar que o sepulcro est\u00e1 vazio e ele ressuscitou e vive eternamente ao lado de Deus.<\/p>\n<p style=\"text-align: justify;\">Celebremos com alegria esse segundo domingo da P\u00e1scoa que \u00e9 o domingo da Divina Miseric\u00f3rdia e confiemos sempre no amor de Deus por n\u00f3s, estamos no ano jubilar da miseric\u00f3rdia e da esperan\u00e7a e pe\u00e7amos ao Senhor o perd\u00e3o de nossos pecados. E anunciemos esse amor de Deus aos que mais precisam. Rezemos ainda, pelo descanso eterno de nosso amado Papa Francisco, pelo bem que ele realizou em favor da Igreja e da humanidade, e ainda pelo futuro da Igreja. Am\u00e9m.<\/p>\n","protected":false},"excerpt":{"rendered":"<p>\u201cDai gra\u00e7as ao Senhor, porque Ele \u00e9 bom, Eterna \u00e9 a sua miseric\u00f3rdia\u201d! (Sl 117-118) \u00a0Celebramos neste domingo o segundo Domingo da P\u00e1scoa, com essa celebra\u00e7\u00e3o encerramos o per\u00edodo da oitava da P\u00e1scoa, ou seja, oito dias em que vivenciamos as alegrias da ressurrei\u00e7\u00e3o e que pudemos desejar feliz e aben\u00e7oada P\u00e1scoa uns aos outros. [&hellip;]<\/p>\n","protected":false},"author":5,"featured_media":55819,"comment_status":"open","ping_status":"closed","sticky":false,"template":"","format":"standard","meta":{"footnotes":""},"categories":[9],"tags":[],"class_list":["post-94260","post","type-post","status-publish","format-standard","has-post-thumbnail","hentry","category-artigos"],"_links":{"self":[{"href":"https:\/\/catolicanet.net\/wp-cnet\/wp-json\/wp\/v2\/posts\/94260","targetHints":{"allow":["GET"]}}],"collection":[{"href":"https:\/\/catolicanet.net\/wp-cnet\/wp-json\/wp\/v2\/posts"}],"about":[{"href":"https:\/\/catolicanet.net\/wp-cnet\/wp-json\/wp\/v2\/types\/post"}],"author":[{"embeddable":true,"href":"https:\/\/catolicanet.net\/wp-cnet\/wp-json\/wp\/v2\/users\/5"}],"replies":[{"embeddable":true,"href":"https:\/\/catolicanet.net\/wp-cnet\/wp-json\/wp\/v2\/comments?post=94260"}],"version-history":[{"count":1,"href":"https:\/\/catolicanet.net\/wp-cnet\/wp-json\/wp\/v2\/posts\/94260\/revisions"}],"predecessor-version":[{"id":94261,"href":"https:\/\/catolicanet.net\/wp-cnet\/wp-json\/wp\/v2\/posts\/94260\/revisions\/94261"}],"wp:featuredmedia":[{"embeddable":true,"href":"https:\/\/catolicanet.net\/wp-cnet\/wp-json\/wp\/v2\/media\/55819"}],"wp:attachment":[{"href":"https:\/\/catolicanet.net\/wp-cnet\/wp-json\/wp\/v2\/media?parent=94260"}],"wp:term":[{"taxonomy":"category","embeddable":true,"href":"https:\/\/catolicanet.net\/wp-cnet\/wp-json\/wp\/v2\/categories?post=94260"},{"taxonomy":"post_tag","embeddable":true,"href":"https:\/\/catolicanet.net\/wp-cnet\/wp-json\/wp\/v2\/tags?post=94260"}],"curies":[{"name":"wp","href":"https:\/\/api.w.org\/{rel}","templated":true}]}}