{"id":94253,"date":"2025-04-24T10:25:05","date_gmt":"2025-04-24T13:25:05","guid":{"rendered":"https:\/\/catolicanet.net\/wp-cnet\/?p=94253"},"modified":"2025-04-24T17:27:10","modified_gmt":"2025-04-24T20:27:10","slug":"ministerio-da-reconciliacao","status":"publish","type":"post","link":"https:\/\/catolicanet.net\/wp-cnet\/ministerio-da-reconciliacao\/","title":{"rendered":"Minist\u00e9rio da Reconcilia\u00e7\u00e3o"},"content":{"rendered":"<p style=\"text-align: justify;\">\u00a0\u00a0\u00a0\u00a0\u00a0\u00a0\u00a0\u00a0\u00a0\u00a0\u00a0 No senso comum, quando uma pessoa inocente \u00e9 assassinada, consideramos que o problema est\u00e1 resolvido com a puni\u00e7\u00e3o do assassino. Nos filmes de a\u00e7\u00e3o normalmente o malfeitor \u00e9 morto pelas m\u00e3os daquele que foi injusti\u00e7ado. \u00c9 o nosso modo humano de pensar e agir. Diferente \u00e9 o agir de Cristo ressuscitado. Depois de sofrer e ser morto, quando se reencontra ressuscitado com os disc\u00edpulos, os sa\u00fada dizendo: \u201cA paz esteja convosco\u201d. A seguir, lhes concede um dom e uma miss\u00e3o: \u201cRecebei o Esp\u00edrito Santo. A quem perdoardes os pecados eles ser\u00e3o perdoados; a quem os n\u00e3o perdoardes, eles lhes ser\u00e3o retidos\u201d (Atos 5,12-16, Salmo 117, Apocalipse 1,9-19 e Jo\u00e3o 20,19-31).<\/p>\n<p style=\"text-align: justify;\">S\u00e3o Jo\u00e3o Paulo II quis que no segundo domingo da P\u00e1scoa fosse celebrada a \u201cFesta da Divina Miseric\u00f3rdia\u201d. Ele viveu na Pol\u00f4nia sob dois regimes ditatoriais \u2013 o nazismo e o comunismo russo \u2013 que causaram viol\u00eancias extremas, fome, pobreza, destrui\u00e7\u00e3o de fam\u00edlias e de institui\u00e7\u00f5es. No meio disso, tamb\u00e9m experimentou a presen\u00e7a de forte de Deus. \u00c9 testemunha que n\u00e3o basta derrubar uma ditadura, mas se faz necess\u00e1ria a miseric\u00f3rdia, o perd\u00e3o para restabelecer a fraternidade e a paz.<\/p>\n<p style=\"text-align: justify;\">Jesus pregado na cruz concedeu o perd\u00e3o ao ladr\u00e3o arrependido e a quem o estava matando. \u00c9 a maneira de Deus colocar limite ao mal e cur\u00e1-lo. Ao ordenar que os disc\u00edpulos exercessem o minist\u00e9rio do perd\u00e3o, cortou pela raiz qualquer tentativa de cultivar vingan\u00e7a. Eles deveriam seguir os mesmos passos do mestre. Os pr\u00f3prios disc\u00edpulos experimentaram, pela miseric\u00f3rdia do mestre, um novo come\u00e7o. Pedro o havia negado e os outros se tinham dispersado. Agora recebem o Dom do Esp\u00edrito Santo e o minist\u00e9rio de promover o perd\u00e3o.<\/p>\n<p style=\"text-align: justify;\">Jesus delega de forma perene \u00e0 Igreja, assistida pelo Esp\u00edrito Santo, a miss\u00e3o de anunciar a realidade do amor misericordioso. \u00c9 a terapia di\u00e1ria para curar pequenas e grandes feridas abertas pelo pecado. O Papa Francisco, falecido nesta semana, exerceu com propriedade o minist\u00e9rio da reconcilia\u00e7\u00e3o. Em 11 de abril de 2015, na Festa da Miseric\u00f3rdia, proclamou o Jubileu Extraordin\u00e1rio da Miseric\u00f3rdia com a bula <em>Misericordiae vultus \u2013 (Jesus) o rosto da miseric\u00f3rdia do Pai. <\/em>\u201cPrecisamos sempre contemplar o mist\u00e9rio da miseric\u00f3rdia. \u00c9 fonte de alegria, serenidade e paz. \u00c9 a condi\u00e7\u00e3o da nossa salva\u00e7\u00e3o\u201d (N.2) \u201cQue a palavra do perd\u00e3o possa chegar a todos e a chamada para experimentar a miseric\u00f3rdia n\u00e3o deixe ningu\u00e9m indiferente\u201d (n.19). Pede insistentemente que a Igreja use todos os meios para exercer o minist\u00e9rio da reconcilia\u00e7\u00e3o, seja pela confiss\u00e3o, indulg\u00eancias, celebra\u00e7\u00f5es penitenciais. No t\u00e9rmino do Jubileu Extraordin\u00e1rio da Miseric\u00f3rdia escreve a carta <em>Miseric\u00f3rdia e m\u00edsera <\/em>exortando que o tema da miseric\u00f3rdia deve fazer parte da rotina da Igreja.<\/p>\n<p style=\"text-align: justify;\">Francisco, na carta enc\u00edclica <em>Fratelli Tutti: sobre a fraternidade e a amizade social<\/em> dedica todo cap\u00edtulo \u201cVII: Percurso dum novo encontro\u201d ao tema do perd\u00e3o entre as pessoas e na\u00e7\u00f5es. Guerras, conflitos, explora\u00e7\u00f5es abriram tantas feridas na hist\u00f3ria. \u201cO perd\u00e3o \u00e9 precisamente o que permite buscar a justi\u00e7a sem cair no c\u00edrculo vicioso da vingan\u00e7a nem na injusti\u00e7a do esquecimento\u201d (n.252)<\/p>\n<p style=\"text-align: justify;\">Na bula de proclama\u00e7\u00e3o do Jubileu de Esperan\u00e7a, o Papa Francisco insiste no perd\u00e3o. \u201cUma tal experi\u00eancia repleta de perd\u00e3o n\u00e3o pode deixar de abrir o cora\u00e7\u00e3o e a mente para perdoar. Perdoar n\u00e3o muda o passado, n\u00e3o pode modificar o que j\u00e1 aconteceu; no entanto, o perd\u00e3o pode nos permitir mudar o futuro e viver de forma diferente, sem rancor, \u00f3dio e vingan\u00e7a. O futuro iluminado pelo perd\u00e3o permite ler o passado com olhos diferentes, mais serenos, mesmo que ainda banhados de l\u00e1grimas\u201d (n.23).<\/p>\n<p style=\"text-align: justify;\">O grande fruto da miseric\u00f3rdia \u00e9 a paz. Foi assim que Jesus ressuscitado saudou os disc\u00edpulos: \u201cA paz esteja convosco!\u201d A Paz \u00e9 dom que o Cristo deixou aos seus amigos, como b\u00ean\u00e7\u00e3o destinada a todos os homens e a todos os povos. N\u00e3o a paz segundo a mentalidade do \u201cmundo\u201d, como equil\u00edbrio de for\u00e7as, mas uma nova realidade, fruto do Amor de Deus, da sua Miseric\u00f3rdia.<\/p>\n","protected":false},"excerpt":{"rendered":"<p>\u00a0\u00a0\u00a0\u00a0\u00a0\u00a0\u00a0\u00a0\u00a0\u00a0\u00a0 No senso comum, quando uma pessoa inocente \u00e9 assassinada, consideramos que o problema est\u00e1 resolvido com a puni\u00e7\u00e3o do assassino. Nos filmes de a\u00e7\u00e3o normalmente o malfeitor \u00e9 morto pelas m\u00e3os daquele que foi injusti\u00e7ado. \u00c9 o nosso modo humano de pensar e agir. Diferente \u00e9 o agir de Cristo ressuscitado. Depois de sofrer [&hellip;]<\/p>\n","protected":false},"author":18,"featured_media":55821,"comment_status":"open","ping_status":"closed","sticky":false,"template":"","format":"standard","meta":{"footnotes":""},"categories":[9],"tags":[],"class_list":["post-94253","post","type-post","status-publish","format-standard","has-post-thumbnail","hentry","category-artigos"],"_links":{"self":[{"href":"https:\/\/catolicanet.net\/wp-cnet\/wp-json\/wp\/v2\/posts\/94253","targetHints":{"allow":["GET"]}}],"collection":[{"href":"https:\/\/catolicanet.net\/wp-cnet\/wp-json\/wp\/v2\/posts"}],"about":[{"href":"https:\/\/catolicanet.net\/wp-cnet\/wp-json\/wp\/v2\/types\/post"}],"author":[{"embeddable":true,"href":"https:\/\/catolicanet.net\/wp-cnet\/wp-json\/wp\/v2\/users\/18"}],"replies":[{"embeddable":true,"href":"https:\/\/catolicanet.net\/wp-cnet\/wp-json\/wp\/v2\/comments?post=94253"}],"version-history":[{"count":1,"href":"https:\/\/catolicanet.net\/wp-cnet\/wp-json\/wp\/v2\/posts\/94253\/revisions"}],"predecessor-version":[{"id":94255,"href":"https:\/\/catolicanet.net\/wp-cnet\/wp-json\/wp\/v2\/posts\/94253\/revisions\/94255"}],"wp:featuredmedia":[{"embeddable":true,"href":"https:\/\/catolicanet.net\/wp-cnet\/wp-json\/wp\/v2\/media\/55821"}],"wp:attachment":[{"href":"https:\/\/catolicanet.net\/wp-cnet\/wp-json\/wp\/v2\/media?parent=94253"}],"wp:term":[{"taxonomy":"category","embeddable":true,"href":"https:\/\/catolicanet.net\/wp-cnet\/wp-json\/wp\/v2\/categories?post=94253"},{"taxonomy":"post_tag","embeddable":true,"href":"https:\/\/catolicanet.net\/wp-cnet\/wp-json\/wp\/v2\/tags?post=94253"}],"curies":[{"name":"wp","href":"https:\/\/api.w.org\/{rel}","templated":true}]}}