{"id":94208,"date":"2025-04-23T10:33:13","date_gmt":"2025-04-23T13:33:13","guid":{"rendered":"https:\/\/catolicanet.net\/wp-cnet\/?p=94208"},"modified":"2025-04-23T14:36:02","modified_gmt":"2025-04-23T17:36:02","slug":"mensagem-aos-sacerdotes-2","status":"publish","type":"post","link":"https:\/\/catolicanet.net\/wp-cnet\/mensagem-aos-sacerdotes-2\/","title":{"rendered":"Mensagem aos Sacerdotes"},"content":{"rendered":"<p style=\"text-align: justify;\">Queridos irm\u00e3os no sacerd\u00f3cio,<\/p>\n<p style=\"text-align: justify;\">Ao entrarmos na celebra\u00e7\u00e3o solene do Tr\u00edduo Pascal, dirijo-me a cada um de voc\u00eas com profunda gratid\u00e3o, estima e ora\u00e7\u00e3o. Neste tempo sagrado em que revivemos os mist\u00e9rios centrais da nossa f\u00e9 \u2014 a paix\u00e3o, a morte e a ressurrei\u00e7\u00e3o de Nosso Senhor Jesus Cristo \u2014, desejo reconhecer e agradecer pela entrega generosa que cada um de voc\u00eas realiza no minist\u00e9rio presbiteral.<\/p>\n<p style=\"text-align: justify;\">\u00c9 comovente contemplar, ano ap\u00f3s ano, a dedica\u00e7\u00e3o de tantos irm\u00e3os sacerdotes que, mesmo entre cruzes pessoais, n\u00e3o deixam de conduzir com zelo e f\u00e9 o povo de Deus ao cora\u00e7\u00e3o do mist\u00e9rio pascal. A cada celebra\u00e7\u00e3o, a cada gesto lit\u00fargico, a cada confiss\u00e3o ou visita a um doente, na a\u00e7\u00e3o sacramental de teu minist\u00e9rio, voc\u00eas tornam vis\u00edvel e concreta a presen\u00e7a do Bom Pastor que d\u00e1 a vida por suas ovelhas.<\/p>\n<p style=\"text-align: justify;\">Na Quinta-feira Santa, ao repetirem os gestos do Senhor na Ceia e ao lavarem os p\u00e9s de seus irm\u00e3os, s\u00e3o testemunhas de um sacerd\u00f3cio que se faz servi\u00e7o. Na Sexta-feira Santa, ao conduzir a assembleia diante do Crucificado, s\u00e3o sinal de f\u00e9 e esperan\u00e7a para tantos que enfrentam a dor. No sil\u00eancio do S\u00e1bado Santo, permanecem firmes, \u00e0 espera da luz. E na Vig\u00edlia Pascal, com os c\u00edrios acesos e a Palavra proclamada, renovam o an\u00fancio que muda a hist\u00f3ria: Cristo ressuscitou! Aleluia!<\/p>\n<p style=\"text-align: justify;\">Queridos padres, sei que esta semana \u00e9 intensa \u2014 espiritualmente, fisicamente, emocionalmente. Por isso, mais do que palavras, envio-lhes minha ora\u00e7\u00e3o: que o Senhor ressuscitado renove suas for\u00e7as, cure suas feridas, fortale\u00e7a sua voca\u00e7\u00e3o e lhes conceda a alegria de ver muitos frutos brotarem do vosso minist\u00e9rio.<\/p>\n<p style=\"text-align: justify;\">Uma palavra especial de carinho quero enviar para todos os sacerdotes doentes, marginalizados, perseguidos e aqueles que est\u00e3o privados de seu minist\u00e9rio. N\u00e3o desanimem porque a gra\u00e7a de Cristo consola em todas as dificuldades!<\/p>\n<p style=\"text-align: justify;\">Convido a todos a olharmos para Maria, M\u00e3e do Crucificado e do Ressuscitado, modelo de perseveran\u00e7a, sil\u00eancio e f\u00e9. Que ela vos acompanhe em cada passo e seja consolo nos momentos de maior entrega.<\/p>\n<p style=\"text-align: justify;\">Rezo por cada um de voc\u00eas, por suas comunidades, fam\u00edlias e inten\u00e7\u00f5es. E pe\u00e7o tamb\u00e9m que rezem por mim, para que juntos, como presbit\u00e9rio unido, possamos continuar a servir com alegria ao povo de Deus confiado a n\u00f3s.<\/p>\n","protected":false},"excerpt":{"rendered":"<p>Queridos irm\u00e3os no sacerd\u00f3cio, Ao entrarmos na celebra\u00e7\u00e3o solene do Tr\u00edduo Pascal, dirijo-me a cada um de voc\u00eas com profunda gratid\u00e3o, estima e ora\u00e7\u00e3o. Neste tempo sagrado em que revivemos os mist\u00e9rios centrais da nossa f\u00e9 \u2014 a paix\u00e3o, a morte e a ressurrei\u00e7\u00e3o de Nosso Senhor Jesus Cristo \u2014, desejo reconhecer e agradecer pela [&hellip;]<\/p>\n","protected":false},"author":53272,"featured_media":92837,"comment_status":"open","ping_status":"closed","sticky":false,"template":"","format":"standard","meta":{"footnotes":""},"categories":[9],"tags":[],"class_list":["post-94208","post","type-post","status-publish","format-standard","has-post-thumbnail","hentry","category-artigos"],"_links":{"self":[{"href":"https:\/\/catolicanet.net\/wp-cnet\/wp-json\/wp\/v2\/posts\/94208","targetHints":{"allow":["GET"]}}],"collection":[{"href":"https:\/\/catolicanet.net\/wp-cnet\/wp-json\/wp\/v2\/posts"}],"about":[{"href":"https:\/\/catolicanet.net\/wp-cnet\/wp-json\/wp\/v2\/types\/post"}],"author":[{"embeddable":true,"href":"https:\/\/catolicanet.net\/wp-cnet\/wp-json\/wp\/v2\/users\/53272"}],"replies":[{"embeddable":true,"href":"https:\/\/catolicanet.net\/wp-cnet\/wp-json\/wp\/v2\/comments?post=94208"}],"version-history":[{"count":1,"href":"https:\/\/catolicanet.net\/wp-cnet\/wp-json\/wp\/v2\/posts\/94208\/revisions"}],"predecessor-version":[{"id":94210,"href":"https:\/\/catolicanet.net\/wp-cnet\/wp-json\/wp\/v2\/posts\/94208\/revisions\/94210"}],"wp:featuredmedia":[{"embeddable":true,"href":"https:\/\/catolicanet.net\/wp-cnet\/wp-json\/wp\/v2\/media\/92837"}],"wp:attachment":[{"href":"https:\/\/catolicanet.net\/wp-cnet\/wp-json\/wp\/v2\/media?parent=94208"}],"wp:term":[{"taxonomy":"category","embeddable":true,"href":"https:\/\/catolicanet.net\/wp-cnet\/wp-json\/wp\/v2\/categories?post=94208"},{"taxonomy":"post_tag","embeddable":true,"href":"https:\/\/catolicanet.net\/wp-cnet\/wp-json\/wp\/v2\/tags?post=94208"}],"curies":[{"name":"wp","href":"https:\/\/api.w.org\/{rel}","templated":true}]}}