{"id":94172,"date":"2025-04-17T10:00:46","date_gmt":"2025-04-17T13:00:46","guid":{"rendered":"https:\/\/catolicanet.net\/wp-cnet\/?p=94172"},"modified":"2025-04-23T14:02:38","modified_gmt":"2025-04-23T17:02:38","slug":"a-missa-da-ceia-do-senhor-o-amor-ate-o-fim","status":"publish","type":"post","link":"https:\/\/catolicanet.net\/wp-cnet\/a-missa-da-ceia-do-senhor-o-amor-ate-o-fim\/","title":{"rendered":"A Missa da Ceia do Senhor: O Amor at\u00e9 o Fim"},"content":{"rendered":"<p style=\"text-align: justify;\">A Missa da Ceia do Senhor, celebrada na noite da Quinta-feira Santa, inaugura o Tr\u00edduo Pascal, o cora\u00e7\u00e3o do ano lit\u00fargico crist\u00e3o. Essa celebra\u00e7\u00e3o solene rememora a institui\u00e7\u00e3o da Eucaristia e do sacerd\u00f3cio ministerial por Jesus na \u00daltima Ceia, e manifesta, com gestos e s\u00edmbolos, o mandamento do amor, vivido at\u00e9 a doa\u00e7\u00e3o total de si mesmo na cruz.<\/p>\n<p style=\"text-align: justify;\">\u00c9 uma das liturgias mais intensas da Semana Santa, pois une tr\u00eas grandes dimens\u00f5es da f\u00e9 crist\u00e3: o Sacramento da Eucaristia, o servi\u00e7o fraterno, e a entrega amorosa de Cristo, que se prepara para sua Paix\u00e3o e Morte.<\/p>\n<p style=\"text-align: justify;\">Na \u00daltima Ceia, Jesus antecipa sacramentalmente o que viver\u00e1 no Calv\u00e1rio. Ao tomar o p\u00e3o e o vinho, Ele os transforma em seu Corpo e Sangue, entregues por amor. \u00c9 o momento em que nasce o Sacramento da Eucaristia, memorial da nova e eterna alian\u00e7a.<\/p>\n<p style=\"text-align: justify;\">\u201cEnquanto comiam, Jesus tomou o p\u00e3o, e, tendo pronunciado a b\u00ean\u00e7\u00e3o, partiu-o e deu aos disc\u00edpulos, dizendo: \u2018Tomai e comei, isto \u00e9 o meu corpo\u2019. Em seguida, tomou o c\u00e1lice, deu gra\u00e7as e deu-lhes, dizendo: \u2018Bebei dele todos, pois isto \u00e9 o meu sangue, o sangue da alian\u00e7a, que \u00e9 derramado por muitos para remiss\u00e3o dos pecados\u2019\u201d (Mt 26,26-28).<\/p>\n<p style=\"text-align: justify;\">A cada celebra\u00e7\u00e3o Eucar\u00edstica, os fi\u00e9is atualizam sacramentalmente esse dom, tornando-se participantes do sacrif\u00edcio redentor de Cristo. A Ceia do Senhor, portanto, n\u00e3o \u00e9 uma simples recorda\u00e7\u00e3o, mas uma presen\u00e7a viva do mist\u00e9rio pascal.<\/p>\n<p style=\"text-align: justify;\">Ao dizer aos ap\u00f3stolos \u201cfazei isto em mem\u00f3ria de mim\u201d (Lc 22,19), Jesus os constitui ministros do seu mist\u00e9rio pascal. \u00c9 nesse contexto que se reconhece a institui\u00e7\u00e3o do sacerd\u00f3cio ministerial, pela qual os presb\u00edteros, em comunh\u00e3o com o bispo, perpetuam a Eucaristia na vida da Igreja.<\/p>\n<p style=\"text-align: justify;\">O sacerd\u00f3cio \u00e9 dom e miss\u00e3o: n\u00e3o para dominar, mas para servir, como o pr\u00f3prio Jesus ensinou.<\/p>\n<p style=\"text-align: justify;\">\u201cPois eu vos dei o exemplo, para que, como eu vos fiz, assim fa\u00e7ais tamb\u00e9m v\u00f3s\u201d (Jo 13,15).<\/p>\n<p style=\"text-align: justify;\">Na Missa da Ceia do Senhor, recorda-se com especial gratid\u00e3o o chamado dos pastores da Igreja, que fazem Cristo presente na Palavra, na Eucaristia e no cuidado com o povo.<\/p>\n<p style=\"text-align: justify;\">Um dos momentos mais significativos da celebra\u00e7\u00e3o \u00e9 o rito do lava-p\u00e9s, em que o celebrante lava os p\u00e9s de 12 pessoas, \u00e0 imita\u00e7\u00e3o de Jesus, que lavou os p\u00e9s de seus disc\u00edpulos.<\/p>\n<p style=\"text-align: justify;\">\u201cLevantou-se da ceia, tirou o manto e, tomando uma toalha, cingiu-se com ela. Depois, derramou \u00e1gua numa bacia e come\u00e7ou a lavar os p\u00e9s dos disc\u00edpulos\u201d (Jo 13,4-5).<\/p>\n<p style=\"text-align: justify;\">Esse gesto, profundamente simb\u00f3lico, mostra que o verdadeiro culto a Deus passa pelo amor concreto ao pr\u00f3ximo. Jesus, Mestre e Senhor, se abaixa para servir, e pede que seus disc\u00edpulos fa\u00e7am o mesmo. O lava-p\u00e9s nos lembra que a Eucaristia n\u00e3o \u00e9 isolada da vida: ela nos impele \u00e0 caridade, \u00e0 humildade e ao servi\u00e7o desinteressado.<\/p>\n<p style=\"text-align: justify;\">Ap\u00f3s o rito do lava-p\u00e9s, segue-se a Liturgia Eucar\u00edstica, com a consagra\u00e7\u00e3o e a comunh\u00e3o, momento em que os fi\u00e9is participam do corpo e sangue do Senhor. Nessa celebra\u00e7\u00e3o, a Eucaristia tem uma densidade especial, pois se conecta diretamente ao mist\u00e9rio da Cruz e \u00e0 entrega total de Cristo por amor \u00e0 humanidade.<\/p>\n<p style=\"text-align: justify;\">O fim da Missa \u00e9 marcado por um gesto comovente: o translado do Sant\u00edssimo Sacramento para um lugar de adora\u00e7\u00e3o. O altar \u00e9 desnudado, e n\u00e3o h\u00e1 b\u00ean\u00e7\u00e3o final. Come\u00e7a, ent\u00e3o, o tempo da vig\u00edlia, em que a Igreja vela com Jesus, como no Gets\u00eamani. \u00c9 um tempo de ora\u00e7\u00e3o silenciosa, de intimidade com o Senhor que se prepara para sua paix\u00e3o:<\/p>\n<p style=\"text-align: justify;\">\u201cFicai aqui e vigiai comigo\u201d (Mt 26,38).<\/p>\n<p style=\"text-align: justify;\">Neste dia queremos rezar por todos os sacerdotes. Para haver Eucaristia \u00e9 necess\u00e1rio termos sacerdotes, ou seja, ministros ordenados. Hoje, de maneira especial, devemos rezar por todos os sacerdotes, particulamente, os idosos, doentes, privados do exerc\u00edcio do minist\u00e9rio e, sobretudo, perseguidos dentro e fora da Igreja. A misericordia deve come\u00e7ar para com o sacerdotes. N\u00e3o destruir o minist\u00e9rio sacerdotal de quem quer que seja, mas recuperar os sacerdotes que passam dificuldades. A compaix\u00e3o e a misericordia, que tem como nome o amor fraterno, deve ser para todos!<\/p>\n<p style=\"text-align: justify;\">A Missa da Ceia do Senhor \u00e9 mais do que uma lembran\u00e7a de um evento passado. Ela \u00e9 memorial vivo que atualiza o dom da Eucaristia, o chamado ao servi\u00e7o e a entrega generosa da vida. \u00c9 tamb\u00e9m convite \u00e0 fidelidade, como aquela que Jesus esperava dos disc\u00edpulos na hora da sua agonia.<\/p>\n<p style=\"text-align: justify;\">\u201cTendo amado os seus que estavam no mundo, amou-os at\u00e9 o fim\u201d (Jo 13,1).<\/p>\n<p style=\"text-align: justify;\">Esse amor \u201cat\u00e9 o fim\u201d nos impulsiona a viver a f\u00e9 de modo coerente, generoso e comprometido. A cada Quinta-feira Santa, a Igreja revive o mist\u00e9rio do amor que se d\u00e1 no p\u00e3o partido, no c\u00e1lice partilhado e no gesto humilde do servi\u00e7o.<\/p>\n","protected":false},"excerpt":{"rendered":"<p>A Missa da Ceia do Senhor, celebrada na noite da Quinta-feira Santa, inaugura o Tr\u00edduo Pascal, o cora\u00e7\u00e3o do ano lit\u00fargico crist\u00e3o. Essa celebra\u00e7\u00e3o solene rememora a institui\u00e7\u00e3o da Eucaristia e do sacerd\u00f3cio ministerial por Jesus na \u00daltima Ceia, e manifesta, com gestos e s\u00edmbolos, o mandamento do amor, vivido at\u00e9 a doa\u00e7\u00e3o total de [&hellip;]<\/p>\n","protected":false},"author":53272,"featured_media":92837,"comment_status":"open","ping_status":"closed","sticky":false,"template":"","format":"standard","meta":{"footnotes":""},"categories":[9],"tags":[],"class_list":["post-94172","post","type-post","status-publish","format-standard","has-post-thumbnail","hentry","category-artigos"],"_links":{"self":[{"href":"https:\/\/catolicanet.net\/wp-cnet\/wp-json\/wp\/v2\/posts\/94172","targetHints":{"allow":["GET"]}}],"collection":[{"href":"https:\/\/catolicanet.net\/wp-cnet\/wp-json\/wp\/v2\/posts"}],"about":[{"href":"https:\/\/catolicanet.net\/wp-cnet\/wp-json\/wp\/v2\/types\/post"}],"author":[{"embeddable":true,"href":"https:\/\/catolicanet.net\/wp-cnet\/wp-json\/wp\/v2\/users\/53272"}],"replies":[{"embeddable":true,"href":"https:\/\/catolicanet.net\/wp-cnet\/wp-json\/wp\/v2\/comments?post=94172"}],"version-history":[{"count":1,"href":"https:\/\/catolicanet.net\/wp-cnet\/wp-json\/wp\/v2\/posts\/94172\/revisions"}],"predecessor-version":[{"id":94174,"href":"https:\/\/catolicanet.net\/wp-cnet\/wp-json\/wp\/v2\/posts\/94172\/revisions\/94174"}],"wp:featuredmedia":[{"embeddable":true,"href":"https:\/\/catolicanet.net\/wp-cnet\/wp-json\/wp\/v2\/media\/92837"}],"wp:attachment":[{"href":"https:\/\/catolicanet.net\/wp-cnet\/wp-json\/wp\/v2\/media?parent=94172"}],"wp:term":[{"taxonomy":"category","embeddable":true,"href":"https:\/\/catolicanet.net\/wp-cnet\/wp-json\/wp\/v2\/categories?post=94172"},{"taxonomy":"post_tag","embeddable":true,"href":"https:\/\/catolicanet.net\/wp-cnet\/wp-json\/wp\/v2\/tags?post=94172"}],"curies":[{"name":"wp","href":"https:\/\/api.w.org\/{rel}","templated":true}]}}