{"id":94127,"date":"2025-04-14T09:41:55","date_gmt":"2025-04-14T12:41:55","guid":{"rendered":"https:\/\/catolicanet.net\/wp-cnet\/?p=94127"},"modified":"2025-04-23T13:08:38","modified_gmt":"2025-04-23T16:08:38","slug":"sermao-do-deposito-3","status":"publish","type":"post","link":"https:\/\/catolicanet.net\/wp-cnet\/sermao-do-deposito-3\/","title":{"rendered":"Serm\u00e3o do Dep\u00f3sito"},"content":{"rendered":"<p style=\"text-align: justify;\"><em>Segunda-feira Santa \u2013 Of\u00edcio das Trevas<\/em><\/p>\n<p style=\"text-align: justify;\">Meus irm\u00e3os e minhas irm\u00e3s,<\/p>\n<p style=\"text-align: justify;\">Hoje nos reunimos para mergulhar no sil\u00eancio e na sombra da noite em que o Senhor come\u00e7ou a ser entregue. A liturgia nos conduz ao chamado Of\u00edcio das Trevas, e com ele, ao in\u00edcio da escurid\u00e3o que cobre o cora\u00e7\u00e3o da humanidade. \u00c9 a noite da solid\u00e3o de Cristo, noite da trai\u00e7\u00e3o, noite da agonia que antecede a cruz. Nesta celebra\u00e7\u00e3o, meditamos sobre o Dep\u00f3sito do Sant\u00edssimo Sacramento, sinal profundo do recolhimento e do abandono que marcar\u00e3o os passos de Jesus at\u00e9 o Calv\u00e1rio.<\/p>\n<p style=\"text-align: justify;\">Esta \u00e9 a Segunda-feira Santa, e com ela damos os primeiros passos rumo ao mist\u00e9rio pascal. J\u00e1 n\u00e3o h\u00e1 espa\u00e7o para distra\u00e7\u00f5es. O tempo se torna sagrado. O cora\u00e7\u00e3o se reveste de compun\u00e7\u00e3o. Toda a Igreja caminha em sil\u00eancio, em atitude de rever\u00eancia, diante do que est\u00e1 para acontecer. Jesus ser\u00e1 entregue. N\u00e3o por for\u00e7a, mas por amor. N\u00e3o por fraqueza, mas por obedi\u00eancia ao Pai.<\/p>\n<p style=\"text-align: justify;\">Hoje contemplamos o in\u00edcio de um lento desenlace. A trama da salva\u00e7\u00e3o se desenrola. As pe\u00e7as se movimentam no tabuleiro da hist\u00f3ria. Judas j\u00e1 foi ao encontro dos sumos sacerdotes. Pedro ainda promete fidelidade. Jo\u00e3o repousa a cabe\u00e7a sobre o peito do Mestre. Mas a noite se aproxima. E as trevas se espalham.<\/p>\n<p style=\"text-align: justify;\">Neste Serm\u00e3o do Dep\u00f3sito, somos convidados a acompanhar o Senhor no seu esvaziamento. Ele, que \u00e9 o P\u00e3o da Vida, ser\u00e1 retirado do altar e conduzido ao sacr\u00e1rio, simbolizando o abandono do Cristo por parte da humanidade. O altar ser\u00e1 desnudado. As luzes se apagar\u00e3o uma a uma. E, no sil\u00eancio, cada um de n\u00f3s ser\u00e1 confrontado com o pr\u00f3prio vazio. Com a pr\u00f3pria escurid\u00e3o.<\/p>\n<p style=\"text-align: justify;\">A Luz que se apaga!<\/p>\n<p style=\"text-align: justify;\">A cada vela que se apaga no Of\u00edcio das Trevas, sentimos que o mundo mergulha na aus\u00eancia de Deus. Apaga-se a luz da confian\u00e7a dos disc\u00edpulos. Apaga-se a chama da fidelidade. Apaga-se a coragem. Apaga-se a paz. Tudo parece ruir.<\/p>\n<p style=\"text-align: justify;\">Mas essa escurid\u00e3o \u00e9 pedag\u00f3gica. N\u00e3o \u00e9 o fim. \u00c9 um convite. Um chamado ao recolhimento interior. Um grito silencioso de Deus nos dizendo: \u201cPermanecei comigo. Ainda por uma hora\u201d.<\/p>\n<p style=\"text-align: justify;\">Sim, meus irm\u00e3os, o Senhor est\u00e1 sendo retirado. Ele n\u00e3o resiste, n\u00e3o luta, n\u00e3o se esconde. Ele vai. Vai por amor. Vai porque sabe que a cruz \u00e9 o caminho para a vida nova. Vai porque nos ama com um amor at\u00e9 o fim. Ele caminha para a entrega total. N\u00f3s, por\u00e9m, muitas vezes O abandonamos.<\/p>\n<p style=\"text-align: justify;\">Quantas vezes deixamos o Cristo sozinho no sacr\u00e1rio? Quantas vezes fechamos os ouvidos para sua Palavra? Quantas vezes O ignoramos nos pobres, nos doentes, nos presos, nos abandonados?<\/p>\n<p style=\"text-align: justify;\">Este Dep\u00f3sito do Sant\u00edssimo Sacramento nos confronta. Ele nos obriga a olhar para dentro. A perceber o quanto ainda estamos distantes. O quanto ainda preferimos o barulho do mundo ao sil\u00eancio de Deus.<\/p>\n<p style=\"text-align: justify;\">A trai\u00e7\u00e3o da amizade<\/p>\n<p style=\"text-align: justify;\">Jesus foi tra\u00eddo por um beijo. Por algu\u00e9m que caminhou com Ele. Que comeu do mesmo p\u00e3o. Que ouviu os mesmos ensinamentos. A trai\u00e7\u00e3o de Judas n\u00e3o \u00e9 apenas um fato hist\u00f3rico. \u00c9 um espelho. Quantas vezes tamb\u00e9m tra\u00edmos o Senhor? Com nossas omiss\u00f5es? Com nosso orgulho? Com nosso pecado?<\/p>\n<p style=\"text-align: justify;\">O Cristo que hoje \u00e9 retirado do altar \u00e9 o mesmo Cristo que, muitas vezes, retiramos de nossas vidas. Trocamos o Senhor por trinta moedas: a moeda do ego\u00edsmo, do conforto, da indiferen\u00e7a. Mas Ele, mesmo assim, continua se entregando.<\/p>\n<p style=\"text-align: justify;\">O sil\u00eancio que cura<\/p>\n<p style=\"text-align: justify;\">Hoje, a Igreja n\u00e3o fala muito. Ela chora. Ela recolhe o Cristo como se recolhe um filho amado. Ela o deposita no sacr\u00e1rio como quem abra\u00e7a um mist\u00e9rio. A Palavra se cala. O Corpo se cala. O Altar se cala. \u00c9 hora de silenciar tamb\u00e9m nosso cora\u00e7\u00e3o.<\/p>\n<p style=\"text-align: justify;\">A aus\u00eancia do Sant\u00edssimo nos revela a sua import\u00e2ncia. O vazio do altar nos mostra o que significa uma vida sem Deus. O sil\u00eancio da liturgia nos faz ouvir a voz do Esp\u00edrito.<\/p>\n<p style=\"text-align: justify;\">Esperan\u00e7a nas trevas<\/p>\n<p style=\"text-align: justify;\">Mas mesmo na noite mais escura, brilha uma luz. A \u00faltima vela \u2014 a vela do Cristo \u2014 permanece acesa. Ela n\u00e3o se apaga. \u00c9 a certeza de que a escurid\u00e3o n\u00e3o ter\u00e1 a \u00faltima palavra. A luz do Cristo ressurgir\u00e1 no terceiro dia. Ainda n\u00e3o \u00e9 o tempo da vit\u00f3ria. Mas j\u00e1 n\u00e3o \u00e9 tempo de desespero.<\/p>\n<p style=\"text-align: justify;\">Hoje, contemplamos o Cristo escondido. O Cristo recolhido. Mas Ele est\u00e1 vivo. E est\u00e1 conosco. Mesmo em sil\u00eancio, Ele intercede.\u00a0 Mesmo escondido, Ele reina.<\/p>\n<p style=\"text-align: justify;\">Conclus\u00e3o<\/p>\n<p style=\"text-align: justify;\">Meus irm\u00e3os, deixemo-nos conduzir por esta noite de trevas com os olhos fixos na luz que vir\u00e1. Acolhamos em nosso cora\u00e7\u00e3o o Cristo que se recolhe, mas que jamais abandona. Guardemos conosco a mem\u00f3ria do altar vazio, para que jamais esvaziemos nossa f\u00e9. E deixemo-nos transformar por esta noite santa, para que, ao chegar a manh\u00e3 da ressurrei\u00e7\u00e3o, nossos cora\u00e7\u00f5es estejam prontos para acolher a alegria da vida nova.<\/p>\n<p style=\"text-align: justify;\">Jesus est\u00e1 sendo retirado\u2026Mas em breve, voltar\u00e1. E todo joelho se dobrar\u00e1 diante d\u2019Ele.<\/p>\n<p style=\"text-align: justify;\">Am\u00e9m.<\/p>\n<p style=\"text-align: justify;\">Nossa Senhora das Dores, rogai por n\u00f3s. Senhor Jesus, tende piedade de n\u00f3s.<\/p>\n","protected":false},"excerpt":{"rendered":"<p>Segunda-feira Santa \u2013 Of\u00edcio das Trevas Meus irm\u00e3os e minhas irm\u00e3s, Hoje nos reunimos para mergulhar no sil\u00eancio e na sombra da noite em que o Senhor come\u00e7ou a ser entregue. A liturgia nos conduz ao chamado Of\u00edcio das Trevas, e com ele, ao in\u00edcio da escurid\u00e3o que cobre o cora\u00e7\u00e3o da humanidade. \u00c9 a [&hellip;]<\/p>\n","protected":false},"author":53272,"featured_media":92837,"comment_status":"open","ping_status":"closed","sticky":false,"template":"","format":"standard","meta":{"footnotes":""},"categories":[9],"tags":[],"class_list":["post-94127","post","type-post","status-publish","format-standard","has-post-thumbnail","hentry","category-artigos"],"_links":{"self":[{"href":"https:\/\/catolicanet.net\/wp-cnet\/wp-json\/wp\/v2\/posts\/94127","targetHints":{"allow":["GET"]}}],"collection":[{"href":"https:\/\/catolicanet.net\/wp-cnet\/wp-json\/wp\/v2\/posts"}],"about":[{"href":"https:\/\/catolicanet.net\/wp-cnet\/wp-json\/wp\/v2\/types\/post"}],"author":[{"embeddable":true,"href":"https:\/\/catolicanet.net\/wp-cnet\/wp-json\/wp\/v2\/users\/53272"}],"replies":[{"embeddable":true,"href":"https:\/\/catolicanet.net\/wp-cnet\/wp-json\/wp\/v2\/comments?post=94127"}],"version-history":[{"count":1,"href":"https:\/\/catolicanet.net\/wp-cnet\/wp-json\/wp\/v2\/posts\/94127\/revisions"}],"predecessor-version":[{"id":94129,"href":"https:\/\/catolicanet.net\/wp-cnet\/wp-json\/wp\/v2\/posts\/94127\/revisions\/94129"}],"wp:featuredmedia":[{"embeddable":true,"href":"https:\/\/catolicanet.net\/wp-cnet\/wp-json\/wp\/v2\/media\/92837"}],"wp:attachment":[{"href":"https:\/\/catolicanet.net\/wp-cnet\/wp-json\/wp\/v2\/media?parent=94127"}],"wp:term":[{"taxonomy":"category","embeddable":true,"href":"https:\/\/catolicanet.net\/wp-cnet\/wp-json\/wp\/v2\/categories?post=94127"},{"taxonomy":"post_tag","embeddable":true,"href":"https:\/\/catolicanet.net\/wp-cnet\/wp-json\/wp\/v2\/tags?post=94127"}],"curies":[{"name":"wp","href":"https:\/\/api.w.org\/{rel}","templated":true}]}}