{"id":94081,"date":"2025-04-17T09:42:15","date_gmt":"2025-04-17T12:42:15","guid":{"rendered":"https:\/\/catolicanet.net\/wp-cnet\/?p=94081"},"modified":"2025-04-17T17:43:30","modified_gmt":"2025-04-17T20:43:30","slug":"seminario-para-animadores-do-mes-da-biblia-2025-sera-realizado-de-22-a-24-de-abril-com-transmissao-online","status":"publish","type":"post","link":"https:\/\/catolicanet.net\/wp-cnet\/seminario-para-animadores-do-mes-da-biblia-2025-sera-realizado-de-22-a-24-de-abril-com-transmissao-online\/","title":{"rendered":"Semin\u00e1rio para Animadores do M\u00eas da B\u00edblia 2025 ser\u00e1 realizado de 22 a 24 de abril com transmiss\u00e3o online"},"content":{"rendered":"<div class=\"elementor-element elementor-element-3a087bd2 elementor-widget elementor-widget-theme-post-content\" data-id=\"3a087bd2\" data-element_type=\"widget\" data-widget_type=\"theme-post-content.default\">\n<div class=\"elementor-widget-container\">\n<p class=\"\" style=\"text-align: justify;\" data-start=\"216\" data-end=\"534\">A Comiss\u00e3o Episcopal para a Anima\u00e7\u00e3o B\u00edblico-Catequ\u00e9tica da Confer\u00eancia Nacional dos Bispos do Brasil (CNBB) promove entre os dias 22 e 24 de abril o Semin\u00e1rio para Animadores do M\u00eas da B\u00edblia. O evento ser\u00e1 realizado de forma online, sempre \u00e0s 19h30, com transmiss\u00e3o pelos canais\u00a0<a href=\"https:\/\/www.youtube.com\/@CNBBNacional\" target=\"_blank\" rel=\"noopener\">CNBB Nacional<\/a>\u00a0e\u00a0<a href=\"https:\/\/www.youtube.com\/@CNBBNacional\" target=\"_blank\" rel=\"noopener\">Catequese do Brasil<\/a>\u00a0no YouTube.<\/p>\n<blockquote>\n<p data-start=\"216\" data-end=\"534\">\u201cA iniciativa \u00e9 voltada especialmente \u00e0queles que desejam dinamizar a viv\u00eancia do M\u00eas da B\u00edblia em suas comunidades com criatividade, f\u00e9 e compromisso pastoral\u201d.<\/p>\n<\/blockquote>\n<p class=\"\" style=\"text-align: justify;\" data-start=\"536\" data-end=\"813\">O semin\u00e1rio \u00e9, ainda, uma oportunidade especial para animadores, catequistas, agentes de pastoral e demais lideran\u00e7as terem um primeiro contato com o\u00a0<a href=\"https:\/\/www.cnbb.org.br\/subsidio-mes-da-biblia-2025-congresso-animacao-biblica-da-pastoral\/\">tema e o lema do M\u00eas da B\u00edblia de 2025<\/a>, al\u00e9m de refletirem sobre os caminhos poss\u00edveis para a viv\u00eancia b\u00edblica nas comunidades.<\/p>\n<p class=\"\" style=\"text-align: justify;\" data-start=\"815\" data-end=\"1100\">A media\u00e7\u00e3o ser\u00e1 feita por Mariana Ven\u00e2ncio e padre Wagner Carvalho, ambos assessores da Comiss\u00e3o para a Anima\u00e7\u00e3o B\u00edblico-Catequ\u00e9tica. A cada noite, haver\u00e1 momentos de ora\u00e7\u00e3o, forma\u00e7\u00e3o e partilha de experi\u00eancias pr\u00e1ticas, al\u00e9m de espa\u00e7o para intera\u00e7\u00e3o com os palestrantes.<\/p>\n<h3 class=\"\" style=\"text-align: justify;\" data-start=\"1102\" data-end=\"1117\">Programa\u00e7\u00e3o<\/h3>\n<p class=\"\" style=\"text-align: justify;\" data-start=\"1119\" data-end=\"1151\"><strong data-start=\"1119\" data-end=\"1149\">22 de abril (ter\u00e7a-feira):<\/strong><\/p>\n<ul style=\"text-align: justify;\" data-start=\"1152\" data-end=\"1464\">\n<li class=\"\" data-start=\"1152\" data-end=\"1225\">\n<p class=\"\" data-start=\"1154\" data-end=\"1225\"><span class=\"TextRun SCXW5908767 BCX8\" lang=\"PT-BR\" xml:lang=\"PT-BR\" data-contrast=\"auto\"><span class=\"NormalTextRun SCXW5908767 BCX8\">19h30 \u2013\u00a0<\/span><\/span>Sauda\u00e7\u00e3o inicial com\u00a0<strong>dom Leomar Brustolin<\/strong>, presidente da Comiss\u00e3o<\/p>\n<\/li>\n<li class=\"\" data-start=\"1226\" data-end=\"1283\">\n<p class=\"\" data-start=\"1228\" data-end=\"1283\"><span class=\"TextRun SCXW38202799 BCX8\" lang=\"PT-BR\" xml:lang=\"PT-BR\" data-contrast=\"auto\"><span class=\"NormalTextRun SCXW38202799 BCX8\">19h40 \u2013\u00a0<\/span><\/span>Ora\u00e7\u00e3o inicial com Ir. Denilson Mariano (Leste 2)<\/p>\n<\/li>\n<li data-start=\"1226\" data-end=\"1283\"><span class=\"TextRun SCXW194178538 BCX8\" lang=\"PT-BR\" xml:lang=\"PT-BR\" data-contrast=\"auto\"><span class=\"NormalTextRun SCXW194178538 BCX8\">19h50 \u2013\u00a0<\/span><\/span>Introdu\u00e7\u00e3o \u00e0 carta aos Romanos com o\u00a0<span class=\"NormalTextRun SCXW185533241 BCX8\">prof. Dr. Claudio\u00a0<\/span><span class=\"NormalTextRun SpellingErrorV2Themed SCXW185533241 BCX8\">Vianney<\/span>\u00a0<span class=\"NormalTextRun SCXW185533241 BCX8\">(GREBICAT)<\/span><\/li>\n<li class=\"\" data-start=\"1284\" data-end=\"1339\">\n<p class=\"\" data-start=\"1286\" data-end=\"1339\"><span class=\"TextRun SCXW9122206 BCX8\" lang=\"PT-BR\" xml:lang=\"PT-BR\" data-contrast=\"auto\"><span class=\"NormalTextRun SCXW9122206 BCX8\"><span class=\"TextRun SCXW46758454 BCX8\" lang=\"PT-BR\" xml:lang=\"PT-BR\" data-contrast=\"auto\"><span class=\"NormalTextRun SCXW46758454 BCX8\">20h30 \u2013\u00a0<\/span><\/span>Experi\u00eancia pr\u00e1tica relacionada ao M\u00eas da B\u00edblia<br \/>\n<\/span><\/span><\/p>\n<\/li>\n<li data-start=\"1284\" data-end=\"1339\"><span class=\"TextRun SCXW176485743 BCX8\" lang=\"PT-BR\" xml:lang=\"PT-BR\" data-contrast=\"auto\"><span class=\"NormalTextRun SCXW176485743 BCX8\">20h40 \u2013 Intera\u00e7\u00e3o com o palestrante do dia<\/span><\/span><\/li>\n<li data-start=\"1376\" data-end=\"1464\"><span class=\"NormalTextRun SCXW63069064 BCX8\"><span class=\"TextRun SCXW127744267 BCX8\" lang=\"PT-BR\" xml:lang=\"PT-BR\" data-contrast=\"auto\"><span class=\"NormalTextRun SCXW127744267 BCX8\">20h50 \u2013 Divulga\u00e7\u00e3o do Congresso de ABP\u00a0<\/span><span class=\"NormalTextRun SCXW127744267 BCX8\">\u2013 Mariana Ven\u00e2ncio\u00a0<\/span><\/span><span class=\"EOP SCXW127744267 BCX8\" data-ccp-props=\"{}\">\u00a0<\/span><\/span><\/li>\n<\/ul>\n<p class=\"\" style=\"text-align: justify;\" data-start=\"1466\" data-end=\"1499\"><strong data-start=\"1466\" data-end=\"1497\">23 de abril (quarta-feira):<\/strong><\/p>\n<ul style=\"text-align: justify;\" data-start=\"1500\" data-end=\"1728\">\n<li class=\"\" data-start=\"1500\" data-end=\"1556\">\n<p class=\"\" data-start=\"1502\" data-end=\"1556\"><span class=\"TextRun SCXW20720754 BCX8\" lang=\"PT-BR\" xml:lang=\"PT-BR\" data-contrast=\"auto\"><span class=\"NormalTextRun SCXW20720754 BCX8\">19h30 \u2013 Ora\u00e7\u00e3o Inicial\u00a0<\/span><span class=\"NormalTextRun SCXW20720754 BCX8\">\u2013 pe. Nazareno\u00a0<\/span><span class=\"NormalTextRun SCXW20720754 BCX8\">\u2013 ABC do Regional Norte 2\u00a0<\/span><\/span><span class=\"EOP SCXW20720754 BCX8\" data-ccp-props=\"{}\">\u00a0<\/span><\/p>\n<\/li>\n<li class=\"\" data-start=\"1557\" data-end=\"1644\">\n<p class=\"\" data-start=\"1559\" data-end=\"1644\"><span class=\"TextRun SCXW244861079 BCX8\" lang=\"PT-BR\" xml:lang=\"PT-BR\" data-contrast=\"auto\"><span class=\"NormalTextRun SCXW244861079 BCX8\">19h45 \u2013\u00a0<\/span><span class=\"NormalTextRun SCXW244861079 BCX8\">Prof.\u00aa Patr\u00edcia\u00a0<\/span><span class=\"NormalTextRun SpellingErrorV2Themed SCXW244861079 BCX8\">Zaganin<\/span><span class=\"NormalTextRun SCXW244861079 BCX8\">\u00a0(GREBICAT)<\/span><\/span><span class=\"EOP SCXW244861079 BCX8\" data-ccp-props=\"{}\">\u00a0com a tem\u00e1tica\u00a0\u201cO agir crist\u00e3o a partir de Rm 12-15\u201d<\/span><\/p>\n<\/li>\n<li class=\"\" data-start=\"1645\" data-end=\"1728\">\n<p class=\"\" data-start=\"1647\" data-end=\"1728\"><span class=\"TextRun SCXW186832947 BCX8\" lang=\"PT-BR\" xml:lang=\"PT-BR\" data-contrast=\"auto\"><span class=\"NormalTextRun SCXW186832947 BCX8\">20h30 \u2013 Experi\u00eancia pr\u00e1tica relacionada ao M\u00eas da B\u00edblia<\/span><\/span><span class=\"EOP SCXW186832947 BCX8\" data-ccp-props=\"{}\">\u00a0<\/span><\/p>\n<\/li>\n<li data-start=\"1645\" data-end=\"1728\"><span class=\"TextRun SCXW220257179 BCX8\" lang=\"PT-BR\" xml:lang=\"PT-BR\" data-contrast=\"auto\"><span class=\"NormalTextRun SCXW220257179 BCX8\"><span class=\"TextRun SCXW95729835 BCX8\" lang=\"PT-BR\" xml:lang=\"PT-BR\" data-contrast=\"auto\"><span class=\"NormalTextRun SCXW95729835 BCX8\">20h40 \u2013 Intera\u00e7\u00e3o<br \/>\n<\/span><\/span><span class=\"EOP SCXW95729835 BCX8\" data-ccp-props=\"{}\">\u00a0<\/span><\/span><\/span><\/li>\n<li data-start=\"1645\" data-end=\"1728\"><span class=\"TextRun SCXW41151803 BCX8\" lang=\"PT-BR\" xml:lang=\"PT-BR\" data-contrast=\"auto\"><span class=\"NormalTextRun SCXW41151803 BCX8\">20h50 \u2013 Divulga\u00e7\u00e3o do Congresso de ABP\u00a0<\/span><span class=\"NormalTextRun SCXW41151803 BCX8\">\u2013 Ir. Cida\u00a0<\/span><span class=\"NormalTextRun SCXW41151803 BCX8\">Barboza\u00a0<\/span><\/span><span class=\"EOP SCXW41151803 BCX8\" data-ccp-props=\"{}\">\u00a0<\/span><\/li>\n<\/ul>\n<p class=\"\" style=\"text-align: justify;\" data-start=\"1730\" data-end=\"1763\"><strong data-start=\"1730\" data-end=\"1761\">24 de abril (quinta-feira):<\/strong><\/p>\n<ul style=\"text-align: justify;\" data-start=\"1764\" data-end=\"1962\">\n<li class=\"\" data-start=\"1764\" data-end=\"1782\"><span class=\"TextRun SCXW140512491 BCX8\" lang=\"PT-BR\" xml:lang=\"PT-BR\" data-contrast=\"auto\"><span class=\"NormalTextRun SCXW140512491 BCX8\">19h30 \u2013 Ora\u00e7\u00e3o Inicial\u00a0<\/span><span class=\"NormalTextRun SCXW140512491 BCX8\">\u2013 Vera\u00a0<\/span><span class=\"NormalTextRun SpellingErrorV2Themed SCXW140512491 BCX8\">Mazureck<\/span>\u00a0<span class=\"NormalTextRun SCXW140512491 BCX8\">\u2013 ABP do Regional Sul 4\u00a0<\/span><\/span><span class=\"EOP SCXW140512491 BCX8\" data-ccp-props=\"{}\">\u00a0<\/span><\/li>\n<li data-start=\"1764\" data-end=\"1782\"><span class=\"TextRun SCXW199869135 BCX8\" lang=\"PT-BR\" xml:lang=\"PT-BR\" data-contrast=\"auto\"><span class=\"NormalTextRun SCXW199869135 BCX8\">19h45 \u2013\u00a0<\/span><\/span><span class=\"TextRun SCXW199869135 BCX8\" lang=\"PT-BR\" xml:lang=\"PT-BR\" data-contrast=\"auto\"><span class=\"NormalTextRun SCXW199869135 BCX8\">\u201cA esperan\u00e7a n\u00e3o decepciona\u201d (<\/span><span class=\"NormalTextRun SpellingErrorV2Themed SCXW199869135 BCX8\">Rm<\/span><span class=\"NormalTextRun SCXW199869135 BCX8\">\u00a05,5)<\/span><\/span><span class=\"TextRun SCXW199869135 BCX8\" lang=\"PT-BR\" xml:lang=\"PT-BR\" data-contrast=\"auto\"><span class=\"NormalTextRun SCXW199869135 BCX8\">\u00a0\u2013 Dom Andherson\u00a0<\/span><span class=\"NormalTextRun SCXW199869135 BCX8\">Franklin \u2013 Membro da Comiss\u00e3o Episcopal para a Anima\u00e7\u00e3o B\u00edblico-Catequ\u00e9tica<\/span><\/span><span class=\"EOP SCXW199869135 BCX8\" data-ccp-props=\"{}\">\u00a0<\/span><\/li>\n<li data-start=\"1764\" data-end=\"1782\"><span class=\"TextRun SCXW222149244 BCX8\" lang=\"PT-BR\" xml:lang=\"PT-BR\" data-contrast=\"auto\"><span class=\"NormalTextRun SCXW222149244 BCX8\">20h30 \u2013 Experi\u00eancia pr\u00e1tica relacionada ao M\u00eas da B\u00edblia<\/span><\/span><span class=\"EOP SCXW222149244 BCX8\" data-ccp-props=\"{}\">\u00a0<\/span><\/li>\n<li class=\"\" data-start=\"1870\" data-end=\"1962\">\n<p class=\"\" data-start=\"1872\" data-end=\"1962\"><span class=\"TextRun SCXW110171743 BCX8\" lang=\"PT-BR\" xml:lang=\"PT-BR\" data-contrast=\"auto\"><span class=\"NormalTextRun SCXW110171743 BCX8\">20h40 \u2013 Intera\u00e7\u00e3o\u00a0<\/span><\/span><span class=\"EOP SCXW110171743 BCX8\" data-ccp-props=\"{}\">\u00a0<\/span><\/p>\n<\/li>\n<li data-start=\"1870\" data-end=\"1962\"><span class=\"TextRun SCXW122731189 BCX8\" lang=\"PT-BR\" xml:lang=\"PT-BR\" data-contrast=\"auto\"><span class=\"NormalTextRun SCXW122731189 BCX8\">20h50 \u2013 Divulga\u00e7\u00e3o do Congresso de ABP<\/span>\u00a0<span class=\"NormalTextRun SCXW122731189 BCX8\">\u2013<\/span>\u00a0<span class=\"NormalTextRun SCXW122731189 BCX8\">Narc<\/span><span class=\"NormalTextRun SCXW122731189 BCX8\">\u00e9<\/span><span class=\"NormalTextRun SCXW122731189 BCX8\">lio<\/span><span class=\"NormalTextRun SCXW122731189 BCX8\">\u00a0Lima\u00a0<\/span><\/span><span class=\"EOP SCXW122731189 BCX8\" data-ccp-props=\"{}\">\u00a0<\/span><\/li>\n<\/ul>\n<p style=\"text-align: justify;\"><strong>Acompanhe:<\/strong><\/p>\n<div class=\"ast-oembed-container\"><iframe loading=\"lazy\" title=\"Semin\u00e1rio para Animadores do M\u00eas da B\u00edblia 2025 - Ter\u00e7a\" src=\"https:\/\/www.youtube.com\/embed\/ayaGJJkLzHE?feature=oembed\" width=\"1200\" height=\"675\" frameborder=\"0\" allowfullscreen=\"allowfullscreen\" data-mce-fragment=\"1\"><\/iframe><\/div>\n<\/div>\n<\/div>\n","protected":false},"excerpt":{"rendered":"<p>A Comiss\u00e3o Episcopal para a Anima\u00e7\u00e3o B\u00edblico-Catequ\u00e9tica da Confer\u00eancia Nacional dos Bispos do Brasil (CNBB) promove entre os dias 22 e 24 de abril o Semin\u00e1rio para Animadores do M\u00eas da B\u00edblia. O evento ser\u00e1 realizado de forma online, sempre \u00e0s 19h30, com transmiss\u00e3o pelos canais\u00a0CNBB Nacional\u00a0e\u00a0Catequese do Brasil\u00a0no YouTube. \u201cA iniciativa \u00e9 voltada especialmente [&hellip;]<\/p>\n","protected":false},"author":1,"featured_media":94082,"comment_status":"open","ping_status":"closed","sticky":false,"template":"","format":"standard","meta":{"footnotes":""},"categories":[7],"tags":[],"class_list":["post-94081","post","type-post","status-publish","format-standard","has-post-thumbnail","hentry","category-cnbb"],"_links":{"self":[{"href":"https:\/\/catolicanet.net\/wp-cnet\/wp-json\/wp\/v2\/posts\/94081","targetHints":{"allow":["GET"]}}],"collection":[{"href":"https:\/\/catolicanet.net\/wp-cnet\/wp-json\/wp\/v2\/posts"}],"about":[{"href":"https:\/\/catolicanet.net\/wp-cnet\/wp-json\/wp\/v2\/types\/post"}],"author":[{"embeddable":true,"href":"https:\/\/catolicanet.net\/wp-cnet\/wp-json\/wp\/v2\/users\/1"}],"replies":[{"embeddable":true,"href":"https:\/\/catolicanet.net\/wp-cnet\/wp-json\/wp\/v2\/comments?post=94081"}],"version-history":[{"count":1,"href":"https:\/\/catolicanet.net\/wp-cnet\/wp-json\/wp\/v2\/posts\/94081\/revisions"}],"predecessor-version":[{"id":94084,"href":"https:\/\/catolicanet.net\/wp-cnet\/wp-json\/wp\/v2\/posts\/94081\/revisions\/94084"}],"wp:featuredmedia":[{"embeddable":true,"href":"https:\/\/catolicanet.net\/wp-cnet\/wp-json\/wp\/v2\/media\/94082"}],"wp:attachment":[{"href":"https:\/\/catolicanet.net\/wp-cnet\/wp-json\/wp\/v2\/media?parent=94081"}],"wp:term":[{"taxonomy":"category","embeddable":true,"href":"https:\/\/catolicanet.net\/wp-cnet\/wp-json\/wp\/v2\/categories?post=94081"},{"taxonomy":"post_tag","embeddable":true,"href":"https:\/\/catolicanet.net\/wp-cnet\/wp-json\/wp\/v2\/tags?post=94081"}],"curies":[{"name":"wp","href":"https:\/\/api.w.org\/{rel}","templated":true}]}}