{"id":94069,"date":"2025-04-17T09:36:22","date_gmt":"2025-04-17T12:36:22","guid":{"rendered":"https:\/\/catolicanet.net\/wp-cnet\/?p=94069"},"modified":"2025-04-17T17:38:20","modified_gmt":"2025-04-17T20:38:20","slug":"quinta-feira-santa-lava-pes-amor-e-servico","status":"publish","type":"post","link":"https:\/\/catolicanet.net\/wp-cnet\/quinta-feira-santa-lava-pes-amor-e-servico\/","title":{"rendered":"Quinta-feira Santa: Lava-P\u00e9s, amor e servi\u00e7o"},"content":{"rendered":"<figure class=\"article__image\"><span class=\"didascalia_img\">Papa Francisco na pris\u00e3o para menores de Casal del Marmo, em Roma, 28 de mar\u00e7o de 2013\u00a0<\/span><\/figure>\n<div class=\"article__meta audioInside\" data-mediatype=\"\">\n<div class=\"article__subTitle\" style=\"text-align: justify;\">Ao lavar os p\u00e9s dos disc\u00edpulos, Jesus demonstra seu amor pelas pessoas e mostra a todos que a humildade e o servi\u00e7o s\u00e3o o centro de sua mensagem.<\/div>\n<div class=\"title__separator\" style=\"text-align: justify;\"><\/div>\n<div class=\"article__text\">\n<p style=\"text-align: justify;\"><b>Mariangela Jaguraba &#8211; Vatican News<\/b><\/p>\n<p style=\"text-align: justify;\">O Lava-P\u00e9s \u00e9 um rito lit\u00fargico realizado durante a celebra\u00e7\u00e3o da Quinta-feira Santa que recorda a \u00daltima Ceia do Senhor. Este rito religioso baseia-se no Evangelho de Jo\u00e3o. &#8220;\u00c9 o testamento de Jesus para a comunidade. A oferta da pr\u00f3pria vida por amor&#8221;, disse \u00e0 R\u00e1dio Vaticano \u2013 Vatican News o provincial dos Mission\u00e1rios Combonianos no Brasil, pe. Raimundo Rocha.<\/p>\n<div style=\"text-align: justify;\">\n<div class=\"article__embed article__embed--unwrap article__embed--dark\">\n<div class=\"article__innerTitle\">Ou\u00e7a e compartilhe<\/div>\n<div>\n<!--[if lt IE 9]><script>document.createElement('audio');<\/script><![endif]-->\n<audio class=\"wp-audio-shortcode\" id=\"audio-94069-1\" preload=\"none\" style=\"width: 100%;\" controls=\"controls\"><source type=\"audio\/mpeg\" src=\"https:\/\/media.vaticannews.va\/media\/audio\/s1\/2025\/04\/17\/11\/138627986_F138627986.mp3?_=1\" \/><a href=\"https:\/\/media.vaticannews.va\/media\/audio\/s1\/2025\/04\/17\/11\/138627986_F138627986.mp3\">https:\/\/media.vaticannews.va\/media\/audio\/s1\/2025\/04\/17\/11\/138627986_F138627986.mp3<\/a><\/audio>\n<\/div>\n<\/div>\n<\/div>\n<p style=\"text-align: justify;\">Ao lavar os p\u00e9s dos disc\u00edpulos, Jesus demonstra seu amor pelas pessoas e mostra a todos que a humildade e o servi\u00e7o s\u00e3o o centro de sua mensagem. Na missa da Institui\u00e7\u00e3o da Eucaristia ou Lava-P\u00e9s repete-se o mesmo gesto de Jesus. O bispo ou sacerdote que imita Jesus no gesto de lavar os p\u00e9s de algumas pessoas da comunidade, compromete-se a estar a servi\u00e7o da comunidade para que todos tenham a salva\u00e7\u00e3o, como fez Jesus, mostrando como diz um canto religioso cat\u00f3lico que &#8220;prova de amor maior n\u00e3o h\u00e1 que doar a vida pelo irm\u00e3o&#8221;.<\/p>\n<p style=\"text-align: justify;\">&#8220;A Igreja \u00e9 chamada a amar e servir, a lavar os p\u00e9s da humanidade ferida pelas guerras, pelo feminic\u00eddio, pelo discurso de \u00f3dio, pela migra\u00e7\u00e3o for\u00e7ada, por tantas situa\u00e7\u00f5es de desumanidade. Este \u00e9 o mandamento que Jesus nos deixou. Este \u00e9 o seu exemplo: amar e servir&#8221;, disse ainda pe. Raimundo Rocha.<\/p>\n<\/div>\n<\/div>\n","protected":false},"excerpt":{"rendered":"<p>Papa Francisco na pris\u00e3o para menores de Casal del Marmo, em Roma, 28 de mar\u00e7o de 2013\u00a0 Ao lavar os p\u00e9s dos disc\u00edpulos, Jesus demonstra seu amor pelas pessoas e mostra a todos que a humildade e o servi\u00e7o s\u00e3o o centro de sua mensagem. Mariangela Jaguraba &#8211; Vatican News O Lava-P\u00e9s \u00e9 um rito [&hellip;]<\/p>\n","protected":false},"author":1,"featured_media":94070,"comment_status":"open","ping_status":"closed","sticky":false,"template":"","format":"standard","meta":{"footnotes":""},"categories":[3],"tags":[],"class_list":["post-94069","post","type-post","status-publish","format-standard","has-post-thumbnail","hentry","category-vaticano"],"_links":{"self":[{"href":"https:\/\/catolicanet.net\/wp-cnet\/wp-json\/wp\/v2\/posts\/94069","targetHints":{"allow":["GET"]}}],"collection":[{"href":"https:\/\/catolicanet.net\/wp-cnet\/wp-json\/wp\/v2\/posts"}],"about":[{"href":"https:\/\/catolicanet.net\/wp-cnet\/wp-json\/wp\/v2\/types\/post"}],"author":[{"embeddable":true,"href":"https:\/\/catolicanet.net\/wp-cnet\/wp-json\/wp\/v2\/users\/1"}],"replies":[{"embeddable":true,"href":"https:\/\/catolicanet.net\/wp-cnet\/wp-json\/wp\/v2\/comments?post=94069"}],"version-history":[{"count":1,"href":"https:\/\/catolicanet.net\/wp-cnet\/wp-json\/wp\/v2\/posts\/94069\/revisions"}],"predecessor-version":[{"id":94072,"href":"https:\/\/catolicanet.net\/wp-cnet\/wp-json\/wp\/v2\/posts\/94069\/revisions\/94072"}],"wp:featuredmedia":[{"embeddable":true,"href":"https:\/\/catolicanet.net\/wp-cnet\/wp-json\/wp\/v2\/media\/94070"}],"wp:attachment":[{"href":"https:\/\/catolicanet.net\/wp-cnet\/wp-json\/wp\/v2\/media?parent=94069"}],"wp:term":[{"taxonomy":"category","embeddable":true,"href":"https:\/\/catolicanet.net\/wp-cnet\/wp-json\/wp\/v2\/categories?post=94069"},{"taxonomy":"post_tag","embeddable":true,"href":"https:\/\/catolicanet.net\/wp-cnet\/wp-json\/wp\/v2\/tags?post=94069"}],"curies":[{"name":"wp","href":"https:\/\/api.w.org\/{rel}","templated":true}]}}