{"id":94052,"date":"2025-04-13T09:17:43","date_gmt":"2025-04-13T12:17:43","guid":{"rendered":"https:\/\/catolicanet.net\/wp-cnet\/?p=94052"},"modified":"2025-04-14T11:21:43","modified_gmt":"2025-04-14T14:21:43","slug":"tradicoes-devocionais","status":"publish","type":"post","link":"https:\/\/catolicanet.net\/wp-cnet\/tradicoes-devocionais\/","title":{"rendered":"Tradi\u00e7\u00f5es devocionais"},"content":{"rendered":"<p style=\"text-align: justify;\">A Semana Santa, que se inicia no domingo de ramos da paix\u00e3o do Senhor \u00e9 a semana maior para n\u00f3s, crist\u00e3os. Ao longo dessa semana, acontecem diversas celebra\u00e7\u00f5es importantes que marcam a f\u00e9 popular de todo o povo de Deus. A partir da Quinta-feira Santa, celebramos o Tr\u00edduo Pascal com a institui\u00e7\u00e3o da Eucaristia e o rito do lava-p\u00e9s, a celebra\u00e7\u00e3o da Paix\u00e3o na Sexta-feira Santa e a Vig\u00edlia Pascal no S\u00e1bado \u2014 s\u00e3o tr\u00eas celebra\u00e7\u00f5es em uma s\u00f3.<\/p>\n<p style=\"text-align: justify;\">Devemos participar ativamente da Semana Santa porque, como tenho falado com insist\u00eancia, s\u00f3 existe uma Semana Santa ao longo de todo o ano. Por isso, n\u00e3o devemos deix\u00e1-la passar em branco.<\/p>\n<p style=\"text-align: justify;\">Existem muitas tradi\u00e7\u00f5es devocionais que variam de acordo com a regi\u00e3o do pa\u00eds. O Serm\u00e3o do Dep\u00f3sito \u00e9 realizado em geral na Segunda-feira da Semana Santa e, ap\u00f3s o Domingo de Ramos, marca o in\u00edcio das celebra\u00e7\u00f5es devocionais da Semana Santa. A cada celebra\u00e7\u00e3o, relembramos os \u00faltimos passos da vida de Jesus rumo \u00e0 Paix\u00e3o e morte.<\/p>\n<p style=\"text-align: justify;\">A Quaresma vai at\u00e9 a Quinta-feira Santa a tarde, e, a partir da tarde da Quinta-feira Santa a tarde, inicia-se o Tr\u00edduo Pascal.<\/p>\n<p style=\"text-align: justify;\">As igrejas devem estar abertas ao longo da Semana Santa para acolher os fi\u00e9is para a confiss\u00e3o sacramental e para realizar as celebra\u00e7\u00f5es. Durante essa Semana Maior, os padres se dedicam inteiramente \u00e0 par\u00f3quia, atendendo \u00e0s necessidades dos fi\u00e9is. Como dissemos, s\u00f3 existe uma Semana Santa ao longo do ano. Por isso, ela deve ser aproveitada ao m\u00e1ximo, tanto pelos fi\u00e9is quanto pelos sacerdotes.<\/p>\n<p style=\"text-align: justify;\">Ao longo dessa semana, acompanhamos os diversos momentos da vida de Jesus: desde a entrada em Jerusal\u00e9m, sendo aclamado como rei (Domingo de Ramos); contemplamos Jesus angustiado e as trevas tomando conta do mundo, pois a luz est\u00e1 sendo tirada de n\u00f3s (Of\u00edcio de Trevas e Serm\u00e3o do Dep\u00f3sito) na segunda ou ter\u00e7a-feira; o encontro de Jesus (Senhor dos Passos) com sua M\u00e3e (Nossa Senhora das Dores) no caminho do Calv\u00e1rio, na ter\u00e7a ou quarta-feira santa; e, na quarta-feira santa, em algumas tradi\u00e7\u00f5es meditam sobre as dores de uma m\u00e3e ao ver o seu Filho sendo entregue \u00e0 morte como uma ovelha em dire\u00e7\u00e3o ao matadouro (Medita\u00e7\u00e3o das Dores de Nossa Senhora). A partir da quinta-feira santa tem in\u00edcio o Tr\u00edduo Pascal \u2014 uma \u00fanica celebra\u00e7\u00e3o que come\u00e7a na tarde de quinta-feira, culmina no S\u00e1bado Santo e se conclui com as segundas v\u00e9speras do domingo de P\u00e1scoa.<\/p>\n<p style=\"text-align: justify;\">Somos convidados a participar de toda a Semana Santa para que possamos celebrar de maneira mais pura a P\u00e1scoa do Senhor. Podemos, ao longo dessa semana, realizar nossa confiss\u00e3o sacramental, se ainda n\u00e3o fizemos, e intensificar as tr\u00eas pr\u00e1ticas espirituais propostas para esse tempo: ora\u00e7\u00e3o, jejum e caridade. Participar das missas penitenciais que ainda ocorrer\u00e3o nesta semana, logo de madrugada. Somos convidados a conformar a nossa vida com a Cruz de Cristo. Esta \u00e9 uma semana que deve ser marcada pelo sil\u00eancio e pelo recolhimento, recordando a entrega de Jesus na cruz por n\u00f3s. Iniciamos a Semana Santa recordando a entrada triunfal de Jesus em Jerusal\u00e9m, passando depois pela Paix\u00e3o e Morte, e culminamos celebrando a Ressurrei\u00e7\u00e3o.<\/p>\n<p style=\"text-align: justify;\">Na noite de segunda ou ter\u00e7a-feira pode ser celebrado o Of\u00edcio de Trevas e o serm\u00e3o do dep\u00f3sito. O mundo est\u00e1 envolto em trevas, pois Nosso Senhor foi preso. Jesus vivia um momento de ang\u00fastia e sofrimento, pois sabia que seria entregue \u00e0 morte. Recordamos, nesta celebra\u00e7\u00e3o, a ora\u00e7\u00e3o que Jesus profere no Horto das Oliveiras quando se v\u00ea sozinho diante dos soldados. As trevas ou a escurid\u00e3o representam o mal. Por isso, devemos ser luz na vida dos outros. Se nesta Segunda-feira o mundo est\u00e1 envolto em trevas, no s\u00e1bado santo Jesus vence as trevas e ilumina o mundo com a sua Ressurrei\u00e7\u00e3o.<\/p>\n<p style=\"text-align: justify;\">Nessa noite, podemos nos indagar: quantas vezes preferimos o caminho das trevas ao inv\u00e9s do caminho da luz? Quantas vezes abandonamos o Senhor e enveredamos por caminhos tortuosos, a exemplo do filho pr\u00f3digo? Depois, ca\u00edmos em si e voltamos para o caminho da luz. Por isso, ao longo da Quaresma e, sobretudo, na Semana Santa, somos convidados a nos aproximar do sacramento da reconcilia\u00e7\u00e3o, para abandonarmos os caminhos das trevas e nos aproximarmos da luz. Quando pecamos, rompemos com a luz e optamos pelas trevas. Do mesmo modo, somos convidados a ser luz na vida das pessoas, e n\u00e3o escurid\u00e3o.<\/p>\n<p style=\"text-align: justify;\">A noite \u00e9 considerada \u201ctrevas\u201d porque o mundo est\u00e1 envolto em escurid\u00e3o. Devemos pedir que a luz de Cristo nos alcance durante a noite e nos mantenha longe do pecado. Por isso \u00e9 importante rezarmos antes de dormir, pedindo a prote\u00e7\u00e3o divina. A luz divina deve sempre continuar acesa em nossos cora\u00e7\u00f5es.<\/p>\n<p style=\"text-align: justify;\">Nesta noite, ao recordarmos a entrega de Jesus por n\u00f3s e as trevas se apoderando do mundo, rezemos com fervor ao Esp\u00edrito Santo, para que nos mantenhamos firmes na f\u00e9 e pr\u00f3ximos da luz. Desde o nosso batismo somos chamados a ser sal da terra e luz do mundo. Ou seja, somos chamados a aceitar a luz de Cristo e transmiti-la aos demais. Nesta celebra\u00e7\u00e3o, pe\u00e7amos que, no fim, a luz ven\u00e7a as trevas \u2014 como de fato acontece no Tr\u00edduo Pascal, no S\u00e1bado Santo. Ao final dessa celebra\u00e7\u00e3o, volta ao centro do altar uma vela acesa, ap\u00f3s todas as outras terem sido apagadas, pois a luz de Cristo n\u00e3o deve ser apagada: ela vence as trevas. A luz do sacr\u00e1rio, que permanece acesa 24 horas por dia em nossas igrejas, representa que a luz de Cristo nunca se apaga e que, por meio dessa luz, \u00e9 poss\u00edvel edificar um mundo melhor.<\/p>\n<p style=\"text-align: justify;\">Nesta noite, recordemos os pa\u00edses que est\u00e3o em guerra e tantos inocentes que morrem devido \u00e0 viol\u00eancia. Rezemos pelas v\u00edtimas de todas as formas de viol\u00eancia e de guerra. H\u00e1 muitas guerras silenciosas que precisam ser cessadas! Rezemos pelos governantes, para que pensem mais no povo do que na gan\u00e2ncia do poder. Jesus, como bem sabemos, foi condenado injustamente \u00e0 morte. Rezemos por todos os que s\u00e3o condenados injustamente \u00e0 pris\u00e3o ou \u00e0 morte.<\/p>\n<p style=\"text-align: justify;\">\u00c9 preciso resgatar essas celebra\u00e7\u00f5es devocionais da semana santa. Somente n\u00f3s, cat\u00f3licos, temos uma Semana Santa. Por isso, nos esforcemos por participar das celebra\u00e7\u00f5es da Semana Maior. Nesta celebra\u00e7\u00e3o em especial, pe\u00e7amos que a luz de Cristo prevale\u00e7a, mesmo quando tudo estiver escuro.<\/p>\n<p style=\"text-align: justify;\">Participemos com f\u00e9 e piedade da Semana Santa, iniciando no Domingo de Ramos e terminando no Domingo de P\u00e1scoa. Pe\u00e7amos, nesta celebra\u00e7\u00e3o em especial, que a luz de Cristo nos alcance e que possamos ser luz para todos aqueles que encontrarmos. Que, por meio da luz de Cristo, o mundo encontre a paz.<\/p>\n","protected":false},"excerpt":{"rendered":"<p>A Semana Santa, que se inicia no domingo de ramos da paix\u00e3o do Senhor \u00e9 a semana maior para n\u00f3s, crist\u00e3os. Ao longo dessa semana, acontecem diversas celebra\u00e7\u00f5es importantes que marcam a f\u00e9 popular de todo o povo de Deus. A partir da Quinta-feira Santa, celebramos o Tr\u00edduo Pascal com a institui\u00e7\u00e3o da Eucaristia e [&hellip;]<\/p>\n","protected":false},"author":5,"featured_media":55819,"comment_status":"open","ping_status":"closed","sticky":false,"template":"","format":"standard","meta":{"footnotes":""},"categories":[9],"tags":[],"class_list":["post-94052","post","type-post","status-publish","format-standard","has-post-thumbnail","hentry","category-artigos"],"_links":{"self":[{"href":"https:\/\/catolicanet.net\/wp-cnet\/wp-json\/wp\/v2\/posts\/94052","targetHints":{"allow":["GET"]}}],"collection":[{"href":"https:\/\/catolicanet.net\/wp-cnet\/wp-json\/wp\/v2\/posts"}],"about":[{"href":"https:\/\/catolicanet.net\/wp-cnet\/wp-json\/wp\/v2\/types\/post"}],"author":[{"embeddable":true,"href":"https:\/\/catolicanet.net\/wp-cnet\/wp-json\/wp\/v2\/users\/5"}],"replies":[{"embeddable":true,"href":"https:\/\/catolicanet.net\/wp-cnet\/wp-json\/wp\/v2\/comments?post=94052"}],"version-history":[{"count":1,"href":"https:\/\/catolicanet.net\/wp-cnet\/wp-json\/wp\/v2\/posts\/94052\/revisions"}],"predecessor-version":[{"id":94054,"href":"https:\/\/catolicanet.net\/wp-cnet\/wp-json\/wp\/v2\/posts\/94052\/revisions\/94054"}],"wp:featuredmedia":[{"embeddable":true,"href":"https:\/\/catolicanet.net\/wp-cnet\/wp-json\/wp\/v2\/media\/55819"}],"wp:attachment":[{"href":"https:\/\/catolicanet.net\/wp-cnet\/wp-json\/wp\/v2\/media?parent=94052"}],"wp:term":[{"taxonomy":"category","embeddable":true,"href":"https:\/\/catolicanet.net\/wp-cnet\/wp-json\/wp\/v2\/categories?post=94052"},{"taxonomy":"post_tag","embeddable":true,"href":"https:\/\/catolicanet.net\/wp-cnet\/wp-json\/wp\/v2\/tags?post=94052"}],"curies":[{"name":"wp","href":"https:\/\/api.w.org\/{rel}","templated":true}]}}