{"id":94049,"date":"2025-04-13T09:14:27","date_gmt":"2025-04-13T12:14:27","guid":{"rendered":"https:\/\/catolicanet.net\/wp-cnet\/?p=94049"},"modified":"2025-04-14T11:17:18","modified_gmt":"2025-04-14T14:17:18","slug":"ordenacao-de-dom-jose-maria-pereira","status":"publish","type":"post","link":"https:\/\/catolicanet.net\/wp-cnet\/ordenacao-de-dom-jose-maria-pereira\/","title":{"rendered":"Ordena\u00e7\u00e3o de Dom Jos\u00e9 Maria Pereira"},"content":{"rendered":"<p style=\"text-align: center;\"><em>Catedral de S\u00e3o Pedro de Alc\u00e2ntara, Petr\u00f3polis, RJ,<\/p>\n<p>D12 de abril de 2025.<\/em><\/p>\n<p style=\"text-align: justify;\">Car\u00edssimos irm\u00e3os e irm\u00e3s, \u00e9 uma alegria muito grande ver essa beleza da vitalidade da Igreja na sucess\u00e3o apost\u00f3lica, na unidade com o Santo Padre, o amado Papa Francisco. Acabamos de ouvir justamente o decreto do N\u00fancio Apost\u00f3lico, falando da licen\u00e7a para proceder a ordena\u00e7\u00e3o episcopal, considerando que as letras apost\u00f3licas da bula de nomea\u00e7\u00e3o do Monsenhor Jos\u00e9 Maria Pereira ainda n\u00e3o chegaram, com este Decreto podemos proceder a ordena\u00e7\u00e3o episcopal, por isso que n\u00f3s hoje estamos aqui para orden\u00e1-lo bispo.<\/p>\n<p style=\"text-align: justify;\">Os bispos est\u00e3o aqui presentes nessa comunh\u00e3o, junto com sacerdotes, di\u00e1conos, religiosos, povo de Deus, familiares, amigos que aqui vieram, e aqueles que nos veem e ouvem pelos meios de comunica\u00e7\u00e3o. Essa beleza da sucess\u00e3o apost\u00f3lica nos remete aos ap\u00f3stolos, aos doze ap\u00f3stolos, e que n\u00f3s sabemos, car\u00edssimos irm\u00e3os e irm\u00e3s, que tem essa sequ\u00eancia atrav\u00e9s dos s\u00e9culos.<\/p>\n<p style=\"text-align: justify;\">Hoje mesmo, o b\u00e1culo utilizado, do primeiro bispo de Petr\u00f3polis, Dom Manuel Pedro da Cunha Cintra, tem mais de 77 anos, lembrando bem essa sucess\u00e3o que vai acontecendo e que faz parte da nossa identidade cat\u00f3lica. A sucess\u00e3o que vem desde os primeiros disc\u00edpulos de Jesus, passando por toda a hist\u00f3ria e chegando at\u00e9 n\u00f3s hoje.<\/p>\n<p style=\"text-align: justify;\">Hoje, como um dia eu fui ordenado bispo, tamb\u00e9m tem toda a genealogia daqueles que me ordenaram, os meus antepassados bispos. Hoje tenho a alegria de poder ordenar o Monsenhor Jos\u00e9 Maria Pereira, bendizendo a Deus tamb\u00e9m pela Diocese de Petr\u00f3polis, que entrega \u00e0 Igreja esse seu filho para o servi\u00e7o episcopal. \u00c9 um servi\u00e7o para toda a Igreja, mas que ir\u00e1 desempenhar na cidade e Arquidiocese de S\u00e3o Sebasti\u00e3o do Rio de Janeiro os trabalhos e a miss\u00e3o, que realmente sabemos que s\u00e3o muitas.<\/p>\n<p style=\"text-align: justify;\">A Palavra de Deus de hoje, que foi escolhida para a celebra\u00e7\u00e3o, nos fala justamente daquele que o Senhor pede: \u201cA quem enviarei?\u201d e a resposta: \u201cEis-me aqui, envia-me\u201d. Pede para evangelizar e para servir. S\u00e3o os tr\u00eas temas das tr\u00eas leituras: o colocar-se \u00e0 disposi\u00e7\u00e3o, a evangeliza\u00e7\u00e3o, como na carta de Paulo, e o servi\u00e7o que aparece no Evangelho.<\/p>\n<p style=\"text-align: justify;\">Monsenhor Jos\u00e9 Maria Pereira escolheu justamente como lema episcopal o servi\u00e7o: \u201cVenho para servir\u201d, <strong><em>\u201cVeni ministrare\u201d<\/em><\/strong> \u2013 Mc 10,45 \u2013, que reflete a liturgia desta manh\u00e3 aqui em Petr\u00f3polis e est\u00e1 em sintonia com aquilo que o Papa Francisco sempre vem nos dizendo, falando para n\u00f3s, bispos, da import\u00e2ncia de tomar consci\u00eancia de que a miss\u00e3o episcopal \u00e9 um servi\u00e7o. \u00c9 uma miss\u00e3o que recebemos para cuidar do povo de Deus com o exemplo, com a presen\u00e7a e, tamb\u00e9m, para ensinar e caminhar com o povo, para que todos sejam cada vez mais aqueles que buscam a santidade.<\/p>\n<p style=\"text-align: justify;\">\u00c9 nesse esp\u00edrito que n\u00f3s nos reunimos aqui nesta manh\u00e3, para tomarmos consci\u00eancia e, ao mesmo tempo, rezarmos por ele, que assume e j\u00e1 disse seu sim. Sua disposi\u00e7\u00e3o de servir foi desde o primeiro momento, quando lhe foi perguntado se aceitava o episcopado, e ele se colocou a servi\u00e7o. Mostrou-se dispon\u00edvel, assim como j\u00e1 havia mostrado em sua vida passada, em seus diversos trabalhos, servi\u00e7os e miss\u00f5es aqui na Diocese de Petr\u00f3polis, onde tem uma presen\u00e7a muito marcante na vida de tantas pessoas.<\/p>\n<p style=\"text-align: justify;\">Agora, ele continua com esse sinal, servindo \u00e0 Igreja. Claro, com uma miss\u00e3o no Rio de Janeiro, mas sempre ligado de cora\u00e7\u00e3o \u00e0 sua querida Rem\u00e9dios, onde nasceu, e tamb\u00e9m a Petr\u00f3polis, onde caminhou e viveu sua vida de padre e todos os servi\u00e7os diocesanos e paroquiais.<\/p>\n<p style=\"text-align: justify;\">\u00c9 importante ver essa beleza da sucess\u00e3o apost\u00f3lica que vai acontecendo, e que Deus, ao mesmo tempo, vai se utilizando de pessoas para levar adiante a miss\u00e3o. Lembrando aquilo que ouvimos na segunda leitura: o an\u00fancio do querigma, o an\u00fancio do evangelho, a miss\u00e3o de evangelizar.<\/p>\n<p style=\"text-align: justify;\">Essa consci\u00eancia cada vez maior de que somos chamados a anunciar Jesus Cristo, nosso Senhor. Agora nos aproximamos da Semana Santa, para celebrar sua morte, sepultamento e ressurrei\u00e7\u00e3o \u2014 o cume do ano lit\u00fargico. Ele \u00e9 aquele que anunciamos, e essa \u00e9 a grande miss\u00e3o do episcopado: colocar-se a servi\u00e7o, servindo ao povo de Deus e anunciando a boa nova para todos, respondendo com generosidade: \u201cEis-me aqui, envia-me \u201c.<\/p>\n<p style=\"text-align: justify;\">Com Monsenhor Jos\u00e9 Maria Pereira foi exatamente isso: o Senhor o escolheu para essa miss\u00e3o. Agradecemos muito a Deus pela sua vida e miss\u00e3o. N\u00e3o faltar\u00e3o oportunidades de evangelizar, de anunciar o Evangelho, de colocar-se a servi\u00e7o.<\/p>\n<p style=\"text-align: justify;\">De certa forma, quando somos ordenados sacerdotes, sabemos que nossa vida j\u00e1 n\u00e3o nos pertence \u2014 ela pertence ao povo de Deus. E quando ordenados bispos, isso se acentua ainda mais. A vida n\u00e3o \u00e9 mais nossa, mas \u00e9 para servir ao povo, colocar-se a servi\u00e7o dia e noite, levar adiante a grande miss\u00e3o evangelizadora, levar a gra\u00e7a de Deus, celebrando os sacramentos e anunciando-os ao povo que tanto necessita.<\/p>\n<p style=\"text-align: justify;\">Por isso, nessa unidade com o Santo Padre, o Papa Francisco, e em comunh\u00e3o com todo o col\u00e9gio apost\u00f3lico, testemunhamos esse belo momento. Que possamos continuar ainda mais anunciando Jesus Cristo, agradecendo pela vitalidade da Igreja e pedindo a Deus para que aquele que foi escolhido nessa Igreja de Petr\u00f3polis, para o servi\u00e7o como bispo, possa continuar executando, vivenciando, celebrando e testemunhando aquele que deu a sua pr\u00f3pria vida: Jesus Cristo, nosso Senhor.<\/p>\n<p style=\"text-align: justify;\">Que ele se coloque a servi\u00e7o com alegria, generosidade e disponibilidade. \u00c9 uma alegria ter aqui sua querida m\u00e3e e seus familiares, testemunhas de toda a sua vida, desde o nascimento at\u00e9 hoje. Pedimos a Deus, que possamos enxergar com os olhos da f\u00e9 este momento em que o Santo Padre escolheu e chamou para o episcopado este nosso irm\u00e3o, e que agora o envia em nome do Senhor para servir a Igreja como bispo.<\/p>\n<p style=\"text-align: justify;\">Somos todos chamados, portanto, na alegria do querigma, do an\u00fancio da boa not\u00edcia, a ver essa como nossa grande miss\u00e3o \u2014 miss\u00e3o que ele tamb\u00e9m assumiu em sua vida, e para a qual ele viveu, vive e continuar\u00e1 vivendo em sua caminhada. Agradecemos a Deus por sua vida e pela miss\u00e3o que j\u00e1 desempenhou e ainda desempenhar\u00e1 entre n\u00f3s.<\/p>\n","protected":false},"excerpt":{"rendered":"<p>Catedral de S\u00e3o Pedro de Alc\u00e2ntara, Petr\u00f3polis, RJ, D12 de abril de 2025. Car\u00edssimos irm\u00e3os e irm\u00e3s, \u00e9 uma alegria muito grande ver essa beleza da vitalidade da Igreja na sucess\u00e3o apost\u00f3lica, na unidade com o Santo Padre, o amado Papa Francisco. Acabamos de ouvir justamente o decreto do N\u00fancio Apost\u00f3lico, falando da licen\u00e7a para [&hellip;]<\/p>\n","protected":false},"author":5,"featured_media":55819,"comment_status":"open","ping_status":"closed","sticky":false,"template":"","format":"standard","meta":{"footnotes":""},"categories":[9],"tags":[],"class_list":["post-94049","post","type-post","status-publish","format-standard","has-post-thumbnail","hentry","category-artigos"],"_links":{"self":[{"href":"https:\/\/catolicanet.net\/wp-cnet\/wp-json\/wp\/v2\/posts\/94049","targetHints":{"allow":["GET"]}}],"collection":[{"href":"https:\/\/catolicanet.net\/wp-cnet\/wp-json\/wp\/v2\/posts"}],"about":[{"href":"https:\/\/catolicanet.net\/wp-cnet\/wp-json\/wp\/v2\/types\/post"}],"author":[{"embeddable":true,"href":"https:\/\/catolicanet.net\/wp-cnet\/wp-json\/wp\/v2\/users\/5"}],"replies":[{"embeddable":true,"href":"https:\/\/catolicanet.net\/wp-cnet\/wp-json\/wp\/v2\/comments?post=94049"}],"version-history":[{"count":1,"href":"https:\/\/catolicanet.net\/wp-cnet\/wp-json\/wp\/v2\/posts\/94049\/revisions"}],"predecessor-version":[{"id":94051,"href":"https:\/\/catolicanet.net\/wp-cnet\/wp-json\/wp\/v2\/posts\/94049\/revisions\/94051"}],"wp:featuredmedia":[{"embeddable":true,"href":"https:\/\/catolicanet.net\/wp-cnet\/wp-json\/wp\/v2\/media\/55819"}],"wp:attachment":[{"href":"https:\/\/catolicanet.net\/wp-cnet\/wp-json\/wp\/v2\/media?parent=94049"}],"wp:term":[{"taxonomy":"category","embeddable":true,"href":"https:\/\/catolicanet.net\/wp-cnet\/wp-json\/wp\/v2\/categories?post=94049"},{"taxonomy":"post_tag","embeddable":true,"href":"https:\/\/catolicanet.net\/wp-cnet\/wp-json\/wp\/v2\/tags?post=94049"}],"curies":[{"name":"wp","href":"https:\/\/api.w.org\/{rel}","templated":true}]}}