{"id":94046,"date":"2025-04-12T10:11:49","date_gmt":"2025-04-12T13:11:49","guid":{"rendered":"https:\/\/catolicanet.net\/wp-cnet\/?p=94046"},"modified":"2025-04-14T11:14:08","modified_gmt":"2025-04-14T14:14:08","slug":"a-coleta-da-campanha-da-fraternidade-e-a-quaresma","status":"publish","type":"post","link":"https:\/\/catolicanet.net\/wp-cnet\/a-coleta-da-campanha-da-fraternidade-e-a-quaresma\/","title":{"rendered":"A Coleta da Campanha da Fraternidade e a Quaresma"},"content":{"rendered":"<p style=\"text-align: justify;\">A Quaresma \u00e9 um tempo lit\u00fargico que precede a P\u00e1scoa, marcado por ora\u00e7\u00e3o, jejum e penit\u00eancia. \u00c9 um per\u00edodo para reavaliar nossas atitudes, buscar uma transforma\u00e7\u00e3o interior e realinhar nossa caminhada com os ensinamentos de Cristo. Paralelamente, a Campanha da Fraternidade, uma feliz iniciativa da CNBB \u2013 Confer\u00eancia Nacional dos Bispos do Brasil \u2013 prop\u00f5e uma mobiliza\u00e7\u00e3o que vai al\u00e9m do ato individual da doa\u00e7\u00e3o, convidando a comunidade a viver a caridade e a justi\u00e7a social.<\/p>\n<p style=\"text-align: justify;\">Assim, no esp\u00edrito quaresmal, quando os fi\u00e9is se desafiam a renunciar ao ego e a abrir o cora\u00e7\u00e3o para o pr\u00f3ximo, a coleta lit\u00fargica torna-se um gesto concreto desse compromisso. Cada contribui\u00e7\u00e3o n\u00e3o apenas alimenta projetos sociais, mas tamb\u00e9m simboliza o ato de desprendimento e solidariedade, t\u00e3o valorizados nesse tempo de reflex\u00e3o e renova\u00e7\u00e3o.<\/p>\n<p style=\"text-align: justify;\">Na Quaresma, o chamado \u00e0 convers\u00e3o se manifesta no abandono de h\u00e1bitos que afastam nossa comunh\u00e3o com Deus e com nossos irm\u00e3os. Essa pr\u00e1tica de desapego \u00e9 refor\u00e7ada pela mensagem do Evangelho, onde Jesus nos ensina a colocar o amor e a justi\u00e7a acima dos bens materiais: <em>\u201cPorque onde estiver o vosso tesouro, a\u00ed estar\u00e1 tamb\u00e9m o vosso cora\u00e7\u00e3o.\u201d (Mateus 6,21)<\/em><\/p>\n<p style=\"text-align: justify;\">Ao realizar a coleta da Campanha da Fraternidade, o fiel coloca em pr\u00e1tica esse ensinamento, demonstrando que seu verdadeiro tesouro est\u00e1 no amor e na compaix\u00e3o. Durante esse per\u00edodo, a entrega de recursos se torna uma express\u00e3o viva do esp\u00edrito quaresmal, onde a ren\u00fancia e a partilha se convergem para transformar a realidade dos mais necessitados.<\/p>\n<p style=\"text-align: justify;\">A Quaresma convida cada pessoa a refletir sobre sua vida, reconhecendo as pr\u00f3prias fragilidades e a necessidade de mudan\u00e7a. Essa introspec\u00e7\u00e3o natural do tempo quaresmal dialoga com os ideais da Campanha da Fraternidade, que prop\u00f5e que a f\u00e9 n\u00e3o se limite \u00e0 palavra, mas se traduza em a\u00e7\u00f5es concretas de cuidado e solidariedade. Como ensina o ap\u00f3stolo Paulo: \u201c<em>N\u00e3o se amoldem ao padr\u00e3o deste mundo, mas transformem-se pela renova\u00e7\u00e3o da sua mente\u2026\u201d <\/em>(Romanos 12,2)<\/p>\n<p style=\"text-align: justify;\">Essa passagem refor\u00e7a que a transforma\u00e7\u00e3o pessoal \u00e9 o primeiro passo para criar uma comunidade mais justa e fraterna. Ao contribuir na coleta, os fi\u00e9is vivenciam a miss\u00e3o de serem luz no mundo, trazendo um pouco da renova\u00e7\u00e3o interior promovida pela Quaresma para as pr\u00e1ticas de apoio ao pr\u00f3ximo.<\/p>\n<p style=\"text-align: justify;\">Os recursos arrecadados na Campanha da Fraternidade s\u00e3o destinados a diversas iniciativas sociais que promovem educa\u00e7\u00e3o, sa\u00fade, inclus\u00e3o e apoio a comunidades vulner\u00e1veis. Em uma \u00e9poca como a Quaresma, onde a aten\u00e7\u00e3o volta-se para o que \u00e9 essencial e duradouro, os resultados pr\u00e1ticos dessas doa\u00e7\u00f5es ganham um significado ainda mais potente. Cada projeto apoiado \u00e9 uma prova de que a f\u00e9, quando acompanhada de a\u00e7\u00e3o, tem o poder de transformar o mundo e reconstituir os la\u00e7os de fraternidade que nos unem como irm\u00e3os e irm\u00e3s.<\/p>\n<p style=\"text-align: justify;\">Ao fazer o link entre a Quaresma e a Campanha da Fraternidade, somos lembrados de que o compromisso crist\u00e3o exige tanto uma transforma\u00e7\u00e3o interior quanto a a\u00e7\u00e3o pr\u00e1tica em prol do bem comum. A Quaresma nos desafia a renunciar ao que nos afasta de Deus e dos outros, e a Campanha da Fraternidade nos mostra que essa ren\u00fancia pode se converter em gestos concretos de amor e solidariedade.<\/p>\n<p style=\"text-align: justify;\">Convidamos toda a comunidade a refletir sobre o verdadeiro sentido de desapego e a pr\u00e1tica da partilha, permitindo que a luz do Evangelho ilumine nossas atitudes e fortale\u00e7a nossa miss\u00e3o de construir um mundo mais fraterno e justo.<\/p>\n","protected":false},"excerpt":{"rendered":"<p>A Quaresma \u00e9 um tempo lit\u00fargico que precede a P\u00e1scoa, marcado por ora\u00e7\u00e3o, jejum e penit\u00eancia. \u00c9 um per\u00edodo para reavaliar nossas atitudes, buscar uma transforma\u00e7\u00e3o interior e realinhar nossa caminhada com os ensinamentos de Cristo. Paralelamente, a Campanha da Fraternidade, uma feliz iniciativa da CNBB \u2013 Confer\u00eancia Nacional dos Bispos do Brasil \u2013 prop\u00f5e [&hellip;]<\/p>\n","protected":false},"author":53272,"featured_media":92837,"comment_status":"open","ping_status":"closed","sticky":false,"template":"","format":"standard","meta":{"footnotes":""},"categories":[9],"tags":[],"class_list":["post-94046","post","type-post","status-publish","format-standard","has-post-thumbnail","hentry","category-artigos"],"_links":{"self":[{"href":"https:\/\/catolicanet.net\/wp-cnet\/wp-json\/wp\/v2\/posts\/94046","targetHints":{"allow":["GET"]}}],"collection":[{"href":"https:\/\/catolicanet.net\/wp-cnet\/wp-json\/wp\/v2\/posts"}],"about":[{"href":"https:\/\/catolicanet.net\/wp-cnet\/wp-json\/wp\/v2\/types\/post"}],"author":[{"embeddable":true,"href":"https:\/\/catolicanet.net\/wp-cnet\/wp-json\/wp\/v2\/users\/53272"}],"replies":[{"embeddable":true,"href":"https:\/\/catolicanet.net\/wp-cnet\/wp-json\/wp\/v2\/comments?post=94046"}],"version-history":[{"count":1,"href":"https:\/\/catolicanet.net\/wp-cnet\/wp-json\/wp\/v2\/posts\/94046\/revisions"}],"predecessor-version":[{"id":94048,"href":"https:\/\/catolicanet.net\/wp-cnet\/wp-json\/wp\/v2\/posts\/94046\/revisions\/94048"}],"wp:featuredmedia":[{"embeddable":true,"href":"https:\/\/catolicanet.net\/wp-cnet\/wp-json\/wp\/v2\/media\/92837"}],"wp:attachment":[{"href":"https:\/\/catolicanet.net\/wp-cnet\/wp-json\/wp\/v2\/media?parent=94046"}],"wp:term":[{"taxonomy":"category","embeddable":true,"href":"https:\/\/catolicanet.net\/wp-cnet\/wp-json\/wp\/v2\/categories?post=94046"},{"taxonomy":"post_tag","embeddable":true,"href":"https:\/\/catolicanet.net\/wp-cnet\/wp-json\/wp\/v2\/tags?post=94046"}],"curies":[{"name":"wp","href":"https:\/\/api.w.org\/{rel}","templated":true}]}}