{"id":94043,"date":"2025-04-12T10:04:47","date_gmt":"2025-04-12T13:04:47","guid":{"rendered":"https:\/\/catolicanet.net\/wp-cnet\/?p=94043"},"modified":"2025-04-14T11:11:27","modified_gmt":"2025-04-14T14:11:27","slug":"hosana-ao-filho-de-davi-4","status":"publish","type":"post","link":"https:\/\/catolicanet.net\/wp-cnet\/hosana-ao-filho-de-davi-4\/","title":{"rendered":"Hosana ao Filho de Davi!"},"content":{"rendered":"<p style=\"text-align: justify;\">Queridos irm\u00e3os e irm\u00e3s em Cristo,<\/p>\n<p style=\"text-align: justify;\">Neste Domingo de Ramos, damos in\u00edcio \u00e0 Semana Santa, o tempo em que relembramos os momentos cruciais da vida, da paix\u00e3o e da ressurrei\u00e7\u00e3o de nosso Senhor. Hoje, a liturgia nos convida a acompanhar Jesus em sua entrada triunfal em Jerusal\u00e9m, um epis\u00f3dio que, apesar de ser marcado por aclama\u00e7\u00f5es de <em>\u201cHosana!\u201d<\/em>, prenuncia o mist\u00e9rio da cruz. Assim, somos chamados a meditar sobre a profundidade do amor de Deus e a complexidade do cora\u00e7\u00e3o humano diante do mist\u00e9rio salvador.<\/p>\n<p style=\"text-align: justify;\">No evangelho de Jo\u00e3o, somos apresentados a esta cena com as palavras: <em>\u201cChegou \u00e0 multid\u00e3o que ia a Jerusal\u00e9m, aclamando: \u2018Hosana! Bendito o que vem em nome do Senhor, o Rei de Israel!\u201d <\/em>(Jo\u00e3o 12,12-13)<\/p>\n<p style=\"text-align: justify;\">Essas palavras n\u00e3o apenas narram um evento hist\u00f3rico, mas nos desafiam a compreender o significado da aclama\u00e7\u00e3o e da esperan\u00e7a que se mistura com o an\u00fancio de reden\u00e7\u00e3o.<\/p>\n<p style=\"text-align: justify;\">Os ramos que hoje carregamos transcendem o mero simbolismo floral. Eles s\u00e3o emblemas da vida que se renova, da esperan\u00e7a plantada por cada um que anseia por transforma\u00e7\u00e3o. Lembramos das antigas tradi\u00e7\u00f5es que celebravam a chegada da primavera, momento de renova\u00e7\u00e3o na natureza, e encontramos nela a mesma mensagem que Cristo nos traz: o convite \u00e0 renova\u00e7\u00e3o espiritual.<\/p>\n<p style=\"text-align: justify;\">Ao brandir os ramos e clamar \u201c<em>Hosana<\/em>!\u201d, a multid\u00e3o manifesta a cren\u00e7a de que a vinda de Jesus inaugura uma nova era de salva\u00e7\u00e3o. Essa express\u00e3o de j\u00fabilo carrega, em si, a promessa de que, assim como as folhas se renovam, nossos cora\u00e7\u00f5es tamb\u00e9m podem ser regenerados pela gra\u00e7a divina. Em momentos de ora\u00e7\u00e3o, ecoa o clamor do salmista: <em>\u201cRenova-me, \u00f3 Deus, um esp\u00edrito reto dentro de mim.\u201d<\/em> (Salmo 51,12)<\/p>\n<p style=\"text-align: justify;\">Esse apelo \u00e0 renova\u00e7\u00e3o \u00e9 um lembrete de que nossa caminhada crist\u00e3 exige abertura para a mudan\u00e7a, permitindo que a presen\u00e7a de Cristo transforme nossas fragilidades em instrumentos de amor e miseric\u00f3rdia.<\/p>\n<p style=\"text-align: justify;\">A entrada de Jesus em Jerusal\u00e9m \u00e9, \u00e0 primeira vista, um momento de vit\u00f3ria e aclama\u00e7\u00e3o. Contudo, o evangelho nos alerta para a complexidade deste evento, que cont\u00e9m em si a semente de uma futura trag\u00e9dia. Em Jo\u00e3o 12,19, vemos que, embora a multid\u00e3o o celebrasse, tamb\u00e9m havia incerteza e questionamento: \u201c<em>Disseram, pois, uns aos outros: Quem \u00e9 este que vem?<\/em>\u201d (Jo\u00e3o 12,19)<\/p>\n<p style=\"text-align: justify;\">Esse vers\u00edculo revela que, por tr\u00e1s do entusiasmo inicial, havia d\u00favidas, uma hesita\u00e7\u00e3o que prenunciava a rejei\u00e7\u00e3o iminente. Essa contradi\u00e7\u00e3o \u00e9 um retrato fiel da condi\u00e7\u00e3o humana: tendemos a celebrar os momentos de esperan\u00e7a e, em seguida, nos permitir ser dominados pelo medo e pela d\u00favida quando o mist\u00e9rio se adensa. Assim, o Domingo de Ramos \u00e9 um convite para que cada um de n\u00f3s examine o pr\u00f3prio cora\u00e7\u00e3o. Somos convidados a refletir: Ser\u00e1 que, ao aclamar o nome do Senhor, realmente estamos dispostos a reconhecer e abra\u00e7ar a totalidade de Sua miss\u00e3o, mesmo quando ela nos leva pelos caminhos aparentemente \u00e1rduos da cruz?<\/p>\n<p style=\"text-align: justify;\">Ao meditar sobre este dia, somos chamados a olhar para dentro de n\u00f3s e a reconhecer as nossas fragilidades. A jornada de f\u00e9 que iniciamos hoje n\u00e3o se resume \u00e0 euforia da aclama\u00e7\u00e3o, mas se confirma na profunda transforma\u00e7\u00e3o interna que acompanha a verdadeira convers\u00e3o. O ap\u00f3stolo Paulo nos adverte em sua carta aos Romanos: <em>\u201cN\u00e3o se amoldem ao padr\u00e3o deste mundo, mas transformem-se pela renova\u00e7\u00e3o da sua mente, para que possam experimentar e comprovar a boa, agrad\u00e1vel e perfeita vontade de Deus.\u201d <\/em>(Romanos 12,2)<\/p>\n<p style=\"text-align: justify;\">Essa passagem nos desafia a abandonar os moldes do conformismo e a permitir que a luz de Cristo ilumine e transforme nossas perspectivas. Assim como os ramos, que passam por um processo de renova\u00e7\u00e3o e se tornam s\u00edmbolos de vida, n\u00f3s tamb\u00e9m somos chamados a deixar para tr\u00e1s h\u00e1bitos e atitudes que afastam nossa comunh\u00e3o com Deus. Convidados \u00e0 convers\u00e3o, precisamos reconhecer que a verdadeira aclama\u00e7\u00e3o ao Senhor se manifesta n\u00e3o apenas em momentos de j\u00fabilo, mas sobretudo na coragem de enfrentar nossas limita\u00e7\u00f5es e de abrir espa\u00e7o para a gra\u00e7a transformadora.<\/p>\n<p style=\"text-align: justify;\">Ao entrarmos neste tempo sagrado, somos convidados a acompanhar Cristo em todas as fases de sua jornada: a entrada em Jerusal\u00e9m, a paix\u00e3o e, por fim, a ressurrei\u00e7\u00e3o que renova a esperan\u00e7a de toda a humanidade. Este \u00e9 um tempo de contradi\u00e7\u00f5es, em que o j\u00fabilo dos ramos se mistura \u00e0 dor da cruz. \u00c9 precisamente nessa tens\u00e3o que se revela a profundidade do mist\u00e9rio crist\u00e3o: a vit\u00f3ria do amor sobre a dor, a luz sobre as trevas.<\/p>\n<p style=\"text-align: justify;\">Devemos, portanto, encarar o Domingo de Ramos como o primeiro passo de um caminho que nos desafia a sermos verdadeiros disc\u00edpulos, prontos para acolher tanto os momentos de aclama\u00e7\u00e3o quanto aqueles de profunda introspec\u00e7\u00e3o e transforma\u00e7\u00e3o. Que possamos encontrar no exemplo de Jesus \u2014 o rei humilde que escolheu a simplicidade e a entrega total \u2014 a inspira\u00e7\u00e3o para viver uma f\u00e9 aut\u00eantica, que se manifesta na coragem de enfrentar o desconhecido e na certeza de que, mesmo na adversidade, a gra\u00e7a de Deus nos acompanha.<\/p>\n<p style=\"text-align: justify;\">Ao concluirmos esta reflex\u00e3o, convido cada um de voc\u00eas a internalizar o simbolismo dos ramos e a aclama\u00e7\u00e3o de \u201cHosana!\u201d como um chamado \u00e0 renova\u00e7\u00e3o e \u00e0 convers\u00e3o cont\u00ednua. Que este Domingo de Ramos n\u00e3o seja apenas um dia de festa, mas o in\u00edcio de uma jornada profunda de transforma\u00e7\u00e3o interior. Que as palavras do evangelho e dos salmos nos acompanhem e fortale\u00e7am, lembrando-nos que, no cora\u00e7\u00e3o da escurid\u00e3o, a luz de Cristo sempre prevalece.<\/p>\n<p style=\"text-align: justify;\">Que a celebra\u00e7\u00e3o de hoje nos motive a deixar que o Esp\u00edrito Santo renove nossas mentes e fortale\u00e7a nossas almas, para que possamos viver a verdade do evangelho com fidelidade e amor, anunciando em nossas vidas que o Senhor \u00e9 o rei que, mesmo vindo em simplicidade, nos conduz \u00e0 vit\u00f3ria definitiva da ressurrei\u00e7\u00e3o. Am\u00e9m.<\/p>\n","protected":false},"excerpt":{"rendered":"<p>Queridos irm\u00e3os e irm\u00e3s em Cristo, Neste Domingo de Ramos, damos in\u00edcio \u00e0 Semana Santa, o tempo em que relembramos os momentos cruciais da vida, da paix\u00e3o e da ressurrei\u00e7\u00e3o de nosso Senhor. Hoje, a liturgia nos convida a acompanhar Jesus em sua entrada triunfal em Jerusal\u00e9m, um epis\u00f3dio que, apesar de ser marcado por [&hellip;]<\/p>\n","protected":false},"author":5,"featured_media":92837,"comment_status":"open","ping_status":"closed","sticky":false,"template":"","format":"standard","meta":{"footnotes":""},"categories":[9],"tags":[],"class_list":["post-94043","post","type-post","status-publish","format-standard","has-post-thumbnail","hentry","category-artigos"],"_links":{"self":[{"href":"https:\/\/catolicanet.net\/wp-cnet\/wp-json\/wp\/v2\/posts\/94043","targetHints":{"allow":["GET"]}}],"collection":[{"href":"https:\/\/catolicanet.net\/wp-cnet\/wp-json\/wp\/v2\/posts"}],"about":[{"href":"https:\/\/catolicanet.net\/wp-cnet\/wp-json\/wp\/v2\/types\/post"}],"author":[{"embeddable":true,"href":"https:\/\/catolicanet.net\/wp-cnet\/wp-json\/wp\/v2\/users\/5"}],"replies":[{"embeddable":true,"href":"https:\/\/catolicanet.net\/wp-cnet\/wp-json\/wp\/v2\/comments?post=94043"}],"version-history":[{"count":1,"href":"https:\/\/catolicanet.net\/wp-cnet\/wp-json\/wp\/v2\/posts\/94043\/revisions"}],"predecessor-version":[{"id":94045,"href":"https:\/\/catolicanet.net\/wp-cnet\/wp-json\/wp\/v2\/posts\/94043\/revisions\/94045"}],"wp:featuredmedia":[{"embeddable":true,"href":"https:\/\/catolicanet.net\/wp-cnet\/wp-json\/wp\/v2\/media\/92837"}],"wp:attachment":[{"href":"https:\/\/catolicanet.net\/wp-cnet\/wp-json\/wp\/v2\/media?parent=94043"}],"wp:term":[{"taxonomy":"category","embeddable":true,"href":"https:\/\/catolicanet.net\/wp-cnet\/wp-json\/wp\/v2\/categories?post=94043"},{"taxonomy":"post_tag","embeddable":true,"href":"https:\/\/catolicanet.net\/wp-cnet\/wp-json\/wp\/v2\/tags?post=94043"}],"curies":[{"name":"wp","href":"https:\/\/api.w.org\/{rel}","templated":true}]}}