{"id":93959,"date":"2025-04-09T09:37:20","date_gmt":"2025-04-09T12:37:20","guid":{"rendered":"https:\/\/catolicanet.net\/wp-cnet\/?p=93959"},"modified":"2025-04-09T10:43:37","modified_gmt":"2025-04-09T13:43:37","slug":"francisco-diante-das-dificuldades-do-mundo-perseveremos-na-oracao","status":"publish","type":"post","link":"https:\/\/catolicanet.net\/wp-cnet\/francisco-diante-das-dificuldades-do-mundo-perseveremos-na-oracao\/","title":{"rendered":"Francisco: diante das dificuldades do mundo, perseveremos na ora\u00e7\u00e3o"},"content":{"rendered":"<figure class=\"article__image\" style=\"text-align: justify;\"><span class=\"didascalia_img\">Ponto de informa\u00e7\u00e3o para os peregrinos do Jubileu na Piazza Pia, Roma\u00a0 (ANSA)<\/span><\/figure>\n<div class=\"article__meta audioInside\" data-mediatype=\"\">\n<div class=\"article__subTitle\" style=\"text-align: justify;\">Sauda\u00e7\u00e3o do Papa aos peregrinos das Dioceses de Grosseto e Pitigliano-Sovana-Orbetello, em Roma, para viver o Jubileu: &#8220;Que a passagem pela Porta Santa renove a todos na f\u00e9, para que possamos caminhar juntos, pastor e rebanho&#8221;.<\/div>\n<div class=\"title__separator\" style=\"text-align: justify;\"><\/div>\n<div class=\"article__text\">\n<p style=\"text-align: justify;\"><b>Vatican News<\/b><\/p>\n<p style=\"text-align: justify;\">O Papa Francisco sa\u00fada, atrav\u00e9s de uma mensagem, os peregrinos das Dioceses italianas de Grosseto e Pitigliano-Sovana-Orbetello que est\u00e3o em Roma para o Jubileu, acompanhados por dom Bernardino Giordano.<\/p>\n<div style=\"text-align: justify;\">\n<div class=\"article__embed article__embed--unwrap article__embed--dark\">\n<div class=\"article__innerTitle\">Ou\u00e7a e compartilhe<\/div>\n<div>\n<!--[if lt IE 9]><script>document.createElement('audio');<\/script><![endif]-->\n<audio class=\"wp-audio-shortcode\" id=\"audio-93959-1\" preload=\"none\" style=\"width: 100%;\" controls=\"controls\"><source type=\"audio\/mpeg\" src=\"https:\/\/media.vaticannews.va\/media\/audio\/s1\/2025\/04\/09\/12\/138618400_F138618400.mp3?_=1\" \/><a href=\"https:\/\/media.vaticannews.va\/media\/audio\/s1\/2025\/04\/09\/12\/138618400_F138618400.mp3\">https:\/\/media.vaticannews.va\/media\/audio\/s1\/2025\/04\/09\/12\/138618400_F138618400.mp3<\/a><\/audio>\n<\/div>\n<\/div>\n<\/div>\n<p style=\"text-align: justify;\">No texto divulgado nesta quarta-feira (09\/04), o Papa faz votos de &#8220;que a passagem pela Porta Santa renove a todos na f\u00e9, para que possamos caminhar juntos, pastor e rebanho&#8221;.<\/p>\n<p style=\"text-align: justify;\">O Santo Padre recorda em particular os doentes e os idosos: &#8220;Vivamos este tempo de prova\u00e7\u00e3o contemplando o Senhor Jesus na cruz, fonte de consola\u00e7\u00e3o e de salva\u00e7\u00e3o.&#8221;<\/p>\n<p style=\"text-align: justify;\">&#8220;Diante das dificuldades que vemos no mundo e sentimos no cora\u00e7\u00e3o, recomendo que perseverem na ora\u00e7\u00e3o, testemunhando a cada dia aquela esperan\u00e7a que faz de n\u00f3s o sal da terra&#8221;, escreve o Papa.<\/p>\n<p style=\"text-align: justify;\">Francisco confia os peregrinos \u00e0 intercess\u00e3o de Nossa Senhora e dos Santos Padroeiros dessas dioceses e os aben\u00e7oa de cora\u00e7\u00e3o. Pede a todos que n\u00e3o se esque\u00e7am de rezar por ele.<\/p>\n<\/div>\n<\/div>\n","protected":false},"excerpt":{"rendered":"<p>Ponto de informa\u00e7\u00e3o para os peregrinos do Jubileu na Piazza Pia, Roma\u00a0 (ANSA) Sauda\u00e7\u00e3o do Papa aos peregrinos das Dioceses de Grosseto e Pitigliano-Sovana-Orbetello, em Roma, para viver o Jubileu: &#8220;Que a passagem pela Porta Santa renove a todos na f\u00e9, para que possamos caminhar juntos, pastor e rebanho&#8221;. Vatican News O Papa Francisco sa\u00fada, [&hellip;]<\/p>\n","protected":false},"author":1,"featured_media":93960,"comment_status":"open","ping_status":"closed","sticky":false,"template":"","format":"standard","meta":{"footnotes":""},"categories":[3],"tags":[],"class_list":["post-93959","post","type-post","status-publish","format-standard","has-post-thumbnail","hentry","category-vaticano"],"_links":{"self":[{"href":"https:\/\/catolicanet.net\/wp-cnet\/wp-json\/wp\/v2\/posts\/93959","targetHints":{"allow":["GET"]}}],"collection":[{"href":"https:\/\/catolicanet.net\/wp-cnet\/wp-json\/wp\/v2\/posts"}],"about":[{"href":"https:\/\/catolicanet.net\/wp-cnet\/wp-json\/wp\/v2\/types\/post"}],"author":[{"embeddable":true,"href":"https:\/\/catolicanet.net\/wp-cnet\/wp-json\/wp\/v2\/users\/1"}],"replies":[{"embeddable":true,"href":"https:\/\/catolicanet.net\/wp-cnet\/wp-json\/wp\/v2\/comments?post=93959"}],"version-history":[{"count":2,"href":"https:\/\/catolicanet.net\/wp-cnet\/wp-json\/wp\/v2\/posts\/93959\/revisions"}],"predecessor-version":[{"id":93963,"href":"https:\/\/catolicanet.net\/wp-cnet\/wp-json\/wp\/v2\/posts\/93959\/revisions\/93963"}],"wp:featuredmedia":[{"embeddable":true,"href":"https:\/\/catolicanet.net\/wp-cnet\/wp-json\/wp\/v2\/media\/93960"}],"wp:attachment":[{"href":"https:\/\/catolicanet.net\/wp-cnet\/wp-json\/wp\/v2\/media?parent=93959"}],"wp:term":[{"taxonomy":"category","embeddable":true,"href":"https:\/\/catolicanet.net\/wp-cnet\/wp-json\/wp\/v2\/categories?post=93959"},{"taxonomy":"post_tag","embeddable":true,"href":"https:\/\/catolicanet.net\/wp-cnet\/wp-json\/wp\/v2\/tags?post=93959"}],"curies":[{"name":"wp","href":"https:\/\/api.w.org\/{rel}","templated":true}]}}