{"id":93920,"date":"2025-04-08T09:49:43","date_gmt":"2025-04-08T12:49:43","guid":{"rendered":"https:\/\/catolicanet.net\/wp-cnet\/?p=93920"},"modified":"2025-04-08T12:50:51","modified_gmt":"2025-04-08T15:50:51","slug":"exame-de-consciencia-e-confissao-oportunidade-de-vivenciar-a-misericordia-de-deus-na-ultima-semana-da-quaresma","status":"publish","type":"post","link":"https:\/\/catolicanet.net\/wp-cnet\/exame-de-consciencia-e-confissao-oportunidade-de-vivenciar-a-misericordia-de-deus-na-ultima-semana-da-quaresma\/","title":{"rendered":"Exame de consci\u00eancia e confiss\u00e3o: oportunidade de vivenciar a miseric\u00f3rdia de Deus na \u00faltima semana da Quaresma"},"content":{"rendered":"<p style=\"text-align: justify;\">A Igreja vivencia a 5\u00aa Semana da Quaresma motivada a um exerc\u00edcio de convers\u00e3o rumo \u00e0 P\u00e1scoa, \u201ccom um cora\u00e7\u00e3o aberto \u00e0 miseric\u00f3rdia, \u00e0 transforma\u00e7\u00e3o e ao amor que restaura\u201d. \u00c9 o que prop\u00f5e o bispo de Frederico Westphalen (RS), dom Antonio Carlos Rossi Keller, em artigo publicado no Portal da CNBB sobre a Liturgia do \u00faltimo domingo. O exame de consci\u00eancia para uma boa confiss\u00e3o pode ser uma forma de concretizar essa indica\u00e7\u00e3o contida na liturgia.<\/p>\n<p style=\"text-align: justify;\">Em seu\u00a0<a href=\"https:\/\/www.cnbb.org.br\/um-chamado-a-misericordia-e-a-transformacao\/\">artigo<\/a>, dom Antonio Carlos indica tr\u00eas pontos para vivenciar a mensagem do Evangelho de domingo: examinar a vida, refletir sobre a pr\u00e1tica do perd\u00e3o e organizar-se para a confiss\u00e3o. \u201cAssim, o 5\u00ba Domingo da Quaresma nos prepara para a P\u00e1scoa com um cora\u00e7\u00e3o aberto \u00e0 miseric\u00f3rdia, \u00e0 transforma\u00e7\u00e3o e ao amor que restaura\u201d, afirma o bispo.<\/p>\n<h3 style=\"text-align: justify;\">Exame de consci\u00eancia<\/h3>\n<p style=\"text-align: justify;\">O Sacramento da Penit\u00eancia \u00e9 ocasi\u00e3o especial no tempo quaresmal, por ser oportunidade de experimentar a miseric\u00f3rdia de Deus, que perdoa os pecados. Em 2015, no in\u00edcio da Quaresma daquele ano, o Papa Francisco ofereceu aos fi\u00e9is reunidos na Pra\u00e7a S\u00e3o Pedro um livro com ensinamentos de Jesus e conte\u00fados essenciais da f\u00e9 Cat\u00f3lica, chamado \u201cGuarde o cora\u00e7\u00e3o\u201d. O material continha 30 perguntas para um bom exame de consci\u00eancia.<\/p>\n<p style=\"text-align: justify;\">Segundo Francisco a oferta do material tinha o objetivo de ajudar \u201cpara a convers\u00e3o e o crescimento espiritual, que parte sempre do cora\u00e7\u00e3o: ali onde se disputa o jogo das escolhas di\u00e1rias entre o bem e o mal, entre mundanidade e Evangelho, entre indiferen\u00e7a e partilha\u201d.<\/p>\n<p style=\"text-align: justify;\">Confira as 30 perguntas que v\u00e3o ajudar no exame de consci\u00eancia, divididas na rela\u00e7\u00e3o com Deus, na rela\u00e7\u00e3o com o pr\u00f3ximo e em rela\u00e7\u00e3o a si mesmo:<\/p>\n<h4 style=\"text-align: justify;\">Em rela\u00e7\u00e3o a Deus<\/h4>\n<ul style=\"text-align: justify;\">\n<li>Dirijo-me a Deus somente em caso de necessidade?<\/li>\n<li>Participo na Missa dominical e nos dias de preceito?<\/li>\n<li>Come\u00e7o e termino o meu dia com a ora\u00e7\u00e3o?<\/li>\n<li>Invoquei em v\u00e3o o nome de Deus, de Maria e dos Santos?<\/li>\n<li>Envergonho-me de me apresentar como crist\u00e3o?<\/li>\n<li>O que fa\u00e7o para crescer espiritualmente, como e quando o fa\u00e7o?<\/li>\n<li>Revolto-me diante dos des\u00edgnios de Deus?<\/li>\n<li>Pretendo que seja Ele a cumprir a minha vontade?<\/li>\n<\/ul>\n<h4 style=\"text-align: justify;\">Em rela\u00e7\u00e3o ao pr\u00f3ximo<\/h4>\n<ul style=\"text-align: justify;\">\n<li>Sei perdoar, partilhar, ajudar o pr\u00f3ximo?<\/li>\n<li>Julgo sem piedade, tanto em pensamento quando com palavras?<\/li>\n<li>Caluniei, roubei, desprezei os pequenos e indefesos?<\/li>\n<li>Sou invejoso, col\u00e9rico, parcial?<\/li>\n<li>Tomo conta dos pobres e dos doentes?<\/li>\n<li>Envergonho-me da carne do meu irm\u00e3o ou da minha irm\u00e3?<\/li>\n<li>Sou honesto e justo com todos ou alimento a \u201ccultura do descart\u00e1vel\u201d?<\/li>\n<li>Instiguei os outros a fazer o mal?<\/li>\n<li>Observo a moral conjugal e familiar que o Evangelho ensina?<\/li>\n<li>Como vivo as responsabilidades educativas para com os meus filhos?<\/li>\n<li>Honro e respeito os meus pais?<\/li>\n<li>Rejeitei a vida ap\u00f3s a concep\u00e7\u00e3o?<\/li>\n<li>Desperdicei o dom da vida?\u00a0Ajudei a faz\u00ea-lo?<\/li>\n<li>Respeito o ambiente?<\/li>\n<\/ul>\n<h4 style=\"text-align: justify;\">Em rela\u00e7\u00e3o a mim mesmo<\/h4>\n<ul style=\"text-align: justify;\">\n<li>Sou um pouco mundano e pouco crente?<\/li>\n<li>Exagero em comer, beber, fumar e divertir-me?<\/li>\n<li>Preocupo-me em excesso com a sa\u00fade f\u00edsica, com os meus bens?<\/li>\n<li>Como uso o meu tempo?<\/li>\n<li>Sou pregui\u00e7oso?\u00a0Procuro ser servido?<\/li>\n<li>Amo e cultivo a pureza de cora\u00e7\u00e3o, de pensamentos e de a\u00e7\u00f5es?<\/li>\n<li>Nutro vingan\u00e7as, alimento rancores?<\/li>\n<li>Sou manso, humilde, construtor de paz?<\/li>\n<\/ul>\n<pre>Por Luiz Lopes Jr<\/pre>\n","protected":false},"excerpt":{"rendered":"<p>A Igreja vivencia a 5\u00aa Semana da Quaresma motivada a um exerc\u00edcio de convers\u00e3o rumo \u00e0 P\u00e1scoa, \u201ccom um cora\u00e7\u00e3o aberto \u00e0 miseric\u00f3rdia, \u00e0 transforma\u00e7\u00e3o e ao amor que restaura\u201d. \u00c9 o que prop\u00f5e o bispo de Frederico Westphalen (RS), dom Antonio Carlos Rossi Keller, em artigo publicado no Portal da CNBB sobre a Liturgia [&hellip;]<\/p>\n","protected":false},"author":1,"featured_media":93921,"comment_status":"open","ping_status":"closed","sticky":false,"template":"","format":"standard","meta":{"footnotes":""},"categories":[7,13],"tags":[],"class_list":["post-93920","post","type-post","status-publish","format-standard","has-post-thumbnail","hentry","category-cnbb","category-featured"],"_links":{"self":[{"href":"https:\/\/catolicanet.net\/wp-cnet\/wp-json\/wp\/v2\/posts\/93920","targetHints":{"allow":["GET"]}}],"collection":[{"href":"https:\/\/catolicanet.net\/wp-cnet\/wp-json\/wp\/v2\/posts"}],"about":[{"href":"https:\/\/catolicanet.net\/wp-cnet\/wp-json\/wp\/v2\/types\/post"}],"author":[{"embeddable":true,"href":"https:\/\/catolicanet.net\/wp-cnet\/wp-json\/wp\/v2\/users\/1"}],"replies":[{"embeddable":true,"href":"https:\/\/catolicanet.net\/wp-cnet\/wp-json\/wp\/v2\/comments?post=93920"}],"version-history":[{"count":1,"href":"https:\/\/catolicanet.net\/wp-cnet\/wp-json\/wp\/v2\/posts\/93920\/revisions"}],"predecessor-version":[{"id":93923,"href":"https:\/\/catolicanet.net\/wp-cnet\/wp-json\/wp\/v2\/posts\/93920\/revisions\/93923"}],"wp:featuredmedia":[{"embeddable":true,"href":"https:\/\/catolicanet.net\/wp-cnet\/wp-json\/wp\/v2\/media\/93921"}],"wp:attachment":[{"href":"https:\/\/catolicanet.net\/wp-cnet\/wp-json\/wp\/v2\/media?parent=93920"}],"wp:term":[{"taxonomy":"category","embeddable":true,"href":"https:\/\/catolicanet.net\/wp-cnet\/wp-json\/wp\/v2\/categories?post=93920"},{"taxonomy":"post_tag","embeddable":true,"href":"https:\/\/catolicanet.net\/wp-cnet\/wp-json\/wp\/v2\/tags?post=93920"}],"curies":[{"name":"wp","href":"https:\/\/api.w.org\/{rel}","templated":true}]}}