{"id":93859,"date":"2025-04-04T10:46:39","date_gmt":"2025-04-04T13:46:39","guid":{"rendered":"https:\/\/catolicanet.net\/wp-cnet\/?p=93859"},"modified":"2025-04-04T16:47:33","modified_gmt":"2025-04-04T19:47:33","slug":"pontificio-colegio-pio-brasileiro-em-roma-celebra-91-anos-de-incentivo-a-formacao-permanente","status":"publish","type":"post","link":"https:\/\/catolicanet.net\/wp-cnet\/pontificio-colegio-pio-brasileiro-em-roma-celebra-91-anos-de-incentivo-a-formacao-permanente\/","title":{"rendered":"Pontif\u00edcio Col\u00e9gio Pio Brasileiro, em Roma, celebra 91 anos de incentivo \u00e0 forma\u00e7\u00e3o permanente"},"content":{"rendered":"<p style=\"text-align: justify;\"><span data-contrast=\"auto\">Na quinta-feira, 3 de abril, o \u202fPontif\u00edcio Col\u00e9gio Pio Brasileiro\u202f completou\u202f 91 anos \u202fde hist\u00f3ria, marcados por uma trajet\u00f3ria de dedica\u00e7\u00e3o \u00e0 forma\u00e7\u00e3o intelectual, espiritual e pastoral de presb\u00edteros brasileiros e cabo-verdianos. A data foi celebrada com uma\u202f Santa Missa\u202f presidida pelo\u202f\u00a0 Diretor de Estudos, padre Antonio Marcos Depizzoli, e concelebrada pelo\u202f reitor, padre Valdir C\u00e2ndido de Morais, pelo\u202fdiretor espiritual, dom Armando Bucciol, pelo \u202fc\u00f4nego Leandro C\u00e2mara, representante dos padres residentes, e pelo\u202fpadre Emerson Lipinski, que tamb\u00e9m comemorou seus\u202f 20 anos de ordena\u00e7\u00e3o presbiteral. Tamb\u00e9m\u00a0<\/span><span data-contrast=\"auto\">concelebraram todos os padres residentes no Pontif\u00edcio Col\u00e9gio.<\/span><span data-ccp-props=\"{}\">\u00a0<\/span><\/p>\n<h3 style=\"text-align: justify;\">Homilia destaca legado de forma\u00e7\u00e3o e gratid\u00e3o<\/h3>\n<p style=\"text-align: justify;\"><span data-contrast=\"auto\">Em sua homilia, o\u202f padre Depizzoli\u202f destacou a import\u00e2ncia do Pio Brasileiro na forma\u00e7\u00e3o de sacerdotes que contribuem para a Igreja no Brasil. Ele relembrou sua pr\u00f3pria conex\u00e3o com o Col\u00e9gio desde os tempos de semin\u00e1rio, ressaltando como os padres formados em Roma levaram conhecimento e experi\u00eancia \u00e0s Dioceses brasileiras.<\/span><span data-ccp-props=\"{}\">\u00a0<\/span><\/p>\n<blockquote><p><i><span data-contrast=\"auto\">\u201cO Pio participou da minha forma\u00e7\u00e3o inicial e continua presente no meu percurso de forma\u00e7\u00e3o permanente. Todos n\u00f3s temos algo a partilhar, reconhecendo o quanto h\u00e1 de Pio na nossa realidade pessoal e eclesial\u201d<\/span><\/i><span data-contrast=\"auto\">, afirmou.<\/span><span data-ccp-props=\"{&quot;335559731&quot;:0}\">\u00a0<\/span><\/p><\/blockquote>\n<p style=\"text-align: justify;\"><span data-contrast=\"auto\">Em sintonia com o\u202ftempo quaresmal, ele exortou os presentes a viverem a\u202fconvers\u00e3o como alegria na miss\u00e3o, seguindo o exemplo de\u202f Mois\u00e9s e do Salmista, e a serem\u202ftestemunhas de Cristo no mundo. A celebra\u00e7\u00e3o foi tamb\u00e9m um momento de\u202fa\u00e7\u00e3o de gra\u00e7as\u202f pela fidelidade de Deus ao longo dos 91 anos do Col\u00e9gio e pela vida sacerdotal do\u202f padre Lipinski.<\/span><span data-ccp-props=\"{}\">\u00a0<\/span><\/p>\n<h3 style=\"text-align: justify;\">Gratid\u00e3o e compromisso com a forma\u00e7\u00e3o integral<\/h3>\n<p style=\"text-align: justify;\"><span data-contrast=\"auto\">No final da celebra\u00e7\u00e3o, o\u202f c\u00f4nego Leandro C\u00e2mara, representante dos padres residentes, proferiu um discurso de agradecimento, destacando o Pio Brasileiro como um \u202fespa\u00e7o de comunh\u00e3o e forma\u00e7\u00e3o permanente.<\/span><span data-ccp-props=\"{}\">\u00a0<\/span><\/p>\n<blockquote><p><i><span data-contrast=\"auto\">\u201cAqui, alimentamo-nos n\u00e3o apenas do estudo, mas da ora\u00e7\u00e3o, da fraternidade e do testemunho m\u00fatuo. Esta casa nos fortalece para servir com sabedoria e humildade\u201d<\/span><\/i><span data-contrast=\"auto\">, disse.<\/span><span data-ccp-props=\"{&quot;335559731&quot;:0}\">\u00a0<\/span><\/p><\/blockquote>\n<p style=\"text-align: justify;\"><span data-contrast=\"auto\">Ele agradeceu aos\u202f bispos, \u00e0 CNBB, \u00e0 dire\u00e7\u00e3o do Col\u00e9gio, \u00e0s consagradas da Obra de Maria e aos funcion\u00e1rios\u202f pelo apoio cont\u00ednuo. Por fim, confiou o futuro do Pio Brasileiro \u00e0\u202f Nossa Senhora Aparecida, pedindo que continue a formar\u202fsacerdotes santos e s\u00e1bios.<\/span><span data-ccp-props=\"{}\">\u00a0<\/span><\/p>\n<h3 style=\"text-align: justify;\">O Pio Brasileiro<\/h3>\n<p style=\"text-align: justify;\"><span data-contrast=\"auto\">Fundado em\u202f3 de abril de 1934, o\u202f Pontif\u00edcio Col\u00e9gio Pio Brasileiro\u202ffoi inaugurado pelo\u202f Cardeal Sebasti\u00e3o Leme, com o objetivo de acolher seminaristas e padres brasileiros em Roma para estudos nas universidades pontif\u00edcias. Localizado na\u202f Via Aurelia, 527, o Col\u00e9gio j\u00e1 formou centenas de sacerdotes, muitos dos quais se tornaram\u202fbispos, te\u00f3logos, fil\u00f3sofos, exegetas e l\u00edderes eclesiais.<\/span><span data-ccp-props=\"{}\">\u00a0<\/span><\/p>\n<p style=\"text-align: justify;\"><span data-contrast=\"auto\">Ao longo de suas nove d\u00e9cadas, o Pio Brasileiro consolidou-se como um\u202fcentro de excel\u00eancia acad\u00eamica e espiritual, contribuindo para o fortalecimento da Igreja no Brasil e em Cabo Verde. Sua miss\u00e3o permanece atual:\u202f formar pastores segundo o cora\u00e7\u00e3o de Cristo, preparados para os desafios da evangeliza\u00e7\u00e3o no mundo contempor\u00e2neo.<\/span><span data-ccp-props=\"{}\">\u00a0<\/span><\/p>\n<p style=\"text-align: justify;\">\n<pre>Por padre Robson Caramano \/ Comunica\u00e7\u00e3o do Col\u00e9gio Pio Brasileiro<\/pre>\n","protected":false},"excerpt":{"rendered":"<p>Na quinta-feira, 3 de abril, o \u202fPontif\u00edcio Col\u00e9gio Pio Brasileiro\u202f completou\u202f 91 anos \u202fde hist\u00f3ria, marcados por uma trajet\u00f3ria de dedica\u00e7\u00e3o \u00e0 forma\u00e7\u00e3o intelectual, espiritual e pastoral de presb\u00edteros brasileiros e cabo-verdianos. A data foi celebrada com uma\u202f Santa Missa\u202f presidida pelo\u202f\u00a0 Diretor de Estudos, padre Antonio Marcos Depizzoli, e concelebrada pelo\u202f reitor, padre Valdir [&hellip;]<\/p>\n","protected":false},"author":1,"featured_media":93860,"comment_status":"open","ping_status":"closed","sticky":false,"template":"","format":"standard","meta":{"footnotes":""},"categories":[7],"tags":[],"class_list":["post-93859","post","type-post","status-publish","format-standard","has-post-thumbnail","hentry","category-cnbb"],"_links":{"self":[{"href":"https:\/\/catolicanet.net\/wp-cnet\/wp-json\/wp\/v2\/posts\/93859","targetHints":{"allow":["GET"]}}],"collection":[{"href":"https:\/\/catolicanet.net\/wp-cnet\/wp-json\/wp\/v2\/posts"}],"about":[{"href":"https:\/\/catolicanet.net\/wp-cnet\/wp-json\/wp\/v2\/types\/post"}],"author":[{"embeddable":true,"href":"https:\/\/catolicanet.net\/wp-cnet\/wp-json\/wp\/v2\/users\/1"}],"replies":[{"embeddable":true,"href":"https:\/\/catolicanet.net\/wp-cnet\/wp-json\/wp\/v2\/comments?post=93859"}],"version-history":[{"count":1,"href":"https:\/\/catolicanet.net\/wp-cnet\/wp-json\/wp\/v2\/posts\/93859\/revisions"}],"predecessor-version":[{"id":93862,"href":"https:\/\/catolicanet.net\/wp-cnet\/wp-json\/wp\/v2\/posts\/93859\/revisions\/93862"}],"wp:featuredmedia":[{"embeddable":true,"href":"https:\/\/catolicanet.net\/wp-cnet\/wp-json\/wp\/v2\/media\/93860"}],"wp:attachment":[{"href":"https:\/\/catolicanet.net\/wp-cnet\/wp-json\/wp\/v2\/media?parent=93859"}],"wp:term":[{"taxonomy":"category","embeddable":true,"href":"https:\/\/catolicanet.net\/wp-cnet\/wp-json\/wp\/v2\/categories?post=93859"},{"taxonomy":"post_tag","embeddable":true,"href":"https:\/\/catolicanet.net\/wp-cnet\/wp-json\/wp\/v2\/tags?post=93859"}],"curies":[{"name":"wp","href":"https:\/\/api.w.org\/{rel}","templated":true}]}}