{"id":93788,"date":"2025-03-27T09:16:06","date_gmt":"2025-03-27T12:16:06","guid":{"rendered":"https:\/\/catolicanet.net\/wp-cnet\/?p=93788"},"modified":"2025-03-27T14:16:59","modified_gmt":"2025-03-27T17:16:59","slug":"na-primeira-pre-cop-realizada-no-norte-do-pais-liderancas-da-igreja-buscam-unidade-rumo-a-uma-maior-incidencia-na-realidade","status":"publish","type":"post","link":"https:\/\/catolicanet.net\/wp-cnet\/na-primeira-pre-cop-realizada-no-norte-do-pais-liderancas-da-igreja-buscam-unidade-rumo-a-uma-maior-incidencia-na-realidade\/","title":{"rendered":"Na primeira Pr\u00e9-COP realizada no Norte do pa\u00eds lideran\u00e7as da Igreja buscam unidade rumo \u00e0 uma maior incid\u00eancia na realidade"},"content":{"rendered":"<p style=\"text-align: justify;\">A primeira Pr\u00e9-COP realizada na regi\u00e3o Norte do pa\u00eds, um dos cinco encontros regionais preparat\u00f3rios para a COP30, a Confer\u00eancia das Na\u00e7\u00f5es Unidas sobre as Mudan\u00e7as Clim\u00e1ticas, se encerra em Bel\u00e9m (PA) nesta quarta-feira, 26 de mar\u00e7o.\u00a0O evento est\u00e1 sendo realizado na sede da CNBB Regional Norte 2 e tem como objetivo fortalecer a atua\u00e7\u00e3o da Igreja na crise clim\u00e1tica e socioambiental.<\/p>\n<div id=\"gallery-1\" class=\"gallery galleryid-979135 gallery-columns-2 gallery-size-medium\" style=\"text-align: justify;\">\n<figure class=\"gallery-item\">\n<div class=\"gallery-icon landscape\"><a class=\"rl-gallery-link\" title=\"\" href=\"https:\/\/www.cnbb.org.br\/wp-content\/uploads\/2025\/03\/Pre-COP-Norte-plenario-scaled.jpg\" data-rl_title=\"\" data-rl_caption=\"\" data-rel=\"lightbox-gallery-1\"><img loading=\"lazy\" decoding=\"async\" class=\"attachment-medium size-medium\" src=\"https:\/\/www.cnbb.org.br\/wp-content\/uploads\/2025\/03\/Pre-COP-Norte-plenario-300x200.jpg\" sizes=\"auto, (max-width: 300px) 100vw, 300px\" srcset=\"https:\/\/www.cnbb.org.br\/wp-content\/uploads\/2025\/03\/Pre-COP-Norte-plenario-300x200.jpg 300w, https:\/\/www.cnbb.org.br\/wp-content\/uploads\/2025\/03\/Pre-COP-Norte-plenario-1024x683.jpg 1024w, https:\/\/www.cnbb.org.br\/wp-content\/uploads\/2025\/03\/Pre-COP-Norte-plenario-768x512.jpg 768w, https:\/\/www.cnbb.org.br\/wp-content\/uploads\/2025\/03\/Pre-COP-Norte-plenario-1536x1024.jpg 1536w, https:\/\/www.cnbb.org.br\/wp-content\/uploads\/2025\/03\/Pre-COP-Norte-plenario-2048x1365.jpg 2048w, https:\/\/www.cnbb.org.br\/wp-content\/uploads\/2025\/03\/Pre-COP-Norte-plenario-500x333.jpg 500w\" alt=\"\" width=\"300\" height=\"200\" \/><\/a><\/div>\n<\/figure>\n<figure class=\"gallery-item\">\n<div class=\"gallery-icon landscape\"><a class=\"rl-gallery-link\" title=\"\" href=\"https:\/\/www.cnbb.org.br\/wp-content\/uploads\/2025\/03\/Pre-COP-Norte-bispos-scaled.jpg\" data-rl_title=\"\" data-rl_caption=\"\" data-rel=\"lightbox-gallery-1\"><img loading=\"lazy\" decoding=\"async\" class=\"attachment-medium size-medium\" src=\"https:\/\/www.cnbb.org.br\/wp-content\/uploads\/2025\/03\/Pre-COP-Norte-bispos-300x200.jpg\" sizes=\"auto, (max-width: 300px) 100vw, 300px\" srcset=\"https:\/\/www.cnbb.org.br\/wp-content\/uploads\/2025\/03\/Pre-COP-Norte-bispos-300x200.jpg 300w, https:\/\/www.cnbb.org.br\/wp-content\/uploads\/2025\/03\/Pre-COP-Norte-bispos-1024x683.jpg 1024w, https:\/\/www.cnbb.org.br\/wp-content\/uploads\/2025\/03\/Pre-COP-Norte-bispos-768x512.jpg 768w, https:\/\/www.cnbb.org.br\/wp-content\/uploads\/2025\/03\/Pre-COP-Norte-bispos-1536x1024.jpg 1536w, https:\/\/www.cnbb.org.br\/wp-content\/uploads\/2025\/03\/Pre-COP-Norte-bispos-2048x1365.jpg 2048w, https:\/\/www.cnbb.org.br\/wp-content\/uploads\/2025\/03\/Pre-COP-Norte-bispos-500x333.jpg 500w\" alt=\"\" width=\"300\" height=\"200\" \/><\/a><\/div>\n<\/figure>\n<\/div>\n<p style=\"text-align: justify;\">A COP 30, que ser\u00e1 realizada em Bel\u00e9m (PA), em novembro de 2025, representa uma oportunidade hist\u00f3rica para que a Igreja amplie as vozes das comunidades mais vulnerabilizadas e influencie as decis\u00f5es globais sobre a crise socioambiental. Inspirada na Enc\u00edclica\u00a0<a href=\"https:\/\/www.vatican.va\/content\/francesco\/pt\/encyclicals\/documents\/papa-francesco_20150524_enciclica-laudato-si.html\" target=\"_blank\" rel=\"noopener\">Laudato Si\u2019<\/a>, do Papa Francisco, a articula\u00e7\u00e3o busca fortalecer a presen\u00e7a da Igreja no debate ambiental e impulsionar a mobiliza\u00e7\u00e3o em defesa da Casa Comum.<\/p>\n<h3 style=\"text-align: justify;\">Programa\u00e7\u00e3o<\/h3>\n<figure id=\"attachment_979166\" class=\"wp-caption alignright\" style=\"text-align: justify;\" aria-describedby=\"caption-attachment-979166\"><img loading=\"lazy\" decoding=\"async\" class=\"wp-image-979166\" src=\"https:\/\/www.cnbb.org.br\/wp-content\/uploads\/2025\/03\/Pre-COPO-Norte-dom-Erwin-300x200.jpg\" sizes=\"auto, (max-width: 260px) 100vw, 260px\" srcset=\"https:\/\/www.cnbb.org.br\/wp-content\/uploads\/2025\/03\/Pre-COPO-Norte-dom-Erwin-300x200.jpg 300w, https:\/\/www.cnbb.org.br\/wp-content\/uploads\/2025\/03\/Pre-COPO-Norte-dom-Erwin-1024x683.jpg 1024w, https:\/\/www.cnbb.org.br\/wp-content\/uploads\/2025\/03\/Pre-COPO-Norte-dom-Erwin-768x512.jpg 768w, https:\/\/www.cnbb.org.br\/wp-content\/uploads\/2025\/03\/Pre-COPO-Norte-dom-Erwin-1536x1024.jpg 1536w, https:\/\/www.cnbb.org.br\/wp-content\/uploads\/2025\/03\/Pre-COPO-Norte-dom-Erwin-2048x1365.jpg 2048w, https:\/\/www.cnbb.org.br\/wp-content\/uploads\/2025\/03\/Pre-COPO-Norte-dom-Erwin-500x333.jpg 500w\" alt=\"\" width=\"260\" height=\"173\" \/><figcaption id=\"caption-attachment-979166\" class=\"wp-caption-text\">Bispo em\u00e9rito da diocese de Xingu, dom Erwin Kr\u00e4utler. | Fotos: Jo\u00e3o Moreira \u2013 Pascom Bel\u00e9m (PA).<\/figcaption><\/figure>\n<p style=\"text-align: justify;\">Da programa\u00e7\u00e3o do primeiro dia, 25 de mar\u00e7om, constou uma Mesa de abertura com os bispos dos tr\u00eas regionais da regi\u00e3o Norte do pa\u00eds (Norte 1 e 2 e Noroeste), seguida de um painel que aprofundou, com a contribui\u00e7\u00e3o de dom Erwin Kr\u00e4utler, o tema: \u201cA Igreja e seu papel hist\u00f3rico de profetismo diante da crise socioambiental\u201d. A reflex\u00e3o do segundo painel, cujo tema foi \u201cConfer\u00eancias do Clima em tempos de crise: contexto geral e temas centrais\u201d, foi aprofundada pelo professor M\u00e1rio Tito.<\/p>\n<p style=\"text-align: justify;\">Na tarde do primeiro dia, os participantes aprofundaram os Eixos Tem\u00e1ticos da Confer\u00eancia do Clima e, ainda refletiram, em um terceiro painel, conduzido pela professora Ima Vieira, o tema: \u201cCrise clim\u00e1tica e eventos extremos no bioma amaz\u00f4nico e \u00e1rea litor\u00e2nea da macrorregi\u00e3o Norte\u201d.<\/p>\n<p style=\"text-align: justify;\">A programa\u00e7\u00e3o se encerra no dia 26 de mar\u00e7o, com um aprofundamento da realidade e experi\u00eancias nos territ\u00f3rios e maret\u00f3rios (ind\u00edgena, pescador, quilombola e agricultor), partilha sobre a Mobiliza\u00e7\u00e3o dos Povos pela Terra e pelo Clima da REPAM + C\u00fapula dos Povos, rodas de conversas por regionais da CNBB e sistematiza\u00e7\u00e3o de uma agenda de compromissos, acordos da macrorregi\u00e3o e\u00a0 apresenta\u00e7\u00e3o do calend\u00e1rio da Articula\u00e7\u00e3o Igreja Rumo \u00e0 COP 30.<\/p>\n<h3 style=\"text-align: justify;\">Rumo a uma maior incid\u00eancia na realidade<\/h3>\n<p style=\"text-align: justify;\"><img loading=\"lazy\" decoding=\"async\" class=\" wp-image-979150 alignright\" src=\"https:\/\/www.cnbb.org.br\/wp-content\/uploads\/2025\/03\/Dom-Paulo-Andreolli--300x234.png\" sizes=\"auto, (max-width: 274px) 100vw, 274px\" srcset=\"https:\/\/www.cnbb.org.br\/wp-content\/uploads\/2025\/03\/Dom-Paulo-Andreolli--300x234.png 300w, https:\/\/www.cnbb.org.br\/wp-content\/uploads\/2025\/03\/Dom-Paulo-Andreolli--500x389.png 500w, https:\/\/www.cnbb.org.br\/wp-content\/uploads\/2025\/03\/Dom-Paulo-Andreolli-.png 659w\" alt=\"\" width=\"274\" height=\"214\" \/>O bispo auxiliar da arquidiocese de Bel\u00e9m (PA), dom Paulo Andreolli, disse que que o encontro buscou fazer uma sensibiliza\u00e7\u00e3o das lideran\u00e7as da Igreja sobre os conte\u00fados da COP30, muitos deles, segundo o bispo, j\u00e1 est\u00e3o dentro das reflex\u00f5es da Campanha da Fraternidade deste ano, cujo tema \u00e9 \u201cfraternidade e ecologia integral\u201d.<\/p>\n<blockquote><p>\u201cA gente est\u00e1 buscando encontrar unidade e uma dire\u00e7\u00e3o da nossa Igreja rumo a uma maior incid\u00eancia na realidade e no evento, conscientizar, reconhecer o que est\u00e1 ajudando a caminhada na Ecologia Integral e tamb\u00e9m perceber as amea\u00e7as\u201d, disse.<\/p><\/blockquote>\n<p style=\"text-align: justify;\">O presidente do regional Noroeste da CNBB, dom Benedito Ara\u00fajo, ressalta que recai sobre a Igreja, que est\u00e1 inserida nos territ\u00f3rios da regi\u00e3o Norte do Brasil, a grande responsabilidade de acompanhar o processo da COP30, evento que envolve todo o planeta.<\/p>\n<blockquote><p>\u201cEste ch\u00e3o amaz\u00f4nico, como lugar anfitri\u00e3o da COP30, requer de todos a profecia, a for\u00e7a e a resist\u00eancia, a visibilidade dos conhecimentos de nossos territ\u00f3rios, os dramas de seus povos, o desrespeito \u00e0 vida, a biodiversidade e seus biomas\u201d, afirmou.<\/p><\/blockquote>\n<h3 style=\"text-align: justify;\">O que s\u00e3o as Pr\u00e9-Cops<\/h3>\n<p style=\"text-align: justify;\">As Pr\u00e9-COPs s\u00e3o encontros formativos voltados para lideran\u00e7as da Igreja, promovendo um entendimento mais profundo sobre as mudan\u00e7as clim\u00e1ticas e suas consequ\u00eancias. Com uma metodologia participativa, esses eventos preparam multiplicadores para replicar o conhecimento adquirido em suas comunidades, ampliando a incid\u00eancia da Igreja na defesa da Casa Comum e incentivando a\u00e7\u00f5es concretas pela justi\u00e7a clim\u00e1tica e a ecologia integral.<\/p>\n<p style=\"text-align: justify;\">O processo \u00e9 coordenado pelos(as) secret\u00e1rios(as) executivos(as) dos Regionais da CNBB, em parceria com a Secretaria Executiva da Articula\u00e7\u00e3o Igreja Rumo \u00e0 COP30.<\/p>\n<p style=\"text-align: justify;\"><strong>Agenda das Pr\u00e9-COPs por macrorregi\u00e3o:<\/strong><br \/>\nPr\u00e9-COP Norte \u2013 25 e 26 de mar\u00e7o | Bel\u00e9m (PA)<br \/>\nPr\u00e9-COP Nordeste \u2013 11 e 12 de julho | Juazeiro (BA)<br \/>\nPr\u00e9-COP Sul \u2013 18 a 20 de julho | Governador Celso Ramos (SC)<br \/>\nPr\u00e9-COP Leste \u2013 25 a 27 de julho | Belo Horizonte (MG)<br \/>\nPr\u00e9-COP Centro-Oeste \u2013 6 de agosto | Bonito (MS)<\/p>\n","protected":false},"excerpt":{"rendered":"<p>A primeira Pr\u00e9-COP realizada na regi\u00e3o Norte do pa\u00eds, um dos cinco encontros regionais preparat\u00f3rios para a COP30, a Confer\u00eancia das Na\u00e7\u00f5es Unidas sobre as Mudan\u00e7as Clim\u00e1ticas, se encerra em Bel\u00e9m (PA) nesta quarta-feira, 26 de mar\u00e7o.\u00a0O evento est\u00e1 sendo realizado na sede da CNBB Regional Norte 2 e tem como objetivo fortalecer a atua\u00e7\u00e3o [&hellip;]<\/p>\n","protected":false},"author":1,"featured_media":93789,"comment_status":"open","ping_status":"closed","sticky":false,"template":"","format":"standard","meta":{"footnotes":""},"categories":[7],"tags":[],"class_list":["post-93788","post","type-post","status-publish","format-standard","has-post-thumbnail","hentry","category-cnbb"],"_links":{"self":[{"href":"https:\/\/catolicanet.net\/wp-cnet\/wp-json\/wp\/v2\/posts\/93788","targetHints":{"allow":["GET"]}}],"collection":[{"href":"https:\/\/catolicanet.net\/wp-cnet\/wp-json\/wp\/v2\/posts"}],"about":[{"href":"https:\/\/catolicanet.net\/wp-cnet\/wp-json\/wp\/v2\/types\/post"}],"author":[{"embeddable":true,"href":"https:\/\/catolicanet.net\/wp-cnet\/wp-json\/wp\/v2\/users\/1"}],"replies":[{"embeddable":true,"href":"https:\/\/catolicanet.net\/wp-cnet\/wp-json\/wp\/v2\/comments?post=93788"}],"version-history":[{"count":1,"href":"https:\/\/catolicanet.net\/wp-cnet\/wp-json\/wp\/v2\/posts\/93788\/revisions"}],"predecessor-version":[{"id":93791,"href":"https:\/\/catolicanet.net\/wp-cnet\/wp-json\/wp\/v2\/posts\/93788\/revisions\/93791"}],"wp:featuredmedia":[{"embeddable":true,"href":"https:\/\/catolicanet.net\/wp-cnet\/wp-json\/wp\/v2\/media\/93789"}],"wp:attachment":[{"href":"https:\/\/catolicanet.net\/wp-cnet\/wp-json\/wp\/v2\/media?parent=93788"}],"wp:term":[{"taxonomy":"category","embeddable":true,"href":"https:\/\/catolicanet.net\/wp-cnet\/wp-json\/wp\/v2\/categories?post=93788"},{"taxonomy":"post_tag","embeddable":true,"href":"https:\/\/catolicanet.net\/wp-cnet\/wp-json\/wp\/v2\/tags?post=93788"}],"curies":[{"name":"wp","href":"https:\/\/api.w.org\/{rel}","templated":true}]}}