{"id":93751,"date":"2025-03-20T09:20:24","date_gmt":"2025-03-20T12:20:24","guid":{"rendered":"https:\/\/catolicanet.net\/wp-cnet\/?p=93751"},"modified":"2025-03-25T13:22:38","modified_gmt":"2025-03-25T16:22:38","slug":"seminarista-de-21-anos-e-sequestrado-e-morto-na-nigeria","status":"publish","type":"post","link":"https:\/\/catolicanet.net\/wp-cnet\/seminarista-de-21-anos-e-sequestrado-e-morto-na-nigeria\/","title":{"rendered":"Seminarista de 21 anos \u00e9 sequestrado e morto na Nig\u00e9ria"},"content":{"rendered":"<p style=\"text-align: center;\" align=\"center\"><i><span style=\"font-family: 'Arial','sans-serif';\">Nig\u00e9ria acumula tr\u00eas vezes mais sequestros de cl\u00e9rigos e religiosos nos primeiros tr\u00eas meses de 2025 do que no mesmo per\u00edodo de 2024<\/span><\/i><\/p>\n<p style=\"text-align: justify;\"><span style=\"font-size: 11.0pt; font-family: 'Arial','sans-serif';\">A Igreja nigeriana est\u00e1 se recuperando da not\u00edcia do assassinato de um jovem seminarista, Andrew Peter, de 21 anos, pelos seus sequestradores, de acordo com um comunicado enviado \u00e0 ACN &#8211; Ajuda \u00e0 Igreja que Sofre, pela Diocese de Auchi.<\/span><span style=\"font-size: 11.0pt; font-family: 'Arial','sans-serif';\">\u00a0<\/span><\/p>\n<p style=\"text-align: justify;\"><span style=\"font-size: 11.0pt; font-family: 'Arial','sans-serif';\">O assassinato de Andrew Peter segue os passos do <a href=\"https:\/\/www.acn.org.br\/padre-sequestrado-e-assassinado-na-nigeria\/\">brutal assassinato do padre Sylvester Okechukwu<\/a>, na Diocese de Kafanchan, durante um aumento alarmante de sequestros e ataques ao clero cat\u00f3lico no pa\u00eds, em compara\u00e7\u00e3o com o mesmo per\u00edodo de 2024.<\/span><span style=\"font-size: 11.0pt; font-family: 'Arial','sans-serif';\">\u00a0<\/span><\/p>\n<p style=\"text-align: justify;\"><span style=\"font-size: 11.0pt; font-family: 'Arial','sans-serif';\">Tr\u00eas padres foram sequestrados nos primeiros tr\u00eas meses do ano em 2024, todos libertados em poucos dias. Mas faltando duas semanas para o final de mar\u00e7o deste ano, o saldo na Nig\u00e9ria j\u00e1 \u00e9 de 10 sequestros, incluindo dois assassinatos.<\/span><span style=\"font-size: 11.0pt; font-family: 'Arial','sans-serif';\">\u00a0<\/span><\/p>\n<p style=\"text-align: justify;\"><span style=\"font-size: 11.0pt; font-family: 'Arial','sans-serif';\">O seminarista Andrew Peter foi sequestrado junto com o Padre Philip Ekweli, em 3 de mar\u00e7o. Embora o Padre Philip tenha sido libertado dez dias depois, em 13 de mar\u00e7o, descobriu-se que o seminarista havia sido assassinado por seus sequestradores.<\/span><span style=\"font-size: 11.0pt; font-family: 'Arial','sans-serif';\">\u00a0<\/span><\/p>\n<p style=\"text-align: justify;\"><span style=\"font-size: 11.0pt; font-family: 'Arial','sans-serif';\">&#8220;A vida tem sido um inferno para o nosso povo nos \u00faltimos tempos. As pessoas n\u00e3o est\u00e3o seguras nas estradas, em suas fazendas ou mesmo em suas casas&#8221;, disse o bispo Gabriel Dunia, de Auchi, em um comunicado enviado \u00e0 ACN no qual a diocese lamenta e deplora o assassinato de Andrew Peter.<\/span><span style=\"font-size: 11.0pt; font-family: 'Arial','sans-serif';\">\u00a0<\/span><\/p>\n<p style=\"text-align: justify;\"><span style=\"font-size: 11.0pt; font-family: 'Arial','sans-serif';\">A Nig\u00e9ria sofre de inseguran\u00e7a aguda em muitas regi\u00f5es. Os sequestros de padres s\u00e3o motivados por v\u00e1rios fatores, incluindo pedidos de resgate por gangues criminosas em busca de ganhos financeiros, conflitos religiosos e \u00e9tnicos envolvendo grupos extremistas como Boko Haram e ISWAP, e a amea\u00e7a de pastores mu\u00e7ulmanos do grupo \u00e9tnico Fulani a agricultores principalmente crist\u00e3os. Alguns sequestros servem como ferramentas pol\u00edticas para desestabilizar o governo e expor seu fracasso em garantir a seguran\u00e7a, enquanto outros decorrem de disputas locais e conflitos de terra.<\/span><span style=\"font-size: 11.0pt; font-family: 'Arial','sans-serif';\">\u00a0<\/span><\/p>\n<p style=\"text-align: justify;\"><span style=\"font-size: 11.0pt; font-family: 'Arial','sans-serif';\">De acordo com estat\u00edsticas compiladas pelo Secretariado Cat\u00f3lico da Nig\u00e9ria, 145 padres e seminaristas foram sequestrados no pa\u00eds nos \u00faltimos 10 anos, com 11 mortos. Esses n\u00fameros foram publicados depois que o Padre Philip Ekweli foi sequestrado, mas antes de sua liberta\u00e7\u00e3o, e tamb\u00e9m antes dos assassinatos do Padre Sylvester Okechukwu e do seminarista Andrew Peter.<\/span><span style=\"font-size: 11.0pt; font-family: 'Arial','sans-serif';\">\u00a0<\/span><\/p>\n<p style=\"text-align: justify;\"><span style=\"font-size: 11.0pt; font-family: 'Arial','sans-serif';\">A institui\u00e7\u00e3o de caridade cat\u00f3lica, Ajuda \u00e0 Igreja que Sofre, continua a acompanhar o sofrimento da Igreja nigeriana e pede ora\u00e7\u00f5es e a\u00e7\u00f5es para garantir a seguran\u00e7a de todos os cl\u00e9rigos e civis nigerianos que sofrem com essa inseguran\u00e7a e viol\u00eancia. A ACN tamb\u00e9m pede a seus amigos e benfeitores que rezem pelas almas do Padre Sylvester Okechukwu e do seminarista Andrew Peter, e por todos aqueles na Nig\u00e9ria que arriscam suas vidas para ministrar ao povo de Deus.<\/span><\/p>\n","protected":false},"excerpt":{"rendered":"<p>Nig\u00e9ria acumula tr\u00eas vezes mais sequestros de cl\u00e9rigos e religiosos nos primeiros tr\u00eas meses de 2025 do que no mesmo per\u00edodo de 2024 A Igreja nigeriana est\u00e1 se recuperando da not\u00edcia do assassinato de um jovem seminarista, Andrew Peter, de 21 anos, pelos seus sequestradores, de acordo com um comunicado enviado \u00e0 ACN &#8211; Ajuda [&hellip;]<\/p>\n","protected":false},"author":1,"featured_media":67995,"comment_status":"open","ping_status":"closed","sticky":false,"template":"","format":"standard","meta":{"footnotes":""},"categories":[4,13],"tags":[],"class_list":["post-93751","post","type-post","status-publish","format-standard","has-post-thumbnail","hentry","category-cotidiano","category-featured"],"_links":{"self":[{"href":"https:\/\/catolicanet.net\/wp-cnet\/wp-json\/wp\/v2\/posts\/93751","targetHints":{"allow":["GET"]}}],"collection":[{"href":"https:\/\/catolicanet.net\/wp-cnet\/wp-json\/wp\/v2\/posts"}],"about":[{"href":"https:\/\/catolicanet.net\/wp-cnet\/wp-json\/wp\/v2\/types\/post"}],"author":[{"embeddable":true,"href":"https:\/\/catolicanet.net\/wp-cnet\/wp-json\/wp\/v2\/users\/1"}],"replies":[{"embeddable":true,"href":"https:\/\/catolicanet.net\/wp-cnet\/wp-json\/wp\/v2\/comments?post=93751"}],"version-history":[{"count":1,"href":"https:\/\/catolicanet.net\/wp-cnet\/wp-json\/wp\/v2\/posts\/93751\/revisions"}],"predecessor-version":[{"id":93753,"href":"https:\/\/catolicanet.net\/wp-cnet\/wp-json\/wp\/v2\/posts\/93751\/revisions\/93753"}],"wp:featuredmedia":[{"embeddable":true,"href":"https:\/\/catolicanet.net\/wp-cnet\/wp-json\/wp\/v2\/media\/67995"}],"wp:attachment":[{"href":"https:\/\/catolicanet.net\/wp-cnet\/wp-json\/wp\/v2\/media?parent=93751"}],"wp:term":[{"taxonomy":"category","embeddable":true,"href":"https:\/\/catolicanet.net\/wp-cnet\/wp-json\/wp\/v2\/categories?post=93751"},{"taxonomy":"post_tag","embeddable":true,"href":"https:\/\/catolicanet.net\/wp-cnet\/wp-json\/wp\/v2\/tags?post=93751"}],"curies":[{"name":"wp","href":"https:\/\/api.w.org\/{rel}","templated":true}]}}