{"id":93629,"date":"2025-03-17T09:37:07","date_gmt":"2025-03-17T12:37:07","guid":{"rendered":"https:\/\/catolicanet.net\/wp-cnet\/?p=93629"},"modified":"2025-03-17T13:38:07","modified_gmt":"2025-03-17T16:38:07","slug":"secretario-geral-da-cnbb-dom-ricardo-hoepers-participa-do-xxi-seminario-gestao-esportiva","status":"publish","type":"post","link":"https:\/\/catolicanet.net\/wp-cnet\/secretario-geral-da-cnbb-dom-ricardo-hoepers-participa-do-xxi-seminario-gestao-esportiva\/","title":{"rendered":"Secret\u00e1rio-geral da CNBB, dom Ricardo Hoepers, participa do XXI Semin\u00e1rio Gest\u00e3o Esportiva"},"content":{"rendered":"<p style=\"text-align: justify;\">No dia 15 de mar\u00e7o de 2025, a Funda\u00e7\u00e3o Getulio Vargas (FGV), no Rio de Janeiro, foi palco do XXI Semin\u00e1rio Gest\u00e3o Esportiva, evento que marcou os 30 anos do Comit\u00ea Paral\u00edmpico Brasileiro (CPB).\u00a0Entre os destaques da programa\u00e7\u00e3o do XXI Semin\u00e1rio Gest\u00e3o Esportiva, dom Ricardo Hoepers, secret\u00e1rio-geral da Confer\u00eancia Nacional dos Bispos do Brasil (CNBB), participou do painel \u201cEsporte Paral\u00edmpico: ferramenta de inclus\u00e3o\u201d e trouxe uma perspectiva hist\u00f3rica e pastoral sobre o papel do esporte na constru\u00e7\u00e3o de uma sociedade mais acolhedora e fraterna.<\/p>\n<p style=\"text-align: justify;\">O esporte paral\u00edmpico, que surgiu dos escombros da Segunda Guerra Mundial, teve precedentes hist\u00f3ricos no in\u00edcio do s\u00e9culo XX com as competi\u00e7\u00f5es inclusivas promovidas no Vaticano entre 1905 e 1908, sob o pontificado de S\u00e3o Pio X.<\/p>\n<p style=\"text-align: justify;\">Inspirado por esse legado, dom Ricardo abordou como o esporte pode transformar a percep\u00e7\u00e3o sobre a pessoa com defici\u00eancia e promover valores como solidariedade, respeito e inclus\u00e3o. Al\u00e9m disso, destacou a participa\u00e7\u00e3o do Comit\u00ea Paral\u00edmpico Brasileiro (CBP) como signat\u00e1rio da Declara\u00e7\u00e3o \u201cEsporte para Todos\u201d, assinada junto ao Papa Francisco, refor\u00e7ando o compromisso do movimento paral\u00edmpico com o engajamento social.<\/p>\n<div id=\"gallery-1\" class=\"gallery galleryid-978659 gallery-columns-3 gallery-size-large\" style=\"text-align: justify;\">\n<figure class=\"gallery-item\">\n<div class=\"gallery-icon landscape\"><a class=\"rl-gallery-link\" title=\"\" href=\"https:\/\/www.cnbb.org.br\/wp-content\/uploads\/2025\/03\/WhatsApp-Image-2025-03-15-at-16.09.36.jpeg\" data-rl_title=\"\" data-rl_caption=\"\" data-rel=\"lightbox-gallery-1\"><img loading=\"lazy\" decoding=\"async\" class=\"attachment-large size-large\" src=\"https:\/\/www.cnbb.org.br\/wp-content\/uploads\/2025\/03\/WhatsApp-Image-2025-03-15-at-16.09.36-1024x768.jpeg\" sizes=\"auto, (max-width: 1024px) 100vw, 1024px\" srcset=\"https:\/\/www.cnbb.org.br\/wp-content\/uploads\/2025\/03\/WhatsApp-Image-2025-03-15-at-16.09.36-1024x768.jpeg 1024w, https:\/\/www.cnbb.org.br\/wp-content\/uploads\/2025\/03\/WhatsApp-Image-2025-03-15-at-16.09.36-300x225.jpeg 300w, https:\/\/www.cnbb.org.br\/wp-content\/uploads\/2025\/03\/WhatsApp-Image-2025-03-15-at-16.09.36-768x576.jpeg 768w, https:\/\/www.cnbb.org.br\/wp-content\/uploads\/2025\/03\/WhatsApp-Image-2025-03-15-at-16.09.36-1536x1152.jpeg 1536w, https:\/\/www.cnbb.org.br\/wp-content\/uploads\/2025\/03\/WhatsApp-Image-2025-03-15-at-16.09.36-500x375.jpeg 500w, https:\/\/www.cnbb.org.br\/wp-content\/uploads\/2025\/03\/WhatsApp-Image-2025-03-15-at-16.09.36-800x600.jpeg 800w, https:\/\/www.cnbb.org.br\/wp-content\/uploads\/2025\/03\/WhatsApp-Image-2025-03-15-at-16.09.36.jpeg 1600w\" alt=\"\" width=\"1024\" height=\"768\" \/><\/a><\/div>\n<\/figure>\n<figure class=\"gallery-item\">\n<div class=\"gallery-icon landscape\"><a class=\"rl-gallery-link\" title=\"\" href=\"https:\/\/www.cnbb.org.br\/wp-content\/uploads\/2025\/03\/WhatsApp-Image-2025-03-15-at-16.09.33.jpeg\" data-rl_title=\"\" data-rl_caption=\"\" data-rel=\"lightbox-gallery-1\"><img loading=\"lazy\" decoding=\"async\" class=\"attachment-large size-large\" src=\"https:\/\/www.cnbb.org.br\/wp-content\/uploads\/2025\/03\/WhatsApp-Image-2025-03-15-at-16.09.33-1024x768.jpeg\" sizes=\"auto, (max-width: 1024px) 100vw, 1024px\" srcset=\"https:\/\/www.cnbb.org.br\/wp-content\/uploads\/2025\/03\/WhatsApp-Image-2025-03-15-at-16.09.33-1024x768.jpeg 1024w, https:\/\/www.cnbb.org.br\/wp-content\/uploads\/2025\/03\/WhatsApp-Image-2025-03-15-at-16.09.33-300x225.jpeg 300w, https:\/\/www.cnbb.org.br\/wp-content\/uploads\/2025\/03\/WhatsApp-Image-2025-03-15-at-16.09.33-768x576.jpeg 768w, https:\/\/www.cnbb.org.br\/wp-content\/uploads\/2025\/03\/WhatsApp-Image-2025-03-15-at-16.09.33-1536x1152.jpeg 1536w, https:\/\/www.cnbb.org.br\/wp-content\/uploads\/2025\/03\/WhatsApp-Image-2025-03-15-at-16.09.33-500x375.jpeg 500w, https:\/\/www.cnbb.org.br\/wp-content\/uploads\/2025\/03\/WhatsApp-Image-2025-03-15-at-16.09.33-800x600.jpeg 800w, https:\/\/www.cnbb.org.br\/wp-content\/uploads\/2025\/03\/WhatsApp-Image-2025-03-15-at-16.09.33.jpeg 1600w\" alt=\"\" width=\"1024\" height=\"768\" \/><\/a><\/div>\n<\/figure>\n<figure class=\"gallery-item\">\n<div class=\"gallery-icon landscape\"><a class=\"rl-gallery-link\" title=\"\" href=\"https:\/\/www.cnbb.org.br\/wp-content\/uploads\/2025\/03\/WhatsApp-Image-2025-03-15-at-16.09.42.jpeg\" data-rl_title=\"\" data-rl_caption=\"\" data-rel=\"lightbox-gallery-1\"><img loading=\"lazy\" decoding=\"async\" class=\"attachment-large size-large\" src=\"https:\/\/www.cnbb.org.br\/wp-content\/uploads\/2025\/03\/WhatsApp-Image-2025-03-15-at-16.09.42-1024x768.jpeg\" sizes=\"auto, (max-width: 1024px) 100vw, 1024px\" srcset=\"https:\/\/www.cnbb.org.br\/wp-content\/uploads\/2025\/03\/WhatsApp-Image-2025-03-15-at-16.09.42-1024x768.jpeg 1024w, https:\/\/www.cnbb.org.br\/wp-content\/uploads\/2025\/03\/WhatsApp-Image-2025-03-15-at-16.09.42-300x225.jpeg 300w, https:\/\/www.cnbb.org.br\/wp-content\/uploads\/2025\/03\/WhatsApp-Image-2025-03-15-at-16.09.42-768x576.jpeg 768w, https:\/\/www.cnbb.org.br\/wp-content\/uploads\/2025\/03\/WhatsApp-Image-2025-03-15-at-16.09.42-1536x1152.jpeg 1536w, https:\/\/www.cnbb.org.br\/wp-content\/uploads\/2025\/03\/WhatsApp-Image-2025-03-15-at-16.09.42-500x375.jpeg 500w, https:\/\/www.cnbb.org.br\/wp-content\/uploads\/2025\/03\/WhatsApp-Image-2025-03-15-at-16.09.42-800x600.jpeg 800w, https:\/\/www.cnbb.org.br\/wp-content\/uploads\/2025\/03\/WhatsApp-Image-2025-03-15-at-16.09.42.jpeg 1600w\" alt=\"\" width=\"1024\" height=\"768\" \/><\/a><\/div>\n<\/figure>\n<\/div>\n<p style=\"text-align: justify;\">Sua presen\u00e7a no semin\u00e1rio tamb\u00e9m foi uma oportunidade para fortalecer a parceria entre o CPB e a rede de mais de 1.500 escolas cat\u00f3licas do Brasil, incentivando a ado\u00e7\u00e3o do Programa de Educa\u00e7\u00e3o Paral\u00edmpica e ampliando a forma\u00e7\u00e3o de profissionais das escolas cat\u00f3licas para o cuidado das pessoas com defici\u00eancia.<\/p>\n<p style=\"text-align: justify;\">O evento integra o Programa Internacional FGV\/FIFA\/CIES em Gest\u00e3o Esportiva, oferecido em 19 pa\u00edses, promovendo uma abordagem moderna e hol\u00edstica da gest\u00e3o esportiva; e o semin\u00e1rio refor\u00e7a o compromisso com o esporte como ferramenta de amizade, di\u00e1logo, igualdade e paz, contribuindo para uma sociedade mais inclusiva e para o desenvolvimento integral do ser humano.<\/p>\n<pre>Por Vatican News<\/pre>\n","protected":false},"excerpt":{"rendered":"<p>No dia 15 de mar\u00e7o de 2025, a Funda\u00e7\u00e3o Getulio Vargas (FGV), no Rio de Janeiro, foi palco do XXI Semin\u00e1rio Gest\u00e3o Esportiva, evento que marcou os 30 anos do Comit\u00ea Paral\u00edmpico Brasileiro (CPB).\u00a0Entre os destaques da programa\u00e7\u00e3o do XXI Semin\u00e1rio Gest\u00e3o Esportiva, dom Ricardo Hoepers, secret\u00e1rio-geral da Confer\u00eancia Nacional dos Bispos do Brasil (CNBB), [&hellip;]<\/p>\n","protected":false},"author":1,"featured_media":93630,"comment_status":"open","ping_status":"closed","sticky":false,"template":"","format":"standard","meta":{"footnotes":""},"categories":[7],"tags":[],"class_list":["post-93629","post","type-post","status-publish","format-standard","has-post-thumbnail","hentry","category-cnbb"],"_links":{"self":[{"href":"https:\/\/catolicanet.net\/wp-cnet\/wp-json\/wp\/v2\/posts\/93629","targetHints":{"allow":["GET"]}}],"collection":[{"href":"https:\/\/catolicanet.net\/wp-cnet\/wp-json\/wp\/v2\/posts"}],"about":[{"href":"https:\/\/catolicanet.net\/wp-cnet\/wp-json\/wp\/v2\/types\/post"}],"author":[{"embeddable":true,"href":"https:\/\/catolicanet.net\/wp-cnet\/wp-json\/wp\/v2\/users\/1"}],"replies":[{"embeddable":true,"href":"https:\/\/catolicanet.net\/wp-cnet\/wp-json\/wp\/v2\/comments?post=93629"}],"version-history":[{"count":1,"href":"https:\/\/catolicanet.net\/wp-cnet\/wp-json\/wp\/v2\/posts\/93629\/revisions"}],"predecessor-version":[{"id":93632,"href":"https:\/\/catolicanet.net\/wp-cnet\/wp-json\/wp\/v2\/posts\/93629\/revisions\/93632"}],"wp:featuredmedia":[{"embeddable":true,"href":"https:\/\/catolicanet.net\/wp-cnet\/wp-json\/wp\/v2\/media\/93630"}],"wp:attachment":[{"href":"https:\/\/catolicanet.net\/wp-cnet\/wp-json\/wp\/v2\/media?parent=93629"}],"wp:term":[{"taxonomy":"category","embeddable":true,"href":"https:\/\/catolicanet.net\/wp-cnet\/wp-json\/wp\/v2\/categories?post=93629"},{"taxonomy":"post_tag","embeddable":true,"href":"https:\/\/catolicanet.net\/wp-cnet\/wp-json\/wp\/v2\/tags?post=93629"}],"curies":[{"name":"wp","href":"https:\/\/api.w.org\/{rel}","templated":true}]}}