{"id":93562,"date":"2025-03-13T14:09:48","date_gmt":"2025-03-13T17:09:48","guid":{"rendered":"https:\/\/catolicanet.net\/wp-cnet\/?p=93562"},"modified":"2025-03-13T14:09:48","modified_gmt":"2025-03-13T17:09:48","slug":"situacao-na-siria-gera-medo-e-incerteza-para-as-comunidades-cristas","status":"publish","type":"post","link":"https:\/\/catolicanet.net\/wp-cnet\/situacao-na-siria-gera-medo-e-incerteza-para-as-comunidades-cristas\/","title":{"rendered":"Situa\u00e7\u00e3o na S\u00edria gera medo e incerteza para as comunidades crist\u00e3s"},"content":{"rendered":"<p style=\"text-align: center;\" align=\"center\"><i><span style=\"font-family: 'Arial','sans-serif';\">A ACN &#8211; Ajuda \u00e0 Igreja que Sofre expressa profunda preocupa\u00e7\u00e3o com a escalada da viol\u00eancia na S\u00edria, particularmente na regi\u00e3o costeira, onde centenas de civis foram v\u00edtimas de ataques indiscriminados. A situa\u00e7\u00e3o criou uma atmosfera de medo e incerteza, tamb\u00e9m para as comunidades crist\u00e3s, que j\u00e1 sofreram muito na \u00faltima d\u00e9cada<\/span><\/i><\/p>\n<p style=\"text-align: justify;\"><span style=\"font-size: 11.0pt; font-family: 'Arial','sans-serif';\">A ACN &#8211; Ajuda \u00e0 Igreja que Sofre informa que a \u00faltima sexta-feira foi descrita como &#8220;um dia muito dif\u00edcil e doloroso&#8221; nas cidades de Tartus, Banias, Jabla e Latakia, incluindo as comunidades crist\u00e3s, na S\u00edria, conforme apontam fontes em Latakia, que a ACN prefere manter an\u00f4nimas por raz\u00f5es de seguran\u00e7a.<\/span><span style=\"font-size: 11.0pt; font-family: 'Arial','sans-serif';\">\u00a0<\/span><\/p>\n<p style=\"text-align: justify;\"><span style=\"font-size: 11.0pt; font-family: 'Arial','sans-serif';\">&#8220;O n\u00famero de v\u00edtimas \u00e9 assustador; a maioria eram civis, mais de 600, que perderam a vida, incluindo jovens, mulheres, m\u00e9dicos universit\u00e1rios e farmac\u00eauticos. Algumas fam\u00edlias com seus filhos foram mortas a sangue frio. Entre os falecidos tamb\u00e9m estavam membros de comunidades crist\u00e3s, como &#8220;um pai e um filho de uma igreja evang\u00e9lica em Latakia, que foram parados em seu carro e mortos, bem como o pai de um padre em Banias&#8221;, informa.<\/span><span style=\"font-size: 11.0pt; font-family: 'Arial','sans-serif';\">\u00a0<\/span><\/p>\n<p style=\"text-align: justify;\"><span style=\"font-size: 11.0pt; font-family: 'Arial','sans-serif';\">Al\u00e9m disso, relatos indicam que casas e ve\u00edculos foram saqueados, afetando a todos, mas tamb\u00e9m os crist\u00e3os, for\u00e7ando algumas fam\u00edlias a se refugiarem nas casas de amigos sunitas. Na aldeia crist\u00e3 de Belma, &#8220;onde n\u00e3o h\u00e1 armas e a maioria dos moradores s\u00e3o idosos, a popula\u00e7\u00e3o suportou dois dias de terror, com suas casas violadas e as propriedades roubadas&#8221;.<\/span><span style=\"font-size: 11.0pt; font-family: 'Arial','sans-serif';\">\u00a0<\/span><\/p>\n<p style=\"text-align: justify;\"><span style=\"font-size: 11.0pt; font-family: 'Arial','sans-serif';\">Enquanto isso, o Vicariato Apost\u00f3lico da Comunidade Latina na S\u00edria emitiu uma declara\u00e7\u00e3o expressando sua profunda preocupa\u00e7\u00e3o com esses ataques contra civis inocentes. No documento, assinado pelo Bispo Hanna e datado de 9 de mar\u00e7o de 2025, afirma: &#8220;N\u00f3s nos unimos \u00e0 voz de todas as pessoas honestas e patriotas neste pa\u00eds, enfatizando nossa rejei\u00e7\u00e3o a todas as formas de viol\u00eancia, vingan\u00e7a e retalia\u00e7\u00e3o baseadas em motivos sect\u00e1rios e religiosos. Apelamos \u00e0s autoridades do pa\u00eds para que ponham fim rapidamente a esses ataques, que s\u00e3o inconsistentes com todos os valores humanos, morais e religiosos&#8221;.<\/span><span style=\"font-size: 11.0pt; font-family: 'Arial','sans-serif';\">\u00a0<\/span><\/p>\n<p style=\"text-align: justify;\"><span style=\"font-size: 11.0pt; font-family: 'Arial','sans-serif';\">A declara\u00e7\u00e3o tamb\u00e9m menciona a promessa do presidente Ahmed Al-Sharaa de responsabilizar aqueles que atacam civis e implementar &#8220;as transi\u00e7\u00f5es necess\u00e1rias para levar o pa\u00eds \u00e0 seguran\u00e7a&#8221;. Al\u00e9m disso, reitera o compromisso com a unidade territorial da S\u00edria e rejeita qualquer tentativa de dividir o pa\u00eds.<\/span><span style=\"font-size: 11.0pt; font-family: 'Arial','sans-serif';\">\u00a0<\/span><\/p>\n<p style=\"text-align: justify;\"><span style=\"font-size: 11.0pt; font-family: 'Arial','sans-serif';\">Em sua homilia do Domingo da Ortodoxia, proferida em 9 de mar\u00e7o de 2025, na Catedral Mariamita de Damasco, o Patriarca Jo\u00e3o X tamb\u00e9m abordou a viol\u00eancia na regi\u00e3o costeira e fez um apelo urgente ao presidente Al-Sharaa: &#8220;Os tr\u00e1gicos eventos que se desenrolam na regi\u00e3o costeira da S\u00edria custaram a vida de muitos civis e pessoal de seguran\u00e7a p\u00fablica, deixando muitos outros feridos. No entanto, a maioria das v\u00edtimas n\u00e3o era afiliada a nenhuma fac\u00e7\u00e3o militante; em vez disso, eram civis inocentes e desarmados, incluindo mulheres e crian\u00e7as. As santidades e dignidades do povo foram violadas, e os slogans e c\u00e2nticos usados est\u00e3o espalhando a divis\u00e3o, alimentando o sectarismo e minando a paz civil.<\/span><span style=\"font-size: 11.0pt; font-family: 'Arial','sans-serif';\">\u00a0<\/span><\/p>\n<p style=\"text-align: justify;\"><span style=\"font-size: 11.0pt; font-family: 'Arial','sans-serif';\">Ele fez refer\u00eancia aos saques e \u00e0 viol\u00eancia em Banias, no bairro de Al-Qusour, onde &#8220;os moradores foram for\u00e7ados a deixar suas casas apenas para serem executados e, em seguida, seus pertences foram roubados&#8221;.<\/span><span style=\"font-size: 11.0pt; font-family: 'Arial','sans-serif';\">\u00a0<\/span><\/p>\n<p style=\"text-align: justify;\"><span style=\"font-size: 11.0pt; font-family: 'Arial','sans-serif';\">Ele tamb\u00e9m denunciou a profana\u00e7\u00e3o de s\u00edmbolos religiosos, declarando: &#8220;O \u00edcone da Virgem Maria foi esmagado, pisoteado e profanado. Ela \u00e9 a Virgem Maria, a quem todos os mu\u00e7ulmanos honram ao nosso lado, e a quem o Alcor\u00e3o Sagrado dedicou um cap\u00edtulo inteiro \u2013 \u00a0Surata Maryam \u2013 afirmando que Deus a escolheu e a tornou a mais honrada entre todas as mulheres do mundo.&#8221;<\/span><span style=\"font-size: 11.0pt; font-family: 'Arial','sans-serif';\">\u00a0<\/span><\/p>\n<p style=\"text-align: justify;\"><span style=\"font-size: 11.0pt; font-family: 'Arial','sans-serif';\">Dirigindo-se ao presidente Al-Sharaa, o Patriarca pediu a restaura\u00e7\u00e3o da seguran\u00e7a e estabilidade para todos os s\u00edrios sem distin\u00e7\u00e3o, reafirmando sua rejei\u00e7\u00e3o ao sectarismo e pedindo unidade nacional e coexist\u00eancia pac\u00edfica.<\/span><span style=\"font-size: 11.0pt; font-family: 'Arial','sans-serif';\">\u00a0<\/span><\/p>\n<p style=\"text-align: justify;\"><span style=\"font-size: 11.0pt; font-family: 'Arial','sans-serif';\">Al\u00e9m dessa crise, a comunidade crist\u00e3, juntamente com o restante da popula\u00e7\u00e3o da S\u00edria, enfrenta uma incerteza crescente ap\u00f3s a tomada do poder pelo Hay&#8217;at Tahrir al-Sham (HTS), que intensificou ainda mais sua vulnerabilidade em v\u00e1rias regi\u00f5es do pa\u00eds.<\/span><span style=\"font-size: 11.0pt; font-family: 'Arial','sans-serif';\">\u00a0<\/span><\/p>\n<p style=\"text-align: justify;\"><span style=\"font-size: 11.0pt; font-family: 'Arial','sans-serif';\">\u00c0 luz dessa trag\u00e9dia, Regina Lynch, presidente executiva da ACN Internacional, fez um chamado \u00e0 ora\u00e7\u00e3o: &#8220;Nestes momentos de dor e sofrimento, recorremos \u00e0 \u00fanica fonte verdadeira de paz: a ora\u00e7\u00e3o. Pedimos a todos os fi\u00e9is que levantem a voz ao Senhor, confiando em Seu amor e poder para levar conforto \u00e0queles que mais precisam. Que Nossa Senhora da S\u00edria proteja o povo deste pa\u00eds, que sofreu muitas feridas na \u00faltima d\u00e9cada. Agora, mais do que nunca, devemos orar por sua cura e futuro. Que a f\u00e9 nos mantenha unidos e que a esperan\u00e7a em Cristo ilumine esta na\u00e7\u00e3o sofredora&#8221;.<\/span><\/p>\n","protected":false},"excerpt":{"rendered":"<p>A ACN &#8211; Ajuda \u00e0 Igreja que Sofre expressa profunda preocupa\u00e7\u00e3o com a escalada da viol\u00eancia na S\u00edria, particularmente na regi\u00e3o costeira, onde centenas de civis foram v\u00edtimas de ataques indiscriminados. A situa\u00e7\u00e3o criou uma atmosfera de medo e incerteza, tamb\u00e9m para as comunidades crist\u00e3s, que j\u00e1 sofreram muito na \u00faltima d\u00e9cada A ACN &#8211; [&hellip;]<\/p>\n","protected":false},"author":1,"featured_media":67995,"comment_status":"open","ping_status":"closed","sticky":false,"template":"","format":"standard","meta":{"footnotes":""},"categories":[4],"tags":[],"class_list":["post-93562","post","type-post","status-publish","format-standard","has-post-thumbnail","hentry","category-cotidiano"],"_links":{"self":[{"href":"https:\/\/catolicanet.net\/wp-cnet\/wp-json\/wp\/v2\/posts\/93562","targetHints":{"allow":["GET"]}}],"collection":[{"href":"https:\/\/catolicanet.net\/wp-cnet\/wp-json\/wp\/v2\/posts"}],"about":[{"href":"https:\/\/catolicanet.net\/wp-cnet\/wp-json\/wp\/v2\/types\/post"}],"author":[{"embeddable":true,"href":"https:\/\/catolicanet.net\/wp-cnet\/wp-json\/wp\/v2\/users\/1"}],"replies":[{"embeddable":true,"href":"https:\/\/catolicanet.net\/wp-cnet\/wp-json\/wp\/v2\/comments?post=93562"}],"version-history":[{"count":1,"href":"https:\/\/catolicanet.net\/wp-cnet\/wp-json\/wp\/v2\/posts\/93562\/revisions"}],"predecessor-version":[{"id":93564,"href":"https:\/\/catolicanet.net\/wp-cnet\/wp-json\/wp\/v2\/posts\/93562\/revisions\/93564"}],"wp:featuredmedia":[{"embeddable":true,"href":"https:\/\/catolicanet.net\/wp-cnet\/wp-json\/wp\/v2\/media\/67995"}],"wp:attachment":[{"href":"https:\/\/catolicanet.net\/wp-cnet\/wp-json\/wp\/v2\/media?parent=93562"}],"wp:term":[{"taxonomy":"category","embeddable":true,"href":"https:\/\/catolicanet.net\/wp-cnet\/wp-json\/wp\/v2\/categories?post=93562"},{"taxonomy":"post_tag","embeddable":true,"href":"https:\/\/catolicanet.net\/wp-cnet\/wp-json\/wp\/v2\/tags?post=93562"}],"curies":[{"name":"wp","href":"https:\/\/api.w.org\/{rel}","templated":true}]}}