{"id":93540,"date":"2025-03-13T09:53:55","date_gmt":"2025-03-13T12:53:55","guid":{"rendered":"https:\/\/catolicanet.net\/wp-cnet\/?p=93540"},"modified":"2025-03-13T13:55:06","modified_gmt":"2025-03-13T16:55:06","slug":"comissao-da-cnbb-abre-inscricoes-para-encontro-nacional-de-postuladores-das-causas-de-santos-no-brasil","status":"publish","type":"post","link":"https:\/\/catolicanet.net\/wp-cnet\/comissao-da-cnbb-abre-inscricoes-para-encontro-nacional-de-postuladores-das-causas-de-santos-no-brasil\/","title":{"rendered":"Comiss\u00e3o da CNBB abre inscri\u00e7\u00f5es para Encontro Nacional de Postuladores das Causas de Santos no Brasil"},"content":{"rendered":"<p style=\"text-align: justify;\">A Confer\u00eancia Nacional dos Bispos do Brasil (CNBB), por meio de sua Comiss\u00e3o Especial para a Causa dos Santos, abre as inscri\u00e7\u00f5es para o Encontro Nacional de Postuladores que cuidam das Causas dos Santos no Brasil, na Casa dom Luciano Mendes, em Bras\u00edlia (DF), de 14 a 17 de julho de 2025.<\/p>\n<p style=\"text-align: justify;\">O objetivo principal desse encontro ser\u00e1 partilhar os caminhos realizados e os desafios enfrentados no processo das causas existentes nas dioceses do Brasil, e oferecer uma reflex\u00e3o para a realiza\u00e7\u00e3o de inqu\u00e9ritos diocesanos \u00e0 luz do Magist\u00e9rio do Papa Francisco. Atualmente, no Brasil, existem mais de 130 causas em andamento entre bem-aventurados, vener\u00e1veis e servos de Deus.<\/p>\n<blockquote><p><em>O arcebispo de Pouso Alegre (MG) e presidente da Comiss\u00e3o, dom Jos\u00e9 Luiz Majella, refor\u00e7a que \u201co encontro ser\u00e1 uma bonita ocasi\u00e3o para a partilha e a reflex\u00e3o das diferentes realidades da Igreja no Brasil\u201d.<\/em><\/p><\/blockquote>\n<p style=\"text-align: justify;\">Dom Jos\u00e9 Luiz pontua ainda que o Papa Francisco tem encorajado a todos a cultivar um relacionamento cont\u00ednuo e \u00edntimo com aqueles que podem ser considerados, com raz\u00e3o, \u201cnossos amigos, companheiros de estrada, que nos ajudam a realizar plenamente a nossa voca\u00e7\u00e3o batismal e nos mostram a face mais bela da Igreja, que \u00e9 santa e \u00e9 a m\u00e3e dos Santos\u201d.<\/p>\n<h3 style=\"text-align: justify;\">Programa\u00e7\u00e3o e presen\u00e7as confirmadas<\/h3>\n<p style=\"text-align: justify;\">Est\u00e1 confirmada a presen\u00e7a do c\u00f4nego Ant\u00f4nio Saldanha Albuquerque, oficial do Dicast\u00e9rio para a Causa dos Santos, que possui ampla experi\u00eancia no campo das postula\u00e7\u00f5es.<\/p>\n<p style=\"text-align: justify;\">O monge benedito, dom Anselmo Chagas de Paiva, ser\u00e1 o pregador do retiro espiritual. Ele \u00e9 o autor da inspiradora obra:\u00a0<em>\u201cOs caminhos para a santidade: a realiza\u00e7\u00e3o de inqu\u00e9ritos diocesanos na Causa dos Santos\u201d.<\/em><\/p>\n<h3 style=\"text-align: justify;\">Valores da Casa dom Luciano<\/h3>\n<p style=\"text-align: justify;\">A inscri\u00e7\u00e3o do encontro ficar\u00e1 em R$ 300,00. O valor da hospedagem, sendo tr\u00eas di\u00e1rias, com vagas limitadas na Casa dom Luciano, ficar\u00e1 um total de R$ 720,00, sendo a di\u00e1ria R$240,00. Os interessados tamb\u00e9m podem se hospedar em hot\u00e9is pr\u00f3ximos \u00e0 casa onde o encontro vai acontecer.<\/p>\n<p style=\"text-align: justify;\">Para mais esclarecimentos, \u00e9 necess\u00e1rio entrar em contato com o frei Luis Felipe Marques, o assessor da Comiss\u00e3o de Liturgia e da Comiss\u00e3o para a Causa dos Santos, no e-mail: liturgia@cnbb.org.br.<\/p>\n<h3 style=\"text-align: justify;\">Sobre a Comiss\u00e3o<\/h3>\n<p style=\"text-align: justify;\">Criada em 2016, a Comiss\u00e3o Especial para a Causa dos Santos conta com a participa\u00e7\u00e3o dos seguintes membros: o arcebispo de Pouso Alegre (MG), dom Jos\u00e9 Luiz Majella (presidente), o bispo de Crato (CE), dom Magnus Henrique, o bispo auxiliar de Belo Horizonte (MG), dom J\u00falio C\u00e9sar Gomes\u00a0 e o assessor frei Luis Felipe.<\/p>\n<p style=\"text-align: justify;\"><strong>Fa\u00e7a a sua inscri\u00e7\u00e3o:<br \/>\n<\/strong>Link para as inscri\u00e7\u00f5es: (<a href=\"https:\/\/app.ciaticket.com.br\/e\/ENCONTROPOSTULADORES\" target=\"_blank\" rel=\"noopener\"><strong>Aqui<\/strong><\/a>)<\/p>\n<pre>Por Willian Bonfim<\/pre>\n","protected":false},"excerpt":{"rendered":"<p>A Confer\u00eancia Nacional dos Bispos do Brasil (CNBB), por meio de sua Comiss\u00e3o Especial para a Causa dos Santos, abre as inscri\u00e7\u00f5es para o Encontro Nacional de Postuladores que cuidam das Causas dos Santos no Brasil, na Casa dom Luciano Mendes, em Bras\u00edlia (DF), de 14 a 17 de julho de 2025. O objetivo principal [&hellip;]<\/p>\n","protected":false},"author":1,"featured_media":93541,"comment_status":"open","ping_status":"closed","sticky":false,"template":"","format":"standard","meta":{"footnotes":""},"categories":[7],"tags":[],"class_list":["post-93540","post","type-post","status-publish","format-standard","has-post-thumbnail","hentry","category-cnbb"],"_links":{"self":[{"href":"https:\/\/catolicanet.net\/wp-cnet\/wp-json\/wp\/v2\/posts\/93540","targetHints":{"allow":["GET"]}}],"collection":[{"href":"https:\/\/catolicanet.net\/wp-cnet\/wp-json\/wp\/v2\/posts"}],"about":[{"href":"https:\/\/catolicanet.net\/wp-cnet\/wp-json\/wp\/v2\/types\/post"}],"author":[{"embeddable":true,"href":"https:\/\/catolicanet.net\/wp-cnet\/wp-json\/wp\/v2\/users\/1"}],"replies":[{"embeddable":true,"href":"https:\/\/catolicanet.net\/wp-cnet\/wp-json\/wp\/v2\/comments?post=93540"}],"version-history":[{"count":1,"href":"https:\/\/catolicanet.net\/wp-cnet\/wp-json\/wp\/v2\/posts\/93540\/revisions"}],"predecessor-version":[{"id":93543,"href":"https:\/\/catolicanet.net\/wp-cnet\/wp-json\/wp\/v2\/posts\/93540\/revisions\/93543"}],"wp:featuredmedia":[{"embeddable":true,"href":"https:\/\/catolicanet.net\/wp-cnet\/wp-json\/wp\/v2\/media\/93541"}],"wp:attachment":[{"href":"https:\/\/catolicanet.net\/wp-cnet\/wp-json\/wp\/v2\/media?parent=93540"}],"wp:term":[{"taxonomy":"category","embeddable":true,"href":"https:\/\/catolicanet.net\/wp-cnet\/wp-json\/wp\/v2\/categories?post=93540"},{"taxonomy":"post_tag","embeddable":true,"href":"https:\/\/catolicanet.net\/wp-cnet\/wp-json\/wp\/v2\/tags?post=93540"}],"curies":[{"name":"wp","href":"https:\/\/api.w.org\/{rel}","templated":true}]}}