{"id":93504,"date":"2025-03-09T09:10:21","date_gmt":"2025-03-09T12:10:21","guid":{"rendered":"https:\/\/catolicanet.net\/wp-cnet\/?p=93504"},"modified":"2025-03-11T14:11:07","modified_gmt":"2025-03-11T17:11:07","slug":"catequese-da-quaresma-jejum-e-abstinencia-de-carne","status":"publish","type":"post","link":"https:\/\/catolicanet.net\/wp-cnet\/catequese-da-quaresma-jejum-e-abstinencia-de-carne\/","title":{"rendered":"Catequese da Quaresma: Jejum e Abstin\u00eancia de Carne."},"content":{"rendered":"<p style=\"text-align: justify;\">A Quaresma \u00e9 um tempo de reflex\u00e3o e prepara\u00e7\u00e3o para a P\u00e1scoa, que nos convida a uma maior proximidade com Deus por meio da ora\u00e7\u00e3o, do jejum e da caridade. O jejum e a abstin\u00eancia de carne s\u00e3o pr\u00e1ticas espirituais que nos ajudam a viver esse tempo de convers\u00e3o de forma mais intensa, levando-nos a uma experi\u00eancia mais profunda de arrependimento e renova\u00e7\u00e3o.<\/p>\n<p style=\"text-align: justify;\">O jejum, na tradi\u00e7\u00e3o crist\u00e3, n\u00e3o \u00e9 uma simples pr\u00e1tica de restri\u00e7\u00e3o de alimentos, mas um exerc\u00edcio espiritual de disciplina. Ele nos ajuda a controlar nossos desejos e a focar nas necessidades mais profundas da nossa alma. O jejum n\u00e3o \u00e9 apenas sobre a priva\u00e7\u00e3o de alimentos, mas tamb\u00e9m sobre a busca por uma intimidade maior com Deus. Ao nos abstermos de certos alimentos, estamos lembrando que a nossa verdadeira vida vem de Deus e que n\u00e3o devemos viver apenas de p\u00e3o, mas de toda palavra que sai de Sua boca (Mateus 4,4).<\/p>\n<p style=\"text-align: justify;\">A abstin\u00eancia de carne, especialmente nas sextas-feiras durante a Quaresma, \u00e9 uma pr\u00e1tica tradicional que remonta \u00e0 Igreja primitiva. Para os crist\u00e3os, a carne representa um alimento forte e, ao nos abster dela, buscamos lembrar do sacrif\u00edcio de Cristo na Cruz. A carne, como alimento farto, simboliza o conforto e a abund\u00e2ncia, e ao nos abstermos dela, manifestamos nosso desejo de renunciar aos excessos e focar na simplicidade e humildade, como Jesus fez.<\/p>\n<p style=\"text-align: justify;\">Al\u00e9m disso, a abstin\u00eancia de carne tamb\u00e9m nos ajuda a cultivar a solidariedade com os mais necessitados. Quando escolhemos uma alimenta\u00e7\u00e3o mais simples, podemos dedicar aquilo que economizamos a obras de caridade e ajuda aos irm\u00e3os que vivem em situa\u00e7\u00f5es de vulnerabilidade.<\/p>\n<p style=\"text-align: justify;\">O jejum e a abstin\u00eancia de carne s\u00e3o meios para nos aproximarmos mais de Deus e para vivermos um tempo de verdadeira convers\u00e3o. Eles n\u00e3o devem ser vistos como um fim em si mesmos, mas como ferramentas para a purifica\u00e7\u00e3o do cora\u00e7\u00e3o e para a abertura \u00e0 a\u00e7\u00e3o de Deus em nossas vidas. O jejum nos ajuda a descobrir onde est\u00e3o nossas depend\u00eancias e a trabalhar para super\u00e1-las. A abstin\u00eancia de carne, por sua vez, nos convida a redescobrir o valor da modera\u00e7\u00e3o e da gratid\u00e3o.<\/p>\n<p style=\"text-align: justify;\">O Evangelho de Mateus nos ensina que o jejum deve ser feito de maneira discreta e sem ostenta\u00e7\u00e3o (Mateus 6,16-18). O jejum n\u00e3o \u00e9 para impressionar os outros, mas para fortalecer nossa rela\u00e7\u00e3o com Deus. A verdadeira convers\u00e3o n\u00e3o acontece no exterior, mas no cora\u00e7\u00e3o. Jesus nos chama a viver a Quaresma com sinceridade, buscando a purifica\u00e7\u00e3o interior.<\/p>\n<p style=\"text-align: justify;\">Al\u00e9m da abstin\u00eancia de carne nas sextas-feiras, \u00e9 poss\u00edvel praticar outras formas de jejum que ajudam no crescimento espiritual. O jejum de alimentos n\u00e3o essenciais, como doces, bebidas alco\u00f3licas ou produtos de consumo excessivo, tamb\u00e9m \u00e9 uma forma de renunciar ao que nos prende a este mundo e de focar em nosso relacionamento com Deus.<\/p>\n<p style=\"text-align: justify;\">Al\u00e9m disso, o jejum pode ser praticado de outras maneiras, como a absten\u00e7\u00e3o de comportamentos ego\u00edstas, o jejum de palavras impensadas ou a absten\u00e7\u00e3o do excesso de entretenimento e distra\u00e7\u00f5es.<\/p>\n<p style=\"text-align: justify;\">Por fim, o jejum e a abstin\u00eancia n\u00e3o s\u00e3o apenas atos de priva\u00e7\u00e3o, mas tamb\u00e9m de liberta\u00e7\u00e3o. Eles nos libertam das amarras do ego\u00edsmo, da avareza e do apego excessivo aos bens materiais. Eles nos convidam a viver a miseric\u00f3rdia de Deus, que se entregou por n\u00f3s, e a sermos generosos, compartilhando o que temos com aqueles que mais necessitam.<\/p>\n<p style=\"text-align: justify;\">A Quaresma \u00e9 um tempo em que somos chamados a viver a convers\u00e3o de forma mais profunda, atrav\u00e9s do jejum e da abstin\u00eancia. Essas pr\u00e1ticas nos ajudam a fortalecer nossa f\u00e9, a viver em maior solidariedade com os outros e a nos aproximar mais de Deus. Que durante este tempo de prepara\u00e7\u00e3o para a P\u00e1scoa, possamos viver com mais intensidade o convite do Senhor, buscando a convers\u00e3o do nosso cora\u00e7\u00e3o e a verdadeira transforma\u00e7\u00e3o em Cristo.<\/p>\n<p style=\"text-align: justify;\">Que o jejum e a abstin\u00eancia de carne, mais do que um sacrif\u00edcio externo, se tornem uma express\u00e3o de nossa dedica\u00e7\u00e3o a Deus e de nosso desejo de viver conforme os ensinamentos de Cristo.<\/p>\n","protected":false},"excerpt":{"rendered":"<p>A Quaresma \u00e9 um tempo de reflex\u00e3o e prepara\u00e7\u00e3o para a P\u00e1scoa, que nos convida a uma maior proximidade com Deus por meio da ora\u00e7\u00e3o, do jejum e da caridade. O jejum e a abstin\u00eancia de carne s\u00e3o pr\u00e1ticas espirituais que nos ajudam a viver esse tempo de convers\u00e3o de forma mais intensa, levando-nos a [&hellip;]<\/p>\n","protected":false},"author":53272,"featured_media":92837,"comment_status":"open","ping_status":"closed","sticky":false,"template":"","format":"standard","meta":{"footnotes":""},"categories":[9],"tags":[],"class_list":["post-93504","post","type-post","status-publish","format-standard","has-post-thumbnail","hentry","category-artigos"],"_links":{"self":[{"href":"https:\/\/catolicanet.net\/wp-cnet\/wp-json\/wp\/v2\/posts\/93504","targetHints":{"allow":["GET"]}}],"collection":[{"href":"https:\/\/catolicanet.net\/wp-cnet\/wp-json\/wp\/v2\/posts"}],"about":[{"href":"https:\/\/catolicanet.net\/wp-cnet\/wp-json\/wp\/v2\/types\/post"}],"author":[{"embeddable":true,"href":"https:\/\/catolicanet.net\/wp-cnet\/wp-json\/wp\/v2\/users\/53272"}],"replies":[{"embeddable":true,"href":"https:\/\/catolicanet.net\/wp-cnet\/wp-json\/wp\/v2\/comments?post=93504"}],"version-history":[{"count":1,"href":"https:\/\/catolicanet.net\/wp-cnet\/wp-json\/wp\/v2\/posts\/93504\/revisions"}],"predecessor-version":[{"id":93506,"href":"https:\/\/catolicanet.net\/wp-cnet\/wp-json\/wp\/v2\/posts\/93504\/revisions\/93506"}],"wp:featuredmedia":[{"embeddable":true,"href":"https:\/\/catolicanet.net\/wp-cnet\/wp-json\/wp\/v2\/media\/92837"}],"wp:attachment":[{"href":"https:\/\/catolicanet.net\/wp-cnet\/wp-json\/wp\/v2\/media?parent=93504"}],"wp:term":[{"taxonomy":"category","embeddable":true,"href":"https:\/\/catolicanet.net\/wp-cnet\/wp-json\/wp\/v2\/categories?post=93504"},{"taxonomy":"post_tag","embeddable":true,"href":"https:\/\/catolicanet.net\/wp-cnet\/wp-json\/wp\/v2\/tags?post=93504"}],"curies":[{"name":"wp","href":"https:\/\/api.w.org\/{rel}","templated":true}]}}