{"id":93501,"date":"2025-03-10T09:09:19","date_gmt":"2025-03-10T12:09:19","guid":{"rendered":"https:\/\/catolicanet.net\/wp-cnet\/?p=93501"},"modified":"2025-03-11T14:10:07","modified_gmt":"2025-03-11T17:10:07","slug":"confissao-na-quaresma-ne-39","status":"publish","type":"post","link":"https:\/\/catolicanet.net\/wp-cnet\/confissao-na-quaresma-ne-39\/","title":{"rendered":"Confiss\u00e3o na Quaresma (Ne 3,9)"},"content":{"rendered":"<p style=\"text-align: justify;\">\u00a0Admitir que falhamos, \u00e9 reconhecer que somos pecadores. Se somos pecadores, temos pecados, se os temos, devemos reconhec\u00ea-los e pedir perd\u00e3o. Podemos faz\u00ea-lo, orando, como tamb\u00e9m sacramentalmente. Na quaresma, de modo especial, pois, meditando sobre os sofrimentos de Cristo contatamos que os respons\u00e1veis de tudo isso somos n\u00f3s, enquanto pecadores. Por isso, a Igreja, apresenta a confiss\u00e3o quaresmal, como um meio muito oportuno e recomendado. Diariamente falhamos ent\u00e3o tamb\u00e9m diariamente cabe pedir perd\u00e3o. O orgulho ou a soberba s\u00e3o grandes inimigos da perfei\u00e7\u00e3o. Logo cabe combat\u00ea-lo e venc\u00ea-los. Realizar a via sacra \u00e9 outro grande meio de reconhecermos, nossa situa\u00e7\u00e3o existencial e aprofundar o esp\u00edrito do arrependimento.<\/p>\n<p style=\"text-align: justify;\">\u00a0Aben\u00e7oada Quaresma a todos!<\/p>\n<p>&nbsp;<\/p>\n","protected":false},"excerpt":{"rendered":"<p>\u00a0Admitir que falhamos, \u00e9 reconhecer que somos pecadores. Se somos pecadores, temos pecados, se os temos, devemos reconhec\u00ea-los e pedir perd\u00e3o. Podemos faz\u00ea-lo, orando, como tamb\u00e9m sacramentalmente. Na quaresma, de modo especial, pois, meditando sobre os sofrimentos de Cristo contatamos que os respons\u00e1veis de tudo isso somos n\u00f3s, enquanto pecadores. Por isso, a Igreja, apresenta [&hellip;]<\/p>\n","protected":false},"author":119,"featured_media":77698,"comment_status":"open","ping_status":"closed","sticky":false,"template":"","format":"standard","meta":{"footnotes":""},"categories":[9],"tags":[],"class_list":["post-93501","post","type-post","status-publish","format-standard","has-post-thumbnail","hentry","category-artigos"],"_links":{"self":[{"href":"https:\/\/catolicanet.net\/wp-cnet\/wp-json\/wp\/v2\/posts\/93501","targetHints":{"allow":["GET"]}}],"collection":[{"href":"https:\/\/catolicanet.net\/wp-cnet\/wp-json\/wp\/v2\/posts"}],"about":[{"href":"https:\/\/catolicanet.net\/wp-cnet\/wp-json\/wp\/v2\/types\/post"}],"author":[{"embeddable":true,"href":"https:\/\/catolicanet.net\/wp-cnet\/wp-json\/wp\/v2\/users\/119"}],"replies":[{"embeddable":true,"href":"https:\/\/catolicanet.net\/wp-cnet\/wp-json\/wp\/v2\/comments?post=93501"}],"version-history":[{"count":1,"href":"https:\/\/catolicanet.net\/wp-cnet\/wp-json\/wp\/v2\/posts\/93501\/revisions"}],"predecessor-version":[{"id":93503,"href":"https:\/\/catolicanet.net\/wp-cnet\/wp-json\/wp\/v2\/posts\/93501\/revisions\/93503"}],"wp:featuredmedia":[{"embeddable":true,"href":"https:\/\/catolicanet.net\/wp-cnet\/wp-json\/wp\/v2\/media\/77698"}],"wp:attachment":[{"href":"https:\/\/catolicanet.net\/wp-cnet\/wp-json\/wp\/v2\/media?parent=93501"}],"wp:term":[{"taxonomy":"category","embeddable":true,"href":"https:\/\/catolicanet.net\/wp-cnet\/wp-json\/wp\/v2\/categories?post=93501"},{"taxonomy":"post_tag","embeddable":true,"href":"https:\/\/catolicanet.net\/wp-cnet\/wp-json\/wp\/v2\/tags?post=93501"}],"curies":[{"name":"wp","href":"https:\/\/api.w.org\/{rel}","templated":true}]}}