{"id":93466,"date":"2025-03-11T09:39:52","date_gmt":"2025-03-11T12:39:52","guid":{"rendered":"https:\/\/catolicanet.net\/wp-cnet\/?p=93466"},"modified":"2025-03-11T13:41:05","modified_gmt":"2025-03-11T16:41:05","slug":"um-certo-galileu-de-padre-zezinho-ganha-nova-versao","status":"publish","type":"post","link":"https:\/\/catolicanet.net\/wp-cnet\/um-certo-galileu-de-padre-zezinho-ganha-nova-versao\/","title":{"rendered":"\u201cUm Certo Galileu\u201d de Padre Zezinho ganha nova vers\u00e3o"},"content":{"rendered":"<p style=\"text-align: justify;\"><span class=\"SubHeading_subheading__NJ_eJ\" aria-label=\"post subtitle\">\u201cUm Certo Galileu\u201d comemora 50 anos e ganha nova vers\u00e3o com diversos cantores cat\u00f3licos<\/span><\/p>\n<div style=\"text-align: justify;\">Um grande encontro reuniu mais de 20 artistas da m\u00fasica cat\u00f3lica para gravar a can\u00e7\u00e3o e o clipe comemorativos dos 50 anos da m\u00fasica, que \u00e9 sucesso de todos os tempos. O ilustre catequista, Padre Zezinho, atrav\u00e9s da m\u00fasica relata que essa composi\u00e7\u00e3o \u00e9 fruto do Conc\u00edlio Vaticano II: \u201cCerta vez, eu ouvi de um bispo: \u2018voc\u00ea canta o Conc\u00edlio\u2019. Esta foi, realmente, uma decis\u00e3o que tomei em 1966, quando tamb\u00e9m me encantei com o documento <em>Gaudium et spes<\/em>\u00a0porque a minha vida estava ali\u201d. O jovem sacerdote assumiu, portanto, em seu trabalho a constitui\u00e7\u00e3o pastoral do conc\u00edlio ecum\u00eanico, al\u00e9m de outros documentos, como seu programa de miss\u00e3o e minist\u00e9rio.<\/div>\n<div class=\"\" style=\"text-align: justify;\">\n<p>O esp\u00edrito daquele tempo o impeliu a escrever \u201cUm Certo Galileu\u201d a sentir as dores do povo em tantas viagens mundo afora e a reafirmar: \u201cEu vou cantar o Conc\u00edlio Vaticano II! E a proposta da Igreja, naquele momento, era o di\u00e1logo e a atualiza\u00e7\u00e3o da Teologia, da sociologia e da comunica\u00e7\u00e3o da Igreja\u201d. N\u00e3o restou d\u00favida e disse para si mesmo: \u201cIsso \u00e9 comigo mesmo!\u201d<\/p>\n<\/div>\n<h2 class=\"Heading_heading__PlVsb\" style=\"text-align: justify;\">Um dia Ele voltar\u00e1<\/h2>\n<div class=\"\" style=\"text-align: justify;\">\n<p><strong>Originalmente lan\u00e7ada em 1975<\/strong>\u00a0no \u00e1lbum hom\u00f4nimo, a m\u00fasica \u00e9 uma catequese completa da vida, morte e ressurrei\u00e7\u00e3o de Jesus. Mas nem sempre foi assim. A famosa quinta estrofe , que fala da ressurei\u00e7\u00e3o de Jesus, s\u00f3 ganhou voz em 2011. Mais uma vez, a opini\u00e3o da Igreja norteou o padre cantor, conforme relata: \u201cDepois de quase 40 anos cantando Um Certo Galileu, alguns bispos, em especial o ent\u00e3o Arcebispo de Salvador, Dom Geraldo Majella Agnelo, alertaram que faltava a Ressurrei\u00e7\u00e3o de Cristo na letra. Os prelados at\u00e9 brincaram: \u2018Voc\u00ea deixou Jesus morrer!\u2019\u201d. Surgiu assim a \u00faltima estrofe que com a letra e a m\u00fasica aborda a ressurei\u00e7\u00e3o.<\/p>\n<\/div>\n<h2 class=\"Heading_heading__PlVsb\" style=\"text-align: justify;\">Os escolhidos<\/h2>\n<div class=\"\" style=\"text-align: justify;\">\n<p>Foi nas margens do Mar da Galileia que Cristo chamou os disc\u00edpulos a se tornarem pescadores de homens, segundo os Evangelhos. A participa\u00e7\u00e3o dos artistas da gravadora na nova vers\u00e3o dessa can\u00e7\u00e3o expressa esse chamado e a atualiza\u00e7\u00e3o que a Igreja busca sempre viver, conforme destacou o compositor.<\/p>\n<\/div>\n<div class=\"\">\n<p style=\"text-align: justify;\">Na grava\u00e7\u00e3o especial participam dois padres cantores, 13 cantores e cantoras, e quatro grupos. Sob a reg\u00eancia do maestro Luiz Karam e a dire\u00e7\u00e3o de voz de Karla Fioravante, a nova vers\u00e3o foi gravada com as notas de uma emocionante orquestra para marcar tamb\u00e9m os 65 anos da gravadora Paulinas-Comep. Lan\u00e7ada em 6 de mar\u00e7o, a vers\u00e3o comemorativa de \u201cUm Certo Galileu\u201d est\u00e1 dispon\u00edvel nas plataformas digitais de\u00a0<a title=\"Paulinas-COMEP\" href=\"https:\/\/bfan.link\/um-certo-galileu-50\" target=\"_blank\" rel=\"noopener\">Paulinas-COMEP<\/a>.<\/p>\n<\/div>\n","protected":false},"excerpt":{"rendered":"<p>\u201cUm Certo Galileu\u201d comemora 50 anos e ganha nova vers\u00e3o com diversos cantores cat\u00f3licos Um grande encontro reuniu mais de 20 artistas da m\u00fasica cat\u00f3lica para gravar a can\u00e7\u00e3o e o clipe comemorativos dos 50 anos da m\u00fasica, que \u00e9 sucesso de todos os tempos. O ilustre catequista, Padre Zezinho, atrav\u00e9s da m\u00fasica relata que [&hellip;]<\/p>\n","protected":false},"author":1,"featured_media":93467,"comment_status":"open","ping_status":"closed","sticky":false,"template":"","format":"standard","meta":{"footnotes":""},"categories":[4],"tags":[],"class_list":["post-93466","post","type-post","status-publish","format-standard","has-post-thumbnail","hentry","category-cotidiano"],"_links":{"self":[{"href":"https:\/\/catolicanet.net\/wp-cnet\/wp-json\/wp\/v2\/posts\/93466","targetHints":{"allow":["GET"]}}],"collection":[{"href":"https:\/\/catolicanet.net\/wp-cnet\/wp-json\/wp\/v2\/posts"}],"about":[{"href":"https:\/\/catolicanet.net\/wp-cnet\/wp-json\/wp\/v2\/types\/post"}],"author":[{"embeddable":true,"href":"https:\/\/catolicanet.net\/wp-cnet\/wp-json\/wp\/v2\/users\/1"}],"replies":[{"embeddable":true,"href":"https:\/\/catolicanet.net\/wp-cnet\/wp-json\/wp\/v2\/comments?post=93466"}],"version-history":[{"count":1,"href":"https:\/\/catolicanet.net\/wp-cnet\/wp-json\/wp\/v2\/posts\/93466\/revisions"}],"predecessor-version":[{"id":93469,"href":"https:\/\/catolicanet.net\/wp-cnet\/wp-json\/wp\/v2\/posts\/93466\/revisions\/93469"}],"wp:featuredmedia":[{"embeddable":true,"href":"https:\/\/catolicanet.net\/wp-cnet\/wp-json\/wp\/v2\/media\/93467"}],"wp:attachment":[{"href":"https:\/\/catolicanet.net\/wp-cnet\/wp-json\/wp\/v2\/media?parent=93466"}],"wp:term":[{"taxonomy":"category","embeddable":true,"href":"https:\/\/catolicanet.net\/wp-cnet\/wp-json\/wp\/v2\/categories?post=93466"},{"taxonomy":"post_tag","embeddable":true,"href":"https:\/\/catolicanet.net\/wp-cnet\/wp-json\/wp\/v2\/tags?post=93466"}],"curies":[{"name":"wp","href":"https:\/\/api.w.org\/{rel}","templated":true}]}}